{"id":30971,"date":"2023-02-10T11:14:20","date_gmt":"2023-02-10T14:14:20","guid":{"rendered":"https:\/\/www.ilheusnoticias.net.br\/v1\/?p=30971"},"modified":"2023-02-10T11:14:20","modified_gmt":"2023-02-10T14:14:20","slug":"policia-federal-prende-paraguaio-suspeito-de-mandar-matar-promotor","status":"publish","type":"post","link":"https:\/\/www.ilheusnoticias.net.br\/v1\/2023\/02\/10\/policia-federal-prende-paraguaio-suspeito-de-mandar-matar-promotor\/","title":{"rendered":"Pol\u00edcia Federal prende paraguaio suspeito de mandar matar promotor"},"content":{"rendered":"<div class=\"col-lg-12 mb-3\">\n<div class=\"row\"><\/div>\n<p>Em uma a\u00e7\u00e3o conjunta com a Pol\u00edcia Civil do Rio<span id=\"OBJ_PREFIX_DWT270_com_zimbra_date\" role=\"link\">\u00a0de Janeiro<\/span>, a Pol\u00edcia Federal (PF) prendeu,\u00a0 ontem (9) \u00e0 noite, no Recreio dos Bandeirantes, um cidad\u00e3o paraguaio, apontado como mandante do assassinato do promotor paraguaio Marcelo Pecci, morto a tiros em maio de 2022 durante uma viagem de lua de mel. O crime foi em Cartagena, na Col\u00f4mbia.<img src=\"https:\/\/agenciabrasil.ebc.com.br\/ebc.png?id=1509523&amp;o=node\" \/><img src=\"https:\/\/agenciabrasil.ebc.com.br\/ebc.gif?id=1509523&amp;o=node\" \/><\/p>\n<\/div>\n<div class=\"col-xl-7 offset-xl-1 col-lg-8 offset-lg-0 col-md-10 offset-md-1 mb-3\">\n<div class=\"post-item alt-font\">\n<div class=\"post-item-wrap\">\n<p>O preso, que n\u00e3o teve a identidade revelada, era considerado foragido internacional e procurado pela justi\u00e7a paraguaia e pela Interpol. Contra ele, entre outros crimes, pesam acusa\u00e7\u00f5es por tr\u00e1fico de drogas e lavagem de dinheiro.<\/p>\n<h2>Alvo priorit\u00e1rio<\/h2>\n<p>Segundo a Pol\u00edcia Federal, o hist\u00f3rico do homem fazia dele \u201cum alvo priorit\u00e1rio nos trabalhos de coopera\u00e7\u00e3o internacional realizados no Centro de Coopera\u00e7\u00e3o Policial Internacional, no\u00a0Rio<span id=\"OBJ_PREFIX_DWT272_com_zimbra_date\" role=\"link\">\u00a0de Janeiro<\/span>\u00a0(CCPI-RJ) com o aux\u00edlio direto de diferentes for\u00e7as policiais brasileiras, sul-americanas e da Interpol\u201d.<\/p>\n<p>Ap\u00f3s ser identificado pela PF e por autoridades estrangeiras, a representa\u00e7\u00e3o da Interpol da PF formulou pedido de pris\u00e3o preventiva para extradi\u00e7\u00e3o do preso. O pedido foi deferido em car\u00e1<span id=\"OBJ_PREFIX_DWT273_com_zimbra_date\" role=\"link\">ter<\/span>\u00a0de urg\u00eancia pelo Superior Tribunal de Justi\u00e7a (STF), ap\u00f3s parecer favor\u00e1vel da Procuradoria-Geral da Rep\u00fablica. O paraguaio foi encaminhado, ainda de madrugada, \u00e0 Cadeia P\u00fablica Jos\u00e9 Frederico Marques, em Benfica, no Rio<span id=\"OBJ_PREFIX_DWT274_com_zimbra_date\" role=\"link\">, onde permanecer\u00e1 \u00e0 disposi\u00e7\u00e3o da Justi\u00e7a.<\/span><\/p>\n<\/div>\n<\/div>\n<\/div>\n","protected":false},"excerpt":{"rendered":"<p>Em uma a\u00e7\u00e3o conjunta com a Pol\u00edcia Civil do Rio\u00a0de Janeiro, a Pol\u00edcia Federal (PF) prendeu,\u00a0 ontem (9) \u00e0 noite, no Recreio dos Bandeirantes, um cidad\u00e3o paraguaio, apontado como mandante do assassinato do promotor paraguaio Marcelo Pecci, morto a tiros em maio de 2022 durante uma viagem de lua de mel. O crime foi em [&hellip;]<\/p>\n","protected":false},"author":2,"featured_media":0,"comment_status":"open","ping_status":"open","sticky":false,"template":"","format":"standard","meta":{"_links_to":"","_links_to_target":""},"categories":[7,9,8,1],"tags":[],"_links":{"self":[{"href":"https:\/\/www.ilheusnoticias.net.br\/v1\/wp-json\/wp\/v2\/posts\/30971"}],"collection":[{"href":"https:\/\/www.ilheusnoticias.net.br\/v1\/wp-json\/wp\/v2\/posts"}],"about":[{"href":"https:\/\/www.ilheusnoticias.net.br\/v1\/wp-json\/wp\/v2\/types\/post"}],"author":[{"embeddable":true,"href":"https:\/\/www.ilheusnoticias.net.br\/v1\/wp-json\/wp\/v2\/users\/2"}],"replies":[{"embeddable":true,"href":"https:\/\/www.ilheusnoticias.net.br\/v1\/wp-json\/wp\/v2\/comments?post=30971"}],"version-history":[{"count":1,"href":"https:\/\/www.ilheusnoticias.net.br\/v1\/wp-json\/wp\/v2\/posts\/30971\/revisions"}],"predecessor-version":[{"id":30972,"href":"https:\/\/www.ilheusnoticias.net.br\/v1\/wp-json\/wp\/v2\/posts\/30971\/revisions\/30972"}],"wp:attachment":[{"href":"https:\/\/www.ilheusnoticias.net.br\/v1\/wp-json\/wp\/v2\/media?parent=30971"}],"wp:term":[{"taxonomy":"category","embeddable":true,"href":"https:\/\/www.ilheusnoticias.net.br\/v1\/wp-json\/wp\/v2\/categories?post=30971"},{"taxonomy":"post_tag","embeddable":true,"href":"https:\/\/www.ilheusnoticias.net.br\/v1\/wp-json\/wp\/v2\/tags?post=30971"}],"curies":[{"name":"wp","href":"https:\/\/api.w.org\/{rel}","templated":true}]}}