{"id":30963,"date":"2023-02-10T10:49:28","date_gmt":"2023-02-10T13:49:28","guid":{"rendered":"https:\/\/www.ilheusnoticias.net.br\/v1\/?p=30963"},"modified":"2023-02-10T10:49:28","modified_gmt":"2023-02-10T13:49:28","slug":"delegado-helio-jorge-e-exonerado-da-subsecretaria-de-seguranca-publica-da-bahia-policial-federal-assume-o-cargo","status":"publish","type":"post","link":"https:\/\/www.ilheusnoticias.net.br\/v1\/2023\/02\/10\/delegado-helio-jorge-e-exonerado-da-subsecretaria-de-seguranca-publica-da-bahia-policial-federal-assume-o-cargo\/","title":{"rendered":"Delegado H\u00e9lio Jorge \u00e9 exonerado da subsecretaria de Seguran\u00e7a P\u00fablica da Bahia; policial federal assume o cargo"},"content":{"rendered":"<div class=\"row content-head non-featured \">\n<div class=\"title\" data-block-type=\"title\" data-block-id=\"0\">\n<h1 class=\"content-head__title\"><span style=\"font-size: 16px;\">Exonera\u00e7\u00e3o e nomea\u00e7\u00e3o do substituto foi publicada no Di\u00e1rio Oficial do Estado desta sexta-feira, que tamb\u00e9m traz nome do novo superintendente de Intelig\u00eancia da SSP-BA.<\/span><\/h1>\n<\/div>\n<\/div>\n<div class=\"mc-article-body\">\n<article>\n<div id=\"chunk-a08np\">\n<div class=\"row medium-uncollapsed content-media content-photo\" data-block-type=\"backstage-photo\" data-block-id=\"1\">\n<div class=\"mc-column content-media__container\">\n<div class=\"content-media-container glb-skeleton-box\">\n<figure class=\"content-media-figure\"><img class=\"i-amphtml-fill-content i-amphtml-replaced-content\" src=\"https:\/\/s2.glbimg.com\/j1KHhjWpjLDSXflfxlSlHq4OOZE=\/0x0:747x502\/984x0\/smart\/filters:strip_icc()\/i.s3.glbimg.com\/v1\/AUTH_59edd422c0c84a879bd37670ae4f538a\/internal_photos\/bs\/2021\/0\/q\/Nmr1IxSiq3hnzvQreBUA\/whatsapp-image-2021-07-30-at-10.42.09.jpeg\" sizes=\"(max-width: 1366px) 648px, 100vw\" srcset=\"https:\/\/s2.glbimg.com\/_RiSNZu5446DBSpcfNqonCbUgqo=\/0x0:747x502\/1000x0\/smart\/filters:strip_icc()\/i.s3.glbimg.com\/v1\/AUTH_59edd422c0c84a879bd37670ae4f538a\/internal_photos\/bs\/2021\/0\/q\/Nmr1IxSiq3hnzvQreBUA\/whatsapp-image-2021-07-30-at-10.42.09.jpeg 1000w, https:\/\/s2.glbimg.com\/j1KHhjWpjLDSXflfxlSlHq4OOZE=\/0x0:747x502\/984x0\/smart\/filters:strip_icc()\/i.s3.glbimg.com\/v1\/AUTH_59edd422c0c84a879bd37670ae4f538a\/internal_photos\/bs\/2021\/0\/q\/Nmr1IxSiq3hnzvQreBUA\/whatsapp-image-2021-07-30-at-10.42.09.jpeg 984w, https:\/\/s2.glbimg.com\/8qRUtV-Pt7OeC1i_Ufx6B3Lh1LI=\/0x0:747x502\/640x0\/smart\/filters:strip_icc()\/i.s3.glbimg.com\/v1\/AUTH_59edd422c0c84a879bd37670ae4f538a\/internal_photos\/bs\/2021\/0\/q\/Nmr1IxSiq3hnzvQreBUA\/whatsapp-image-2021-07-30-at-10.42.09.jpeg 640w, https:\/\/s2.glbimg.com\/sl4X24UaC-50YKGTiy5f7P5Wq6Y=\/0x0:747x502\/600x0\/smart\/filters:strip_icc()\/i.s3.glbimg.com\/v1\/AUTH_59edd422c0c84a879bd37670ae4f538a\/internal_photos\/bs\/2021\/0\/q\/Nmr1IxSiq3hnzvQreBUA\/whatsapp-image-2021-07-30-at-10.42.09.jpeg 600w\" alt=\"Subsecret\u00e1rio da Seguran\u00e7a P\u00fablica da Bahia, H\u00e9lio Jorge Paix\u00e3o \u00e9 exonerado do cargo  \u2014 Foto: Divulga\u00e7\u00e3o\/GOV-BA\" \/><\/figure>\n<\/div>\n<p class=\"content-media__description \">Subsecret\u00e1rio da Seguran\u00e7a P\u00fablica da Bahia, H\u00e9lio Jorge Paix\u00e3o \u00e9 exonerado do cargo \u2014 Foto: Divulga\u00e7\u00e3o\/GOV-BA<\/p>\n<\/div>\n<\/div>\n<\/div>\n<div id=\"chunk-cosb5\">\n<div class=\"mc-column content-text active-extra-styles \" data-block-type=\"unstyled\" data-block-weight=\"33\" data-block-id=\"3\">\n<p class=\"content-text__container \" data-track-category=\"Link no Texto\" data-track-links=\"\">O delegado aposentado da Pol\u00edcia Civil, H\u00e9lio Jorge Paix\u00e3o, foi exonerado do cargo de subsecret\u00e1rio da Seguran\u00e7a P\u00fablica da Bahia, nesta sexta-feira (10). A publica\u00e7\u00e3o foi feita no Di\u00e1rio Oficial do Estado.<\/p>\n<\/div>\n<\/div>\n<div class=\"wall protected-content\">\n<div id=\"chunk-919it\">\n<div class=\"mc-column content-text active-extra-styles \" data-block-type=\"unstyled\" data-block-weight=\"54\" data-block-id=\"4\">\n<p class=\"content-text__container \" data-track-category=\"Link no Texto\" data-track-links=\"\">H\u00e9lio Jorge atuou por 30 anos no funcionalismo p\u00fablico e j\u00e1 foi diretor geral da Pol\u00edcia Civil. Ele estava no cargo desde dezembro de 2020. Na ocasi\u00e3o, ainda no governo Rui Costa, o juiz federal aposentado Ricardo C\u00e9sar Mandarino, assumiu a Secretaria de Seguran\u00e7a P\u00fablica (SSP-BA), cargo que deixou no final de 2022.<\/p>\n<\/div>\n<\/div>\n<div id=\"chunk-9v7as\">\n<div class=\"mc-column content-text active-extra-styles \" data-block-type=\"unstyled\" data-block-weight=\"61\" data-block-id=\"5\">\n<p class=\"content-text__container \" data-track-category=\"Link no Texto\" data-track-links=\"\">Mandarino foi substitu\u00eddo pelo atual secret\u00e1rio Marcelo Werner, que \u00e9 policial federal, e assumiu o cargo no come\u00e7o do ano, nomeado pelo governador Jer\u00f4nimo Rodrigues, que tamb\u00e9m assumiu o cargo em 2023. Antes de deixar o cargo nesta sexta,\u00a0<a href=\"https:\/\/g1.globo.com\/ba\/bahia\/noticia\/2021\/07\/30\/subsecretario-da-seguranca-publica-da-bahia-e-exonerado-do-cargo.ghtml\">H\u00e9lio Jorge chegou a ser exonerado em 2021<\/a>, mas por apenas um dia por quest\u00f5es referentes \u00e0 sua aposentadoria como policial civil<\/p>\n<\/div>\n<\/div>\n<div id=\"chunk-91rrs\">\n<div class=\"mc-column content-text active-extra-styles \" data-block-type=\"unstyled\" data-block-weight=\"62\" data-block-id=\"7\">\n<p class=\"content-text__container \" data-track-category=\"Link no Texto\" data-track-links=\"\"><span class=\"highlight highlighted\">O substituto de H\u00e9lio Jorge ser\u00e1 o delegado da Pol\u00edcia Federal Marcel Ahringsmann de Oliveira.<\/span> O novo subsecret\u00e1rio entrou na Pol\u00edcia Federal em 2005, como agente. Dois anos depois, ele tomou posse como delegado. Marcel Ahringsmann tem experi\u00eancia em Seguran\u00e7a P\u00fablica, com \u00eanfase em repress\u00e3o a entorpecentes, crimes contra o patrim\u00f4nio, assuntos internos, planejamento operacional, seguran\u00e7a em grandes eventos e intelig\u00eancia policial.<\/p>\n<\/div>\n<\/div>\n<div class=\"mc-column content-text active-extra-styles\" data-block-type=\"raw\" data-block-weight=\"6\" data-block-id=\"8\">\n<div class=\"content-intertitle\">\n<h2>Novo superintendente de Intelig\u00eancia \u00e9 nomeado<\/h2>\n<\/div>\n<\/div>\n<div id=\"chunk-h2q7\">\n<div class=\"row medium-uncollapsed content-media content-photo\" data-block-type=\"backstage-photo\" data-block-id=\"9\">\n<div class=\"mc-column content-media__container\">\n<div class=\"content-media-container glb-skeleton-box\">\n<figure class=\"content-media-figure\"><img class=\"i-amphtml-fill-content i-amphtml-replaced-content\" src=\"https:\/\/s2.glbimg.com\/Q2P-hGesnA85mDpyvVPXRUhVsVc=\/0x0:1280x590\/984x0\/smart\/filters:strip_icc()\/i.s3.glbimg.com\/v1\/AUTH_59edd422c0c84a879bd37670ae4f538a\/internal_photos\/bs\/2019\/z\/1\/cpzZAlQ4eGMzvEQWZUDw\/whatsapp-image-2019-12-16-at-10.41.55-1-.jpeg\" sizes=\"(max-width: 1366px) 648px, 100vw\" srcset=\"https:\/\/s2.glbimg.com\/MnHKPyJO2HNQCmTvba2pF3bgZKI=\/0x0:1280x590\/1000x0\/smart\/filters:strip_icc()\/i.s3.glbimg.com\/v1\/AUTH_59edd422c0c84a879bd37670ae4f538a\/internal_photos\/bs\/2019\/z\/1\/cpzZAlQ4eGMzvEQWZUDw\/whatsapp-image-2019-12-16-at-10.41.55-1-.jpeg 1000w, https:\/\/s2.glbimg.com\/Q2P-hGesnA85mDpyvVPXRUhVsVc=\/0x0:1280x590\/984x0\/smart\/filters:strip_icc()\/i.s3.glbimg.com\/v1\/AUTH_59edd422c0c84a879bd37670ae4f538a\/internal_photos\/bs\/2019\/z\/1\/cpzZAlQ4eGMzvEQWZUDw\/whatsapp-image-2019-12-16-at-10.41.55-1-.jpeg 984w, https:\/\/s2.glbimg.com\/zGtHqOed7Lcq_6hdffgY7VYLlpo=\/0x0:1280x590\/640x0\/smart\/filters:strip_icc()\/i.s3.glbimg.com\/v1\/AUTH_59edd422c0c84a879bd37670ae4f538a\/internal_photos\/bs\/2019\/z\/1\/cpzZAlQ4eGMzvEQWZUDw\/whatsapp-image-2019-12-16-at-10.41.55-1-.jpeg 640w, https:\/\/s2.glbimg.com\/xCOR3qkl5lPNPZpUCBtcDB-xffM=\/0x0:1280x590\/600x0\/smart\/filters:strip_icc()\/i.s3.glbimg.com\/v1\/AUTH_59edd422c0c84a879bd37670ae4f538a\/internal_photos\/bs\/2019\/z\/1\/cpzZAlQ4eGMzvEQWZUDw\/whatsapp-image-2019-12-16-at-10.41.55-1-.jpeg 600w\" alt=\"Mudan\u00e7as na c\u00fapula da Secretaria de Seguran\u00e7a P\u00fablica da Bahia (SSP-BA)  \u2014 Foto: Cid Vaz\/TV Bahia\" \/><\/figure>\n<\/div>\n<p class=\"content-media__description \">Mudan\u00e7as na c\u00fapula da Secretaria de Seguran\u00e7a P\u00fablica da Bahia (SSP-BA) \u2014 Foto: Cid Vaz\/TV Bahia<\/p>\n<\/div>\n<\/div>\n<\/div>\n<div id=\"chunk-d7jji\">\n<div class=\"mc-column content-text active-extra-styles \" data-block-type=\"unstyled\" data-block-weight=\"42\" data-block-id=\"10\">\n<p class=\"content-text__container \" data-track-category=\"Link no Texto\" data-track-links=\"\">Al\u00e9m da exonera\u00e7\u00e3o de H\u00e9lio Jorge e da nomea\u00e7\u00e3o de Marcel Ahringsmann de Oliveira como novo subsecret\u00e1rio, o Di\u00e1rio Oficial desta sexta tamb\u00e9m traz a exonera\u00e7\u00e3o do atual superintendente de Intelig\u00eancia da SSP e a nomea\u00e7\u00e3o do novo indicado para o cargo.<\/p>\n<\/div>\n<\/div>\n<div id=\"chunk-caljr\">\n<div class=\"mc-column content-text active-extra-styles \" data-block-type=\"unstyled\" data-block-weight=\"43\" data-block-id=\"12\">\n<p class=\"content-text__container \" data-track-category=\"Link no Texto\" data-track-links=\"\">O delegado da Pol\u00edcia Civil\u00a0<a href=\"https:\/\/g1.globo.com\/ba\/bahia\/noticia\/2021\/01\/09\/governo-da-bahia-anuncia-novo-superintendente-de-inteligencia-da-ssp-ba.ghtml\">Ivo Carvalho Tourinho deixa o cargo onde estava desde janeiro desde 2021<\/a>. Em seu lugar foi nomeado Rogerio Dourado Silva Junior, que assim como o secret\u00e1rio e o novo subsecret\u00e1rio da Secretaria de Seguran\u00e7a P\u00fablica, \u00e9 policial federal.<\/p>\n<\/div>\n<\/div>\n<\/div>\n<\/article>\n<\/div>\n","protected":false},"excerpt":{"rendered":"<p>Exonera\u00e7\u00e3o e nomea\u00e7\u00e3o do substituto foi publicada no Di\u00e1rio Oficial do Estado desta sexta-feira, que tamb\u00e9m traz nome do novo superintendente de Intelig\u00eancia da SSP-BA. Subsecret\u00e1rio da Seguran\u00e7a P\u00fablica da Bahia, H\u00e9lio Jorge Paix\u00e3o \u00e9 exonerado do cargo \u2014 Foto: Divulga\u00e7\u00e3o\/GOV-BA O delegado aposentado da Pol\u00edcia Civil, H\u00e9lio Jorge Paix\u00e3o, foi exonerado do cargo de [&hellip;]<\/p>\n","protected":false},"author":2,"featured_media":0,"comment_status":"open","ping_status":"open","sticky":false,"template":"","format":"standard","meta":{"_links_to":"","_links_to_target":""},"categories":[7,9,8,1,5],"tags":[],"_links":{"self":[{"href":"https:\/\/www.ilheusnoticias.net.br\/v1\/wp-json\/wp\/v2\/posts\/30963"}],"collection":[{"href":"https:\/\/www.ilheusnoticias.net.br\/v1\/wp-json\/wp\/v2\/posts"}],"about":[{"href":"https:\/\/www.ilheusnoticias.net.br\/v1\/wp-json\/wp\/v2\/types\/post"}],"author":[{"embeddable":true,"href":"https:\/\/www.ilheusnoticias.net.br\/v1\/wp-json\/wp\/v2\/users\/2"}],"replies":[{"embeddable":true,"href":"https:\/\/www.ilheusnoticias.net.br\/v1\/wp-json\/wp\/v2\/comments?post=30963"}],"version-history":[{"count":1,"href":"https:\/\/www.ilheusnoticias.net.br\/v1\/wp-json\/wp\/v2\/posts\/30963\/revisions"}],"predecessor-version":[{"id":30964,"href":"https:\/\/www.ilheusnoticias.net.br\/v1\/wp-json\/wp\/v2\/posts\/30963\/revisions\/30964"}],"wp:attachment":[{"href":"https:\/\/www.ilheusnoticias.net.br\/v1\/wp-json\/wp\/v2\/media?parent=30963"}],"wp:term":[{"taxonomy":"category","embeddable":true,"href":"https:\/\/www.ilheusnoticias.net.br\/v1\/wp-json\/wp\/v2\/categories?post=30963"},{"taxonomy":"post_tag","embeddable":true,"href":"https:\/\/www.ilheusnoticias.net.br\/v1\/wp-json\/wp\/v2\/tags?post=30963"}],"curies":[{"name":"wp","href":"https:\/\/api.w.org\/{rel}","templated":true}]}}