{"id":30961,"date":"2023-02-10T10:45:54","date_gmt":"2023-02-10T13:45:54","guid":{"rendered":"https:\/\/www.ilheusnoticias.net.br\/v1\/?p=30961"},"modified":"2023-02-10T10:45:54","modified_gmt":"2023-02-10T13:45:54","slug":"pomadas-para-trancar-e-modelar-cabelo-anvisa-proibe-a-venda-de-todas-as-marcas-razoes-incluem-risco-de-cegueira-temporaria","status":"publish","type":"post","link":"https:\/\/www.ilheusnoticias.net.br\/v1\/2023\/02\/10\/pomadas-para-trancar-e-modelar-cabelo-anvisa-proibe-a-venda-de-todas-as-marcas-razoes-incluem-risco-de-cegueira-temporaria\/","title":{"rendered":"Pomadas para tran\u00e7ar e modelar cabelo: Anvisa pro\u00edbe a venda de todas as marcas; raz\u00f5es incluem risco de cegueira tempor\u00e1ria"},"content":{"rendered":"<div class=\"row content-head non-featured \">\n<div class=\"title\" data-block-type=\"title\" data-block-id=\"0\"><\/div>\n<\/div>\n<div class=\"content__signa-share\">\n<div class=\"content__signature\">\n<div class=\"content-publication-data\">\n<div class=\"content-publication-data__text\">\n<p class=\"content-publication-data__updated\"><img class=\"content-video__placeholder__thumb\" title=\"Anvisa pro\u00edbe venda de todas as pomadas para modelar e tran\u00e7ar cabelos\" src=\"https:\/\/s01.video.glbimg.com\/x240\/11356952.jpg\" alt=\"Anvisa pro\u00edbe venda de todas as pomadas para modelar e tran\u00e7ar cabelos\" \/><\/p>\n<\/div>\n<\/div>\n<\/div>\n<\/div>\n<div class=\"mc-article-body\">\n<article>\n<div id=\"chunk-a7lvm\">\n<div class=\"bs-video-block mc-column  content-media content-video\" data-block-type=\"backstage-video\" data-block-id=\"1\">\n<div class=\"content-media__container\">\n<p class=\"content-media__description\">Anvisa pro\u00edbe venda de todas as pomadas para modelar e tran\u00e7ar cabelos<\/p>\n<\/div>\n<\/div>\n<\/div>\n<div id=\"chunk-79u95\">\n<div class=\"mc-column mc-side-item__container\" data-block-type=\"ads\" data-block-id=\"2\">\n<div class=\"mc-side-item mc-side-item--right content-ads content-ads--side-ad\">\n<div id=\"banner_materia1\" class=\"tag-manager-publicidade-container tag-manager-publicidade-banner_materia1 tag-manager-publicidade-container--carregado tag-manager-publicidade-container--visivel\" data-google-query-id=\"CIO2k7mKi_0CFSStlQIdKeAPLw\">\n<div id=\"google_ads_iframe_\/95377733\/tvg_G1\/Saude_0__container__\">A Ag\u00eancia Nacional de Vigil\u00e2ncia Sanit\u00e1ria (<a href=\"https:\/\/g1.globo.com\/tudo-sobre\/anvisa\/\">Anvisa<\/a>) proibiu nesta sexta-feira (10) a\u00a0<strong>venda no pa\u00eds de\u00a0<\/strong><strong><span class=\"highlight highlighted\">todas as pomadas<\/span><\/strong><strong>\u00a0para tran\u00e7ar, modelar ou fixar cabelos<\/strong>.<\/div>\n<\/div>\n<\/div>\n<\/div>\n<\/div>\n<div class=\"wall protected-content\">\n<div id=\"chunk-de3u1\">\n<div class=\"mc-column content-text active-extra-styles \" data-block-type=\"unstyled\" data-block-weight=\"31\" data-block-id=\"5\">\n<p class=\"content-text__container \" data-track-category=\"Link no Texto\" data-track-links=\"\">Segundo a Anvisa, a decis\u00e3o \u00e9 preventiva e tempor\u00e1ria e foi adotada em raz\u00e3o do aumento do n\u00famero de casos de\u00a0<strong>&#8220;efeitos indesej\u00e1veis graves associados ao uso desse tipo de produto&#8221;.<\/strong><\/p>\n<\/div>\n<\/div>\n<div id=\"chunk-2j0ja\">\n<div class=\"mc-column content-text active-extra-styles \" data-block-type=\"unstyled\" data-block-weight=\"18\" data-block-id=\"6\">\n<p class=\"content-text__container \" data-track-category=\"Link no Texto\" data-track-links=\"\">&#x1f4ca;\u00a0<strong>Contexto:\u00a0<\/strong>Pessoas que usaram produtos do tipo t\u00eam procurado atendimentos de emerg\u00eancia com graves irrita\u00e7\u00f5es nos olhos.<\/p>\n<\/div>\n<\/div>\n<div id=\"chunk-b4ul0\">\n<div class=\"mc-column content-text active-extra-styles \" data-block-type=\"unstyled\" data-block-weight=\"37\" data-block-id=\"7\">\n<p class=\"content-text__container \" data-track-category=\"Link no Texto\" data-track-links=\"\">Segundo a ag\u00eancia, no momento, s\u00e3o realizados testes, provas e an\u00e1lises para investigar o caso. Enquanto a medida estiver em vigor, nenhum lote pode ser comercializado e n\u00e3o deve ser usado por consumidores e profissionais de beleza.<\/p>\n<\/div>\n<\/div>\n<div id=\"chunk-1r0ne\">\n<div class=\"row medium-uncollapsed content-media content-photo\" data-block-type=\"backstage-photo\" data-block-id=\"9\">\n<div class=\"mc-column content-media__container\">\n<p class=\"content-media__description \">Resolu\u00e7\u00e3o da Anvisa pro\u00edbe TODAS as pomadas utilizadas para tran\u00e7ar, modelar ou fixar cabelos. \u2014 Foto: Anvisa\/Divulga\u00e7\u00e3o<\/p>\n<\/div>\n<\/div>\n<\/div>\n<div id=\"chunk-79qdm\">\n<div class=\"mc-column content-text active-extra-styles \" data-block-type=\"unstyled\" data-block-weight=\"10\" data-block-id=\"10\">\n<p class=\"content-text__container \" data-track-category=\"Link no Texto\" data-track-links=\"\"><strong>&#x26a0;&#xfe0f; Alerta:\u00a0<\/strong>Entre os eventos relatados pelos usu\u00e1rios est\u00e3o:<\/p>\n<\/div>\n<\/div>\n<div class=\"mc-column content-text active-extra-styles\" data-block-type=\"raw\" data-block-weight=\"20\" data-block-id=\"11\">\n<ul class=\"content-unordered-list\">\n<li><strong><span class=\"highlight highlighted\">Cegueira tempor\u00e1ria (perda tempor\u00e1ria da vis\u00e3o);<\/span><\/strong><\/li>\n<li>Forte ard\u00eancia nos olhos;<\/li>\n<li>Lacrimejamento intenso;<\/li>\n<li>Coceira;<\/li>\n<li>Vermelhid\u00e3o;<\/li>\n<li>Incha\u00e7o ocular; e<\/li>\n<li>Dor de cabe\u00e7a.<\/li>\n<\/ul>\n<p>&nbsp;<\/p>\n<\/div>\n<div id=\"chunk-eu225\">\n<div class=\"row medium-uncollapsed content-media content-photo\" data-block-type=\"backstage-photo\" data-block-id=\"12\">\n<div class=\"mc-column content-media__container\">\n<div class=\"content-media-container glb-skeleton-box\">\n<figure class=\"content-media-figure\"><img class=\"i-amphtml-fill-content i-amphtml-replaced-content\" src=\"https:\/\/s2.glbimg.com\/UZnWe0kVUCdirwhekFKzihrwxdA=\/0x104:960x1088\/984x0\/smart\/filters:strip_icc()\/i.s3.glbimg.com\/v1\/AUTH_59edd422c0c84a879bd37670ae4f538a\/internal_photos\/bs\/2023\/J\/u\/6HQ6M0RUipEjf17IgzoQ\/whatsapp-image-2023-02-06-at-11.43.20.jpeg\" sizes=\"(max-width: 1366px) 648px, 100vw\" srcset=\"https:\/\/s2.glbimg.com\/xrI8t-SWmQFD_WWdo6eeZwLJNBA=\/0x104:960x1088\/1000x0\/smart\/filters:strip_icc()\/i.s3.glbimg.com\/v1\/AUTH_59edd422c0c84a879bd37670ae4f538a\/internal_photos\/bs\/2023\/J\/u\/6HQ6M0RUipEjf17IgzoQ\/whatsapp-image-2023-02-06-at-11.43.20.jpeg 1000w, https:\/\/s2.glbimg.com\/UZnWe0kVUCdirwhekFKzihrwxdA=\/0x104:960x1088\/984x0\/smart\/filters:strip_icc()\/i.s3.glbimg.com\/v1\/AUTH_59edd422c0c84a879bd37670ae4f538a\/internal_photos\/bs\/2023\/J\/u\/6HQ6M0RUipEjf17IgzoQ\/whatsapp-image-2023-02-06-at-11.43.20.jpeg 984w, https:\/\/s2.glbimg.com\/YWUouwo_EAIHXxusAms9HStRKGQ=\/0x104:960x1088\/640x0\/smart\/filters:strip_icc()\/i.s3.glbimg.com\/v1\/AUTH_59edd422c0c84a879bd37670ae4f538a\/internal_photos\/bs\/2023\/J\/u\/6HQ6M0RUipEjf17IgzoQ\/whatsapp-image-2023-02-06-at-11.43.20.jpeg 640w, https:\/\/s2.glbimg.com\/vsWbxUeDTVF0PZbndmQSbUJcvVs=\/0x104:960x1088\/600x0\/smart\/filters:strip_icc()\/i.s3.glbimg.com\/v1\/AUTH_59edd422c0c84a879bd37670ae4f538a\/internal_photos\/bs\/2023\/J\/u\/6HQ6M0RUipEjf17IgzoQ\/whatsapp-image-2023-02-06-at-11.43.20.jpeg 600w\" alt=\"Inflama\u00e7\u00e3o nas c\u00f3rneas ocorreu ap\u00f3s pomada cair nos olhos durante as pr\u00e9vias \u2014 Foto: Funda\u00e7\u00e3o Altino Ventura\/Divulga\u00e7\u00e3o\" \/><\/figure>\n<\/div>\n<p class=\"content-media__description \">Inflama\u00e7\u00e3o nas c\u00f3rneas ocorreu ap\u00f3s pomada cair nos olhos durante as pr\u00e9vias \u2014 Foto: Funda\u00e7\u00e3o Altino Ventura\/Divulga\u00e7\u00e3o<\/p>\n<\/div>\n<\/div>\n<\/div>\n<div id=\"chunk-enlrr\">\n<div class=\"mc-column content-text active-extra-styles \" data-block-type=\"unstyled\" data-block-weight=\"29\" data-block-id=\"14\">\n<p class=\"content-text__container \" data-track-category=\"Link no Texto\" data-track-links=\"\">Segundo as informa\u00e7\u00f5es passadas para a Anvisa, os eventos ocorreram, principalmente, com pessoas que\u00a0<strong><span class=\"highlight highlighted\">tomaram banhos de mar, piscina, ou mesmo de chuva ap\u00f3s terem feito uso dos produtos.<\/span><\/strong><\/p>\n<\/div>\n<\/div>\n<div id=\"chunk-ffbpt\">\n<div class=\"mc-column content-text active-extra-styles \" data-block-type=\"unstyled\" data-block-weight=\"57\" data-block-id=\"15\">\n<p class=\"content-text__container \" data-track-category=\"Link no Texto\" data-track-links=\"\">Antes de proibir a venda de todas as marcas, a Anvisa j\u00e1 tinha vetado a comercializa\u00e7\u00e3o dos produtos de mais de 20 fabricantes,\u00a0<a href=\"https:\/\/g1.globo.com\/bemestar\/noticia\/2023\/01\/14\/pomadas-modeladoras-veja-quais-produtos-estao-proibidos-pela-anvisa.ghtml\">como mostrou o Bem Estar<\/a>. No entanto, com o aumento dos casos de intoxica\u00e7\u00e3o, a ag\u00eancia resolveu, por precau\u00e7\u00e3o, estender a medida a todos os lotes de pomadas para tran\u00e7ar, modelar ou fixar cabelos.<\/p>\n<\/div>\n<\/div>\n<div id=\"chunk-953vr\">\n<div class=\"mc-column content-text active-extra-styles \" data-block-type=\"unstyled\" data-block-weight=\"26\" data-block-id=\"16\">\n<p class=\"content-text__container \" data-track-category=\"Link no Texto\" data-track-links=\"\">Tanto a Anvisa como os \u00f3rg\u00e3os de vigil\u00e2ncia sanit\u00e1ria estaduais e municipais\u00a0<strong>ainda investigam as causas da correla\u00e7\u00e3o<\/strong>\u00a0desses produtos com os casos de intoxica\u00e7\u00e3o ocular.<\/p>\n<\/div>\n<\/div>\n<div id=\"chunk-cg6cg\">\n<div class=\"mc-column content-text active-extra-styles \" data-block-type=\"unstyled\" data-block-weight=\"17\" data-block-id=\"17\">\n<p class=\"content-text__container \" data-track-category=\"Link no Texto\" data-track-links=\"\">Na semana que vem, haver\u00e1 uma reuni\u00e3o t\u00e9cnica com os fabricantes para discutir a regulariza\u00e7\u00e3o dos produtos.<\/p>\n<\/div>\n<\/div>\n<div class=\"mc-column content-text active-extra-styles\" data-block-type=\"raw\" data-block-weight=\"3\" data-block-id=\"18\">\n<div class=\"content-intertitle\">\n<h2>&#8216;Dias sem enxergar&#8217;<\/h2>\n<\/div>\n<\/div>\n<div id=\"chunk-91kms\">\n<div class=\"mc-column content-text active-extra-styles \" data-block-type=\"unstyled\" data-block-weight=\"17\" data-block-id=\"19\">\n<p class=\"content-text__container \" data-track-category=\"Link no Texto\" data-track-links=\"\">Somente em Pernambuco,\u00a0<a href=\"https:\/\/g1.globo.com\/pe\/pernambuco\/carnaval\/2023\/noticia\/2023\/02\/07\/sobe-para-mais-de-250-numero-de-pessoas-atendidas-em-unidades-de-saude-por-causa-do-uso-de-produtos-de-cabelo-em-previas.ghtml\">mais de 250 pessoas foram atendidas em PE por causa do uso dos produtos.<\/a><\/p>\n<\/div>\n<\/div>\n<div id=\"chunk-afnrn\">\n<div class=\"mc-column content-text active-extra-styles \" data-block-type=\"unstyled\" data-block-weight=\"35\" data-block-id=\"20\">\n<p class=\"content-text__container \" data-track-category=\"Link no Texto\" data-track-links=\"\">Em mar\u00e7o do ano passado, o\u00a0<strong>g1\u00a0<\/strong>noticiou o caso da manicure Josiane Reis de Souza,\u00a0<a href=\"https:\/\/g1.globo.com\/rj\/rio-de-janeiro\/noticia\/2022\/03\/22\/estou-ate-hoje-sem-enxergar-diz-manicure-que-queimou-as-corneas-apos-usar-pomada-modeladora-para-trancar-o-cabelo.ghtml\">que ficou dias sem enxergar ap\u00f3s ter usado uma pomada modeladora para tran\u00e7ar os cabelos no Rio de Janeiro<\/a>.<\/p>\n<\/div>\n<\/div>\n<div id=\"chunk-19svm\">\n<div class=\"row medium-uncollapsed content-media content-photo\" data-block-type=\"backstage-photo\" data-block-id=\"21\">\n<div class=\"mc-column content-media__container\">\n<div class=\"content-media-container glb-skeleton-box\">\n<figure class=\"content-media-figure\"><img class=\"i-amphtml-fill-content i-amphtml-replaced-content\" src=\"https:\/\/s2.glbimg.com\/7Pj-V-_HS4UsMRYCq2Q9lHOjIFw=\/0x0:567x317\/984x0\/smart\/filters:strip_icc()\/i.s3.glbimg.com\/v1\/AUTH_59edd422c0c84a879bd37670ae4f538a\/internal_photos\/bs\/2022\/B\/3\/kBPGs7SeuY7NNRbU6zbw\/cabelo-2.jpg\" sizes=\"(max-width: 1366px) 648px, 100vw\" srcset=\"https:\/\/s2.glbimg.com\/baKRljMlg5T_FrJnYdQ9kKBBj-U=\/0x0:567x317\/1000x0\/smart\/filters:strip_icc()\/i.s3.glbimg.com\/v1\/AUTH_59edd422c0c84a879bd37670ae4f538a\/internal_photos\/bs\/2022\/B\/3\/kBPGs7SeuY7NNRbU6zbw\/cabelo-2.jpg 1000w, https:\/\/s2.glbimg.com\/7Pj-V-_HS4UsMRYCq2Q9lHOjIFw=\/0x0:567x317\/984x0\/smart\/filters:strip_icc()\/i.s3.glbimg.com\/v1\/AUTH_59edd422c0c84a879bd37670ae4f538a\/internal_photos\/bs\/2022\/B\/3\/kBPGs7SeuY7NNRbU6zbw\/cabelo-2.jpg 984w, https:\/\/s2.glbimg.com\/g5XZ5K3DA83JIOukPhtUIUqnTrI=\/0x0:567x317\/640x0\/smart\/filters:strip_icc()\/i.s3.glbimg.com\/v1\/AUTH_59edd422c0c84a879bd37670ae4f538a\/internal_photos\/bs\/2022\/B\/3\/kBPGs7SeuY7NNRbU6zbw\/cabelo-2.jpg 640w, https:\/\/s2.glbimg.com\/ggA_jR5QNePS-Z8LymQqM1VZuY4=\/0x0:567x317\/600x0\/smart\/filters:strip_icc()\/i.s3.glbimg.com\/v1\/AUTH_59edd422c0c84a879bd37670ae4f538a\/internal_photos\/bs\/2022\/B\/3\/kBPGs7SeuY7NNRbU6zbw\/cabelo-2.jpg 600w\" alt=\"A manicure Josiane Reis de Souza ficou dias sem enxergar ap\u00f3s usar pomada para fazer tran\u00e7as no cabelo  \u2014 Foto: Reprodu\u00e7\u00e3o\" \/><\/figure>\n<\/div>\n<p class=\"content-media__description \">A manicure Josiane Reis de Souza ficou dias sem enxergar ap\u00f3s usar pomada para fazer tran\u00e7as no cabelo \u2014 Foto: Reprodu\u00e7\u00e3o<\/p>\n<\/div>\n<\/div>\n<\/div>\n<div id=\"chunk-4l9ai\">\n<div class=\"mc-column content-text active-extra-styles quote\">\n<div class=\"quote__caption\">&#8220;Quando sa\u00ed da piscina e come\u00e7ou a escorrer, a minha vis\u00e3o foi ficando toda esbranqui\u00e7ada, tudo nublado, parecia que eu estava dentro de uma nuvem de fuma\u00e7a. Durante a madrugada, j\u00e1 n\u00e3o conseguia mais enxergar. Tive que ir ao hospital porque meus olhos queimavam muito. Chegando no Hospital do Olho, o m\u00e9dico averiguou que a minha c\u00f3rnea havia sido queimada.<\/div>\n<div class=\"quote__author\">\u2014 Josiane Reis de Souza ao relatar o que sentiu na \u00e9poca ao usar a pomada<\/div>\n<\/div>\n<\/div>\n<div id=\"chunk-b29jt\">\n<div class=\"mc-column content-text active-extra-styles \" data-block-type=\"unstyled\" data-block-weight=\"30\" data-block-id=\"23\">\n<p class=\"content-text__container \" data-track-category=\"Link no Texto\" data-track-links=\"\">A dona de casa Mayara Santana<a href=\"https:\/\/g1.globo.com\/pe\/pernambuco\/carnaval\/2023\/noticia\/2023\/02\/06\/produtos-de-cabelo-levam-dezenas-de-pessoas-para-emergencias-oftalmologicas-apos-previas-carnavalescas-no-recife-e-em-olinda.ghtml\">\u00a0tamb\u00e9m passou por situa\u00e7\u00e3o parecida<\/a>. Ela disse que comprou uma pomada capilar em uma loja de cosm\u00e9ticos e usou o produto por conta pr\u00f3pria.<\/p>\n<\/div>\n<\/div>\n<div class=\"mc-column content-text active-extra-styles\" data-block-type=\"raw\" data-block-weight=\"28\" data-block-id=\"24\">\n<p class=\"content-text__container\">\n<blockquote class=\"content-blockquote theme-border-color-primary-before\"><p>&#8220;Usei a pomada para fazer tran\u00e7as no cabelo. Por volta das 17h, come\u00e7ou a chover e eu senti um inc\u00f4modo intenso, uma ard\u00eancia muito grande nos olhos&#8221;, contou.<\/p><\/blockquote>\n<p>&nbsp;<\/p>\n<\/div>\n<div id=\"chunk-7jlsv\">\n<div class=\"row medium-uncollapsed content-media content-photo\" data-block-type=\"backstage-photo\" data-block-id=\"25\">\n<div class=\"mc-column content-media__container\">\n<div class=\"content-media-container glb-skeleton-box\">\n<figure class=\"content-media-figure\"><img class=\"i-amphtml-fill-content i-amphtml-replaced-content\" src=\"https:\/\/s2.glbimg.com\/WuxSaXyuHpYuinkElVf8KDRJLK0=\/0x0:567x317\/984x0\/smart\/filters:strip_icc()\/i.s3.glbimg.com\/v1\/AUTH_59edd422c0c84a879bd37670ae4f538a\/internal_photos\/bs\/2023\/j\/R\/etljlMRxmGRXTxx3t4Hg\/pomada-cabelo.jpg\" sizes=\"(max-width: 1366px) 648px, 100vw\" srcset=\"https:\/\/s2.glbimg.com\/uRC9yYmHsGn_fAfgORiGMeLq7vs=\/0x0:567x317\/1000x0\/smart\/filters:strip_icc()\/i.s3.glbimg.com\/v1\/AUTH_59edd422c0c84a879bd37670ae4f538a\/internal_photos\/bs\/2023\/j\/R\/etljlMRxmGRXTxx3t4Hg\/pomada-cabelo.jpg 1000w, https:\/\/s2.glbimg.com\/WuxSaXyuHpYuinkElVf8KDRJLK0=\/0x0:567x317\/984x0\/smart\/filters:strip_icc()\/i.s3.glbimg.com\/v1\/AUTH_59edd422c0c84a879bd37670ae4f538a\/internal_photos\/bs\/2023\/j\/R\/etljlMRxmGRXTxx3t4Hg\/pomada-cabelo.jpg 984w, https:\/\/s2.glbimg.com\/1PKZxjHxtPiJAM7AgC5pzQwMb8Y=\/0x0:567x317\/640x0\/smart\/filters:strip_icc()\/i.s3.glbimg.com\/v1\/AUTH_59edd422c0c84a879bd37670ae4f538a\/internal_photos\/bs\/2023\/j\/R\/etljlMRxmGRXTxx3t4Hg\/pomada-cabelo.jpg 640w, https:\/\/s2.glbimg.com\/Q4Ofihr7ugNW8PpFr4MxOhSTCpI=\/0x0:567x317\/600x0\/smart\/filters:strip_icc()\/i.s3.glbimg.com\/v1\/AUTH_59edd422c0c84a879bd37670ae4f538a\/internal_photos\/bs\/2023\/j\/R\/etljlMRxmGRXTxx3t4Hg\/pomada-cabelo.jpg 600w\" alt=\"A dona de casa Mayara Santana precisou usar tamp\u00e3o no olho ap\u00f3s sofrer queimadura na retina ap\u00f3s pomada capilar cair nos olhos \u2014 Foto: Mayara Santana\/Arquivo pessoal \u2014 Foto: Reprodu\u00e7\u00e3o\" \/><\/figure>\n<\/div>\n<p class=\"content-media__description \">A dona de casa Mayara Santana precisou usar tamp\u00e3o no olho ap\u00f3s sofrer queimadura na retina ap\u00f3s pomada capilar cair nos olhos \u2014 Foto: Mayara Santana\/Arquivo pessoal \u2014 Foto: Reprodu\u00e7\u00e3o<\/p>\n<\/div>\n<\/div>\n<\/div>\n<div class=\"mc-column content-text active-extra-styles\" data-block-type=\"raw\" data-block-weight=\"9\" data-block-id=\"27\">\n<div class=\"content-intertitle\">\n<h2>Entenda o que as pomadas podem causar nos olhos<\/h2>\n<\/div>\n<\/div>\n<div id=\"chunk-fhk1v\">\n<div class=\"mc-column content-text active-extra-styles \" data-block-type=\"unstyled\" data-block-weight=\"20\" data-block-id=\"28\">\n<p class=\"content-text__container \" data-track-category=\"Link no Texto\" data-track-links=\"\">M\u00e9dicos especialistas afirmam que o contato de produtos qu\u00edmicos com a c\u00f3rnea pode levar a\u00a0<strong>queimaduras e at\u00e9 cegueira definitiva<\/strong>.<\/p>\n<\/div>\n<\/div>\n<div id=\"chunk-4p5t0\">\n<div class=\"mc-column content-text active-extra-styles \" data-block-type=\"unstyled\" data-block-weight=\"24\" data-block-id=\"29\">\n<p class=\"content-text__container \" data-track-category=\"Link no Texto\" data-track-links=\"\">Segundo o oftalmologista Keller Azevedo, alguns tipos de produto podem causar a\u00a0<strong>ceratite qu\u00edmica<\/strong>, uma esp\u00e9cie de queimadura que danifica a superf\u00edcie da c\u00f3rnea.<\/p>\n<\/div>\n<\/div>\n<div class=\"mc-column content-text active-extra-styles\" data-block-type=\"raw\" data-block-weight=\"14\" data-block-id=\"30\">\n<blockquote class=\"content-blockquote theme-border-color-primary-before\"><p>&#8220;Se for superficial, \u00e9 um emba\u00e7amento tempor\u00e1rio. Se for profundo, pode ser definitivo&#8221;, afirmou<\/p><\/blockquote>\n<\/div>\n<div class=\"mc-column content-text active-extra-styles\" data-block-type=\"raw\" data-block-weight=\"5\" data-block-id=\"31\">\n<div class=\"content-intertitle\">\n<h2>Orienta\u00e7\u00f5es sobre o que fazer<\/h2>\n<\/div>\n<\/div>\n<div class=\"mc-column content-text active-extra-styles\" data-block-type=\"raw\" data-block-weight=\"64\" data-block-id=\"32\">\n<ul class=\"content-unordered-list\">\n<li>Como esses produtos podem<span class=\"highlight highlighted\">\u00a0permanecer no cabelo por horas ou dias<\/span>, \u00e9 importante\u00a0<strong>proteger os olhos quando o cabelo entrar em contato com a \u00e1gua ap\u00f3s a aplica\u00e7\u00e3o<\/strong>.<\/li>\n<li>Caso a pessoa tenha algum efeito adverso com o produto cosm\u00e9tico, ela deve<strong>\u00a0notificar a Anvisa<\/strong>. O relato pode ser enviado atrav\u00e9s de dois links:\u00a0<a href=\"https:\/\/pesquisa.anvisa.gov.br\/index.php\/368782?lang=pt-BR\" target=\"_blank\" rel=\"noopener\">Cidad\u00e3o e profissionais de sal\u00e3o de beleza<\/a>\u00a0e\u00a0<a href=\"https:\/\/www8.anvisa.gov.br\/notivisa\/frmlogin.asp\" target=\"_blank\" rel=\"noopener\">Profissional de sa\u00fade<\/a>.<\/li>\n<\/ul>\n<\/div>\n<div class=\"mc-column content-text active-extra-styles\" data-block-type=\"raw\" data-block-weight=\"1\" data-block-id=\"33\">\n<div class=\"content-intertitle\">\n<h2>Consumidores<\/h2>\n<\/div>\n<\/div>\n<div class=\"mc-column content-text active-extra-styles\" data-block-type=\"raw\" data-block-weight=\"64\" data-block-id=\"34\">\n<ul class=\"content-unordered-list\">\n<li><strong><span class=\"highlight highlighted\">N\u00e3o use ou adquira esses produtos.<\/span><\/strong><\/li>\n<li>Se fez uso recente,\u00a0<strong>lave os cabelos com cuidado<\/strong>, sempre lembrando de inclinar a cabe\u00e7a para tr\u00e1s, para que o produto n\u00e3o entre em contato com os olhos.<\/li>\n<li>Em caso de contato acidental com os olhos,<strong>\u00a0lave imediatamente com \u00e1gua\u00a0<\/strong>em abund\u00e2ncia\/<\/li>\n<li>Em caso de qualquer efeito indesejado procure imediatamente o servi\u00e7o de sa\u00fade mais pr\u00f3ximo de voc\u00ea.<\/li>\n<\/ul>\n<\/div>\n<div class=\"mc-column content-text active-extra-styles\" data-block-type=\"raw\" data-block-weight=\"4\" data-block-id=\"36\">\n<div class=\"content-intertitle\">\n<h2>Profissionais, sal\u00f5es e com\u00e9rcio<\/h2>\n<\/div>\n<\/div>\n<div id=\"chunk-2vhv3\">\n<div class=\"mc-column content-text active-extra-styles \" data-block-type=\"unstyled\" data-block-weight=\"15\" data-block-id=\"37\">\n<p class=\"content-text__container \" data-track-category=\"Link no Texto\" data-track-links=\"\">J\u00e1 no caso\u00a0<strong>profissionais\u00a0<\/strong>que atuam em sal\u00f5es e com\u00e9rcio em geral, as orienta\u00e7\u00f5es s\u00e3o:<\/p>\n<\/div>\n<\/div>\n<div class=\"mc-column content-text active-extra-styles\" data-block-type=\"raw\" data-block-weight=\"49\" data-block-id=\"38\">\n<ul class=\"content-unordered-list\">\n<li><strong><span class=\"highlight highlighted\">N\u00e3o utilizem esses produtos em nenhum cliente.<\/span><\/strong><\/li>\n<li>O\u00a0<strong>manuseio do produto tamb\u00e9m pode trazer risco<\/strong>\u00a0aos aplicadores.<\/li>\n<li>N\u00e3o comercialize esses produtos enquanto a medida estiver em vigor.<\/li>\n<li>N\u00e3o existe determina\u00e7\u00e3o de recolhimento no momento, mas o\u00a0<strong>produto deve ficar separado e n\u00e3o deve ser exposto ao consumo\u00a0<\/strong>ou uso.<\/li>\n<\/ul>\n<\/div>\n<\/div>\n<\/article>\n<\/div>\n","protected":false},"excerpt":{"rendered":"<p>Anvisa pro\u00edbe venda de todas as pomadas para modelar e tran\u00e7ar cabelos A Ag\u00eancia Nacional de Vigil\u00e2ncia Sanit\u00e1ria (Anvisa) proibiu nesta sexta-feira (10) a\u00a0venda no pa\u00eds de\u00a0todas as pomadas\u00a0para tran\u00e7ar, modelar ou fixar cabelos. Segundo a Anvisa, a decis\u00e3o \u00e9 preventiva e tempor\u00e1ria e foi adotada em raz\u00e3o do aumento do n\u00famero de casos de\u00a0&#8220;efeitos [&hellip;]<\/p>\n","protected":false},"author":2,"featured_media":0,"comment_status":"open","ping_status":"open","sticky":false,"template":"","format":"standard","meta":{"_links_to":"","_links_to_target":""},"categories":[7,9,8,1],"tags":[],"_links":{"self":[{"href":"https:\/\/www.ilheusnoticias.net.br\/v1\/wp-json\/wp\/v2\/posts\/30961"}],"collection":[{"href":"https:\/\/www.ilheusnoticias.net.br\/v1\/wp-json\/wp\/v2\/posts"}],"about":[{"href":"https:\/\/www.ilheusnoticias.net.br\/v1\/wp-json\/wp\/v2\/types\/post"}],"author":[{"embeddable":true,"href":"https:\/\/www.ilheusnoticias.net.br\/v1\/wp-json\/wp\/v2\/users\/2"}],"replies":[{"embeddable":true,"href":"https:\/\/www.ilheusnoticias.net.br\/v1\/wp-json\/wp\/v2\/comments?post=30961"}],"version-history":[{"count":1,"href":"https:\/\/www.ilheusnoticias.net.br\/v1\/wp-json\/wp\/v2\/posts\/30961\/revisions"}],"predecessor-version":[{"id":30962,"href":"https:\/\/www.ilheusnoticias.net.br\/v1\/wp-json\/wp\/v2\/posts\/30961\/revisions\/30962"}],"wp:attachment":[{"href":"https:\/\/www.ilheusnoticias.net.br\/v1\/wp-json\/wp\/v2\/media?parent=30961"}],"wp:term":[{"taxonomy":"category","embeddable":true,"href":"https:\/\/www.ilheusnoticias.net.br\/v1\/wp-json\/wp\/v2\/categories?post=30961"},{"taxonomy":"post_tag","embeddable":true,"href":"https:\/\/www.ilheusnoticias.net.br\/v1\/wp-json\/wp\/v2\/tags?post=30961"}],"curies":[{"name":"wp","href":"https:\/\/api.w.org\/{rel}","templated":true}]}}