{"id":30959,"date":"2023-02-10T10:40:19","date_gmt":"2023-02-10T13:40:19","guid":{"rendered":"https:\/\/www.ilheusnoticias.net.br\/v1\/?p=30959"},"modified":"2023-02-10T10:40:19","modified_gmt":"2023-02-10T13:40:19","slug":"vem-viver-verao-fortalece-economia-e-turismo-durante-temporada-de-cruzeiros-em-ilheus","status":"publish","type":"post","link":"https:\/\/www.ilheusnoticias.net.br\/v1\/2023\/02\/10\/vem-viver-verao-fortalece-economia-e-turismo-durante-temporada-de-cruzeiros-em-ilheus\/","title":{"rendered":"Vem Viver Ver\u00e3o fortalece economia e turismo durante temporada de cruzeiros em Ilh\u00e9us"},"content":{"rendered":"<div class=\"imagem thumbnail col-xs-12 col-sm-8 col-md-6 col-lg-6 imagem-materia\"><a class=\"fresco\" title=\"\" href=\"https:\/\/portalfacilarquivos.blob.core.windows.net\/uploads\/ILHEUS\/imgOrig\/%7BEC15731D-06B1-DCBA-BBC5-A232CAAE0A2B%7D.jpg\" data-fresco-caption=\"\"><img loading=\"lazy\" title=\"\" src=\"https:\/\/portalfacilarquivos.blob.core.windows.net\/uploads\/ILHEUS\/img\/%7BEC15731D-06B1-DCBA-BBC5-A232CAAE0A2B%7D\/%7BEC15731D-06B1-DCBA-BBC5-A232CAAE0A2B%7D_650X450.jpg\" alt=\"Vem Viver Ver\u00e3o\" width=\"650\" height=\"450\" \/><\/a><\/p>\n<p class=\"bg-primary\">A temporada de cruzeiros tem movimentado Ilh\u00e9us desde o final de outubro do ano passado. Trazendo a bordo milhares de turistas, 17 navios j\u00e1 atracaram no Porto do Malhado. Na \u00faltima quarta-feira (8), o receptivo reuniu um misto de atividades, que inclu\u00edram dan\u00e7a, m\u00fasica e manifesta\u00e7\u00f5es culturais na Pra\u00e7a Dom Eduardo, Centro Hist\u00f3rico.<\/p>\n<\/div>\n<p>O prefeito M\u00e1rio Alexandre conferiu o evento e destacou a import\u00e2ncia do projeto Vem Viver Ver\u00e3o para fomento ao turismo no munic\u00edpio.<\/p>\n<div class=\"imagem thumbnail col-xs-12 col-sm-8 col-md-6 col-lg-6 imagem-materia\"><a class=\"fresco\" title=\"\" href=\"https:\/\/portalfacilarquivos.blob.core.windows.net\/uploads\/ILHEUS\/imgOrig\/%7BBABA15C0-AB33-CCC6-DEBD-BCCAB31E6640%7D.jpg\" data-fresco-caption=\"\"><img loading=\"lazy\" title=\"\" src=\"https:\/\/portalfacilarquivos.blob.core.windows.net\/uploads\/ILHEUS\/img\/%7BBABA15C0-AB33-CCC6-DEBD-BCCAB31E6640%7D\/%7BBABA15C0-AB33-CCC6-DEBD-BCCAB31E6640%7D_650X450.jpg\" alt=\"Vem Viver Ver\u00e3o\" width=\"650\" height=\"450\" \/><\/a><\/p>\n<p class=\"bg-primary\">\u201cCom planejamento e dedica\u00e7\u00e3o, a gente promove diversas a\u00e7\u00f5es para garantir que os turistas sejam bem acolhidos durante a visita \u00e0 nossa cidade. O Centro Hist\u00f3rico cheio, a economia em movimento e as pessoas elogiando o trabalho desenvolvido em Ilh\u00e9us demonstram que estamos no caminho certo. Vamos continuar trabalhando para garantir bem-estar para a nossa gente. Vem Viver Ver\u00e3o\u201d, disse M\u00e1rio Alexandre.<\/p>\n<\/div>\n<p>A iniciativa conta com o apoio da Centel Brasil, Drogarias Velanes, Bahia FM Sul, He-Net e Band Nordeste. O p\u00fablico presente se divertiu ao som da Banda Dilazenze, Charanga da Alegria e ao ritmo do Grupo Thy Dance.<\/p>\n<div class=\"imagem thumbnail col-xs-12 col-sm-8 col-md-6 col-lg-6 imagem-materia\"><a class=\"fresco\" title=\"\" href=\"https:\/\/portalfacilarquivos.blob.core.windows.net\/uploads\/ILHEUS\/imgOrig\/%7BBBBA20DC-ECEE-3C2E-CABB-EDABCBABCAEC%7D.jpg\" data-fresco-caption=\"\"><img loading=\"lazy\" title=\"\" src=\"https:\/\/portalfacilarquivos.blob.core.windows.net\/uploads\/ILHEUS\/img\/%7BBBBA20DC-ECEE-3C2E-CABB-EDABCBABCAEC%7D\/%7BBBBA20DC-ECEE-3C2E-CABB-EDABCBABCAEC%7D_650X450.jpg\" alt=\"Vem Viver Ver\u00e3o\" width=\"650\" height=\"450\" \/><\/a><\/p>\n<p class=\"bg-primary\">\u201cIlh\u00e9us \u00e9 uma cidade deslumbrante. Al\u00e9m das belezas naturais, a gente aproveita para dan\u00e7ar e entrar nesse clima acolhedor\u201d, comentou Alessandra Marques, turista do Rio de Janeiro. Cerca de 60 mil pessoas devem desembarcar no Porto do Malhado durante a alta esta\u00e7\u00e3o.<\/p>\n<\/div>\n<p>O Vem Viver Ver\u00e3o inclui cobertura e flashes ao vivo, brincadeiras, banho de espuma, distribui\u00e7\u00e3o de picol\u00e9s e protetor solar. Pol\u00edcia Militar, Sutram, Guarda Municipal e secretarias de Sa\u00fade e Servi\u00e7os Urbanos prestam todo suporte necess\u00e1rio \u00e0 a\u00e7\u00e3o.<\/p>\n<p>&nbsp;<\/p>\n<div class=\"imagem thumbnail col-xs-12 col-sm-8 col-md-6 col-lg-6 imagem-materia\"><a class=\"fresco\" title=\"\" href=\"https:\/\/portalfacilarquivos.blob.core.windows.net\/uploads\/ILHEUS\/imgOrig\/%7B2CDCE6C7-EED8-D8A6-75BB-BEC55C6A0C2E%7D.jpg\" data-fresco-caption=\"\"><img loading=\"lazy\" title=\"\" src=\"https:\/\/portalfacilarquivos.blob.core.windows.net\/uploads\/ILHEUS\/img\/%7B2CDCE6C7-EED8-D8A6-75BB-BEC55C6A0C2E%7D\/%7B2CDCE6C7-EED8-D8A6-75BB-BEC55C6A0C2E%7D_650X450.jpg\" alt=\"Vem Viver Ver\u00e3o\" width=\"650\" height=\"450\" \/><\/a><\/p>\n<p class=\"bg-primary\">Nos pr\u00f3ximos dois meses, mais 11 navios v\u00e3o ancorar na Terra do Cacau e Chocolate.<\/p>\n<\/div>\n<p>Ilh\u00e9us \u00e9 um dos destinos mais visitados da costa brasileira, sobretudo pelos romances famosos do saudoso escritor Jorge Amado, seu mais ilustre cidad\u00e3o. S\u00f3 no Centro Hist\u00f3rico, milhares de turistas conferem os principais pontos tur\u00edsticos, apreciando a literatura, culin\u00e1ria e a diversidade cultural que a cidade oferece.<\/p>\n","protected":false},"excerpt":{"rendered":"<p>A temporada de cruzeiros tem movimentado Ilh\u00e9us desde o final de outubro do ano passado. Trazendo a bordo milhares de turistas, 17 navios j\u00e1 atracaram no Porto do Malhado. Na \u00faltima quarta-feira (8), o receptivo reuniu um misto de atividades, que inclu\u00edram dan\u00e7a, m\u00fasica e manifesta\u00e7\u00f5es culturais na Pra\u00e7a Dom Eduardo, Centro Hist\u00f3rico. O prefeito [&hellip;]<\/p>\n","protected":false},"author":2,"featured_media":0,"comment_status":"open","ping_status":"open","sticky":false,"template":"","format":"standard","meta":{"_links_to":"","_links_to_target":""},"categories":[7,9,8,1],"tags":[],"_links":{"self":[{"href":"https:\/\/www.ilheusnoticias.net.br\/v1\/wp-json\/wp\/v2\/posts\/30959"}],"collection":[{"href":"https:\/\/www.ilheusnoticias.net.br\/v1\/wp-json\/wp\/v2\/posts"}],"about":[{"href":"https:\/\/www.ilheusnoticias.net.br\/v1\/wp-json\/wp\/v2\/types\/post"}],"author":[{"embeddable":true,"href":"https:\/\/www.ilheusnoticias.net.br\/v1\/wp-json\/wp\/v2\/users\/2"}],"replies":[{"embeddable":true,"href":"https:\/\/www.ilheusnoticias.net.br\/v1\/wp-json\/wp\/v2\/comments?post=30959"}],"version-history":[{"count":1,"href":"https:\/\/www.ilheusnoticias.net.br\/v1\/wp-json\/wp\/v2\/posts\/30959\/revisions"}],"predecessor-version":[{"id":30960,"href":"https:\/\/www.ilheusnoticias.net.br\/v1\/wp-json\/wp\/v2\/posts\/30959\/revisions\/30960"}],"wp:attachment":[{"href":"https:\/\/www.ilheusnoticias.net.br\/v1\/wp-json\/wp\/v2\/media?parent=30959"}],"wp:term":[{"taxonomy":"category","embeddable":true,"href":"https:\/\/www.ilheusnoticias.net.br\/v1\/wp-json\/wp\/v2\/categories?post=30959"},{"taxonomy":"post_tag","embeddable":true,"href":"https:\/\/www.ilheusnoticias.net.br\/v1\/wp-json\/wp\/v2\/tags?post=30959"}],"curies":[{"name":"wp","href":"https:\/\/api.w.org\/{rel}","templated":true}]}}