{"id":30957,"date":"2023-02-10T10:38:36","date_gmt":"2023-02-10T13:38:36","guid":{"rendered":"https:\/\/www.ilheusnoticias.net.br\/v1\/?p=30957"},"modified":"2023-02-10T10:38:36","modified_gmt":"2023-02-10T13:38:36","slug":"servico-de-convivencia-e-fortalecimento-de-vinculos-do-cras-sul-sera-reaberto-no-sol-e-mar","status":"publish","type":"post","link":"https:\/\/www.ilheusnoticias.net.br\/v1\/2023\/02\/10\/servico-de-convivencia-e-fortalecimento-de-vinculos-do-cras-sul-sera-reaberto-no-sol-e-mar\/","title":{"rendered":"Servi\u00e7o de Conviv\u00eancia e Fortalecimento de V\u00ednculos do CRAS Sul ser\u00e1 reaberto no Sol e Mar"},"content":{"rendered":"<div class=\"imagem thumbnail col-xs-12 col-sm-8 col-md-6 col-lg-6 imagem-materia\"><a class=\"fresco\" title=\"\" href=\"https:\/\/portalfacilarquivos.blob.core.windows.net\/uploads\/ILHEUS\/imgOrig\/%7B2CE21C03-BA5A-8165-B61D-D07A40BA15CA%7D.jpg\" data-fresco-caption=\"\"><img loading=\"lazy\" title=\"\" src=\"https:\/\/portalfacilarquivos.blob.core.windows.net\/uploads\/ILHEUS\/img\/%7B2CE21C03-BA5A-8165-B61D-D07A40BA15CA%7D\/%7B2CE21C03-BA5A-8165-B61D-D07A40BA15CA%7D_650X450.jpg\" alt=\"SCFC; SPS; Sol e Mar\" width=\"650\" height=\"450\" \/><\/a><\/p>\n<p class=\"bg-primary\">A Prefeitura de Ilh\u00e9us, por meio da Secretaria de Promo\u00e7\u00e3o Social e Combate \u00e0 Pobreza (SPS), retomar\u00e1 os atendimentos do Servi\u00e7o de Conviv\u00eancia e Fortalecimento de V\u00ednculos (SCFV) no Residencial Sol e Mar. O servi\u00e7o faz parte do Centro de Refer\u00eancia da Assist\u00eancia Social (<dfn id=\"dfn_materia_1_0\" title=\"\" data-trigger=\"hover\" data-toggle=\"popover\" data-placement=\"left\" data-content=\"Centro de Refer\u00eancia da Assist\u00eancia Social\" data-original-title=\"\">CRAS<\/dfn>) Sul e est\u00e1 previsto para ser reiniciado a partir do m\u00eas de mar\u00e7o, levando atendimento do Cadastro \u00danico (Cad\u00danico), Cart\u00e3o do Idoso, Passe Livre, Atendimento T\u00e9cnico e atividades com grupos de idosos, crian\u00e7as e gestantes.<\/p>\n<\/div>\n<p>\u201cTivemos uma reuni\u00e3o com a nova sindic\u00e2ncia do Sol e Mar, a s\u00edndica geral Elizabet Loyola e sua equipe, Railson Oliveira e La\u00edz Maria Santana. Sabemos da import\u00e2ncia do servi\u00e7o para a comunidade. Vamos organizar a equipe e fazer o m\u00e1ximo poss\u00edvel para reabrir as atividades o mais breve poss\u00edvel\u201d, ressaltou Rubenilton Silva, titular da SPS.<\/p>\n<p><strong>Servi\u00e7o de Conviv\u00eancia e Fortalecimento de V\u00ednculos<\/strong>\u00a0&#8211; Conjunto de servi\u00e7os realizados em grupos, de acordo com o seu ciclo de vida, e que busca complementar o trabalho social com fam\u00edlias e prevenir a ocorr\u00eancia de situa\u00e7\u00f5es de risco social.<\/p>\n<p>Al\u00e9m disso, o SCFV fortalece as rela\u00e7\u00f5es familiares e comunit\u00e1rias e promove a integra\u00e7\u00e3o e a troca de experi\u00eancias entre os participantes, valorizando o sentido de vida coletiva. O servi\u00e7o \u00e9 realizado por meio do Servi\u00e7o de Prote\u00e7\u00e3o e Atendimento Integral \u00e0s Fam\u00edlias (PAIF) e do Servi\u00e7o de Prote\u00e7\u00e3o e Atendimento Especializado \u00e0s Fam\u00edlias e Indiv\u00edduos (PAEFI).<\/p>\n","protected":false},"excerpt":{"rendered":"<p>A Prefeitura de Ilh\u00e9us, por meio da Secretaria de Promo\u00e7\u00e3o Social e Combate \u00e0 Pobreza (SPS), retomar\u00e1 os atendimentos do Servi\u00e7o de Conviv\u00eancia e Fortalecimento de V\u00ednculos (SCFV) no Residencial Sol e Mar. O servi\u00e7o faz parte do Centro de Refer\u00eancia da Assist\u00eancia Social (CRAS) Sul e est\u00e1 previsto para ser reiniciado a partir do [&hellip;]<\/p>\n","protected":false},"author":2,"featured_media":0,"comment_status":"open","ping_status":"open","sticky":false,"template":"","format":"standard","meta":{"_links_to":"","_links_to_target":""},"categories":[7,9,8,1],"tags":[],"_links":{"self":[{"href":"https:\/\/www.ilheusnoticias.net.br\/v1\/wp-json\/wp\/v2\/posts\/30957"}],"collection":[{"href":"https:\/\/www.ilheusnoticias.net.br\/v1\/wp-json\/wp\/v2\/posts"}],"about":[{"href":"https:\/\/www.ilheusnoticias.net.br\/v1\/wp-json\/wp\/v2\/types\/post"}],"author":[{"embeddable":true,"href":"https:\/\/www.ilheusnoticias.net.br\/v1\/wp-json\/wp\/v2\/users\/2"}],"replies":[{"embeddable":true,"href":"https:\/\/www.ilheusnoticias.net.br\/v1\/wp-json\/wp\/v2\/comments?post=30957"}],"version-history":[{"count":1,"href":"https:\/\/www.ilheusnoticias.net.br\/v1\/wp-json\/wp\/v2\/posts\/30957\/revisions"}],"predecessor-version":[{"id":30958,"href":"https:\/\/www.ilheusnoticias.net.br\/v1\/wp-json\/wp\/v2\/posts\/30957\/revisions\/30958"}],"wp:attachment":[{"href":"https:\/\/www.ilheusnoticias.net.br\/v1\/wp-json\/wp\/v2\/media?parent=30957"}],"wp:term":[{"taxonomy":"category","embeddable":true,"href":"https:\/\/www.ilheusnoticias.net.br\/v1\/wp-json\/wp\/v2\/categories?post=30957"},{"taxonomy":"post_tag","embeddable":true,"href":"https:\/\/www.ilheusnoticias.net.br\/v1\/wp-json\/wp\/v2\/tags?post=30957"}],"curies":[{"name":"wp","href":"https:\/\/api.w.org\/{rel}","templated":true}]}}