{"id":30953,"date":"2023-02-10T10:35:26","date_gmt":"2023-02-10T13:35:26","guid":{"rendered":"https:\/\/www.ilheusnoticias.net.br\/v1\/?p=30953"},"modified":"2023-02-10T10:35:26","modified_gmt":"2023-02-10T13:35:26","slug":"vara-da-infancia-promove-seminario-sobre-justica-restaurativa-para-servidores-do-hospital-materno-infantil-de-ilheus","status":"publish","type":"post","link":"https:\/\/www.ilheusnoticias.net.br\/v1\/2023\/02\/10\/vara-da-infancia-promove-seminario-sobre-justica-restaurativa-para-servidores-do-hospital-materno-infantil-de-ilheus\/","title":{"rendered":"Vara da Inf\u00e2ncia promove semin\u00e1rio sobre Justi\u00e7a Restaurativa para servidores do Hospital Materno-Infantil de Ilh\u00e9us"},"content":{"rendered":"<div class=\"Post\">\n<div class=\"Post-body\">\n<div class=\"Post-inner article\">\n<div class=\"PostFooterIcons metadata-icons\"><\/div>\n<\/div>\n<\/div>\n<\/div>\n<div class=\"Post\">\n<div class=\"Post-body\">\n<div class=\"Post-inner article\">\n<div class=\"PostHeaderIcons metadata-icons\"><img src=\"http:\/\/www.blogdothame.blog.br\/v1\/wp-content\/uploads\/2023\/02\/hminf-1.jpg\" \/><\/div>\n<div class=\"PostContent\">\n<p>&nbsp;<\/p>\n<p>Dentre as diversas atribui\u00e7\u00f5es no atendimento prestado no Hospital Materno Infantil Dr. Joaquim Sampaio, em Ilh\u00e9us, destaca-se a aten\u00e7\u00e3o \u00e0s mulheres com m\u00faltiplas peculiaridades. H\u00e1 casos de gestantes e pu\u00e9rperas que desejam entregar os filhos para ado\u00e7\u00e3o, mulheres e meninas que se submetem ao aborto legal, realiza\u00e7\u00e3o de partos de homens transexuais, e crian\u00e7as e adolescentes v\u00edtimas de viol\u00eancia f\u00edsica e sexual. Para a ju\u00edza da Vara da Inf\u00e2ncia e da Adolesc\u00eancia da Comarca de Ilh\u00e9us, Sandra Magali Mendon\u00e7a, estas situa\u00e7\u00f5es imp\u00f5em encaminhamentos e notifica\u00e7\u00f5es para atua\u00e7\u00e3o da rede de prote\u00e7\u00e3o, que interessam \u00e0 Justi\u00e7a Restaurativa, que pode intervir com formas de preven\u00e7\u00e3o de conflitos, promo\u00e7\u00e3o da pacifica\u00e7\u00e3o e de uma ambi\u00eancia harmoniosa atrav\u00e9s do di\u00e1logo seguro com mulheres e familiares. A Justi\u00e7a Restaurativa \u00e9 a justi\u00e7a de valor. Aquela que abre espa\u00e7o ao di\u00e1logo e oferece ao cidad\u00e3o os seus direitos.<\/p>\n<p>&nbsp;<\/p>\n<p>Por estes motivos, o Tribunal de Justi\u00e7a da Bahia e a Vara da Inf\u00e2ncia da Comarca de Ilh\u00e9us est\u00e3o promovendo, nos pr\u00f3ximos tr\u00eas dias (quarta, quinta e sexta-feiras), o I Semin\u00e1rio destinado a servidores da sa\u00fade do HMIJS, com temas relacionados \u00e0 inf\u00e2ncia e juventude na perspectiva das Pr\u00e1ticas Restaurativas. O evento acontece nos dias 8, 9 e 10, no Hospital Materno-Infantil e tem como meta a educa\u00e7\u00e3o permanente dos servidores da sa\u00fade do SUS de Ilh\u00e9us em temas relacionados \u00e0s crian\u00e7as e adolescentes, proporcionando a integra\u00e7\u00e3o dos trabalhadores na \u00e1rea de sa\u00fade, sensibilizando-os a atuarem conjuntamente na observ\u00e2ncia dos par\u00e2metros legais. Al\u00e9m de palestra, o evento conta com oficinas em grupos.<\/p>\n<\/div>\n<\/div>\n<\/div>\n<\/div>\n","protected":false},"excerpt":{"rendered":"<p>&nbsp; Dentre as diversas atribui\u00e7\u00f5es no atendimento prestado no Hospital Materno Infantil Dr. Joaquim Sampaio, em Ilh\u00e9us, destaca-se a aten\u00e7\u00e3o \u00e0s mulheres com m\u00faltiplas peculiaridades. H\u00e1 casos de gestantes e pu\u00e9rperas que desejam entregar os filhos para ado\u00e7\u00e3o, mulheres e meninas que se submetem ao aborto legal, realiza\u00e7\u00e3o de partos de homens transexuais, e crian\u00e7as [&hellip;]<\/p>\n","protected":false},"author":2,"featured_media":0,"comment_status":"open","ping_status":"open","sticky":false,"template":"","format":"standard","meta":{"_links_to":"","_links_to_target":""},"categories":[7,9,8,1],"tags":[],"_links":{"self":[{"href":"https:\/\/www.ilheusnoticias.net.br\/v1\/wp-json\/wp\/v2\/posts\/30953"}],"collection":[{"href":"https:\/\/www.ilheusnoticias.net.br\/v1\/wp-json\/wp\/v2\/posts"}],"about":[{"href":"https:\/\/www.ilheusnoticias.net.br\/v1\/wp-json\/wp\/v2\/types\/post"}],"author":[{"embeddable":true,"href":"https:\/\/www.ilheusnoticias.net.br\/v1\/wp-json\/wp\/v2\/users\/2"}],"replies":[{"embeddable":true,"href":"https:\/\/www.ilheusnoticias.net.br\/v1\/wp-json\/wp\/v2\/comments?post=30953"}],"version-history":[{"count":1,"href":"https:\/\/www.ilheusnoticias.net.br\/v1\/wp-json\/wp\/v2\/posts\/30953\/revisions"}],"predecessor-version":[{"id":30954,"href":"https:\/\/www.ilheusnoticias.net.br\/v1\/wp-json\/wp\/v2\/posts\/30953\/revisions\/30954"}],"wp:attachment":[{"href":"https:\/\/www.ilheusnoticias.net.br\/v1\/wp-json\/wp\/v2\/media?parent=30953"}],"wp:term":[{"taxonomy":"category","embeddable":true,"href":"https:\/\/www.ilheusnoticias.net.br\/v1\/wp-json\/wp\/v2\/categories?post=30953"},{"taxonomy":"post_tag","embeddable":true,"href":"https:\/\/www.ilheusnoticias.net.br\/v1\/wp-json\/wp\/v2\/tags?post=30953"}],"curies":[{"name":"wp","href":"https:\/\/api.w.org\/{rel}","templated":true}]}}