{"id":30948,"date":"2023-02-09T16:05:28","date_gmt":"2023-02-09T19:05:28","guid":{"rendered":"https:\/\/www.ilheusnoticias.net.br\/v1\/?p=30948"},"modified":"2023-02-09T16:05:28","modified_gmt":"2023-02-09T19:05:28","slug":"professor-de-idiomas-aluno-nota-mil-na-redacao-do-enem-na-bahia-conciliou-estudos-com-trabalho-resultado-compensou-o-esforco","status":"publish","type":"post","link":"https:\/\/www.ilheusnoticias.net.br\/v1\/2023\/02\/09\/professor-de-idiomas-aluno-nota-mil-na-redacao-do-enem-na-bahia-conciliou-estudos-com-trabalho-resultado-compensou-o-esforco\/","title":{"rendered":"Professor de idiomas, aluno nota mil na reda\u00e7\u00e3o do Enem na Bahia conciliou estudos com trabalho: &#8216;resultado compensou o esfor\u00e7o&#8217;"},"content":{"rendered":"<div class=\"row content-head non-featured \">\n<div class=\"title\" data-block-type=\"title\" data-block-id=\"0\"><\/div>\n<div class=\"medium-centered subtitle\">\n<h2 class=\"content-head__subtitle\"><span style=\"font-size: 16px;\">Por Jo\u00e3o Souza, g1 BA<\/span><\/h2>\n<\/div>\n<\/div>\n<div class=\"content__signa-share\">\n<div class=\"content__signature\">\n<div class=\"content-publication-data\">\n<div class=\"content-publication-data__text\">\n<p class=\"content-publication-data__updated\">\n<\/div>\n<\/div>\n<\/div>\n<div class=\"content__share-bar content__share-bar--cloned\" data-position=\"upper\"><\/div>\n<\/div>\n<div class=\"mc-article-body\">\n<article>\n<div id=\"chunk-634as\">\n<div class=\"row medium-uncollapsed content-media content-photo\" data-block-type=\"backstage-photo\" data-block-id=\"1\">\n<div class=\"mc-column content-media__container\">\n<div class=\"content-media-container glb-skeleton-box\">\n<figure class=\"content-media-figure\"><img class=\"i-amphtml-fill-content i-amphtml-replaced-content\" src=\"https:\/\/s2.glbimg.com\/wVY5W045CRLgqa4_R4DXLCzNZhI=\/0x0:943x938\/984x0\/smart\/filters:strip_icc()\/i.s3.glbimg.com\/v1\/AUTH_59edd422c0c84a879bd37670ae4f538a\/internal_photos\/bs\/2023\/T\/B\/C0RF5GT6GFpklr3dsvRg\/whatsapp-image-2023-02-09-at-10.43.21.jpg\" sizes=\"(max-width: 1366px) 648px, 100vw\" srcset=\"https:\/\/s2.glbimg.com\/e2v2uBLgReHqnCAqKQZ79-zmsr8=\/0x0:943x938\/1000x0\/smart\/filters:strip_icc()\/i.s3.glbimg.com\/v1\/AUTH_59edd422c0c84a879bd37670ae4f538a\/internal_photos\/bs\/2023\/T\/B\/C0RF5GT6GFpklr3dsvRg\/whatsapp-image-2023-02-09-at-10.43.21.jpg 1000w, https:\/\/s2.glbimg.com\/wVY5W045CRLgqa4_R4DXLCzNZhI=\/0x0:943x938\/984x0\/smart\/filters:strip_icc()\/i.s3.glbimg.com\/v1\/AUTH_59edd422c0c84a879bd37670ae4f538a\/internal_photos\/bs\/2023\/T\/B\/C0RF5GT6GFpklr3dsvRg\/whatsapp-image-2023-02-09-at-10.43.21.jpg 984w, https:\/\/s2.glbimg.com\/an45H1dGZh6UVgBZLVtKogqIIXU=\/0x0:943x938\/640x0\/smart\/filters:strip_icc()\/i.s3.glbimg.com\/v1\/AUTH_59edd422c0c84a879bd37670ae4f538a\/internal_photos\/bs\/2023\/T\/B\/C0RF5GT6GFpklr3dsvRg\/whatsapp-image-2023-02-09-at-10.43.21.jpg 640w, https:\/\/s2.glbimg.com\/UG04WhO_hFlqSj7b7PtXtU1g9XE=\/0x0:943x938\/600x0\/smart\/filters:strip_icc()\/i.s3.glbimg.com\/v1\/AUTH_59edd422c0c84a879bd37670ae4f538a\/internal_photos\/bs\/2023\/T\/B\/C0RF5GT6GFpklr3dsvRg\/whatsapp-image-2023-02-09-at-10.43.21.jpg 600w\" alt=\"Professor de idiomas, aluno nota mil na reda\u00e7\u00e3o do Enem na Bahia conciliou estudos com trabalho \u2014 Foto: Arquivo Pessoal\" \/><\/figure>\n<\/div>\n<p class=\"content-media__description \">Professor de idiomas, aluno nota mil na reda\u00e7\u00e3o do Enem na Bahia conciliou estudos com trabalho \u2014 Foto: Arquivo Pessoal<\/p>\n<\/div>\n<\/div>\n<\/div>\n<div id=\"chunk-1gi7v\">\n<div class=\"mc-column content-text active-extra-styles \" data-block-type=\"unstyled\" data-block-weight=\"39\" data-block-id=\"3\">\n<p class=\"content-text__container \" data-track-category=\"Link no Texto\" data-track-links=\"\">O professor de idiomas Erick Quadros, de 23 anos, tirou mil na reda\u00e7\u00e3o do\u00a0<a href=\"https:\/\/g1.globo.com\/tudo-sobre\/enem\/\">Exame Nacional do Ensino M\u00e9dio<\/a> (Enem) 2022. Para conseguir a nota, o aluno conciliou rotina de estudos em um curso de pr\u00e9-vestibular com o trabalho.<\/p>\n<\/div>\n<\/div>\n<div class=\"wall protected-content\">\n<div id=\"chunk-3bagg\">\n<div class=\"mc-column content-text active-extra-styles \" data-block-type=\"unstyled\" data-block-weight=\"36\" data-block-id=\"5\">\n<p class=\"content-text__container \" data-track-category=\"Link no Texto\" data-track-links=\"\">&#8220;Foi uma surpresa, eu n\u00e3o esperava que seria mil, mas esperava que seria uma nota acima de 900 por causa dos simulados e corre\u00e7\u00f5es de outras reda\u00e7\u00f5es que fiz durante o ano&#8221;, contou ao\u00a0<a href=\"https:\/\/g1.globo.com\/ba\/bahia\/\"><strong>g1<\/strong><\/a>.<\/p>\n<\/div>\n<\/div>\n<div id=\"chunk-3ld6c\">\n<div class=\"mc-column content-text active-extra-styles \" data-block-type=\"unstyled\" data-block-weight=\"42\" data-block-id=\"6\">\n<p class=\"content-text__container \" data-track-category=\"Link no Texto\" data-track-links=\"\">A prepara\u00e7\u00e3o de Erick, morador do bairro da Pituba, em\u00a0<a href=\"https:\/\/g1.globo.com\/ba\/bahia\/cidade\/salvador\/\">Salvador<\/a>, come\u00e7ava nas primeiras horas do dia, quando se arrumava e ia para o pr\u00e9-vestibular, \u00e0s 7h. Ao longo do ano passado, foram mais de 40 reda\u00e7\u00f5es feitas, de diversos temas.<\/p>\n<\/div>\n<\/div>\n<div class=\"mc-column content-text active-extra-styles\" data-block-type=\"raw\" data-block-weight=\"39\" data-block-id=\"8\">\n<blockquote class=\"content-blockquote theme-border-color-primary-before\"><p>&#8220;Treinei bastante com o objetivo de cursar medicina. Meu objetivo, minha meta \u00e9 a Ufba, ent\u00e3o mesmo com a nota da reda\u00e7\u00e3o m\u00e1xima, tem a m\u00e9dia global e eu n\u00e3o tenho certeza da aprova\u00e7\u00e3o. Estou bem confiante e empolgado\u201d.<\/p><\/blockquote>\n<p>&nbsp;<\/p>\n<\/div>\n<div id=\"chunk-elhdj\">\n<div class=\"mc-column content-text active-extra-styles \" data-block-type=\"unstyled\" data-block-weight=\"25\" data-block-id=\"9\">\n<p class=\"content-text__container \" data-track-category=\"Link no Texto\" data-track-links=\"\">Ap\u00f3s as aulas no turno da manh\u00e3, Erick tinha a sala de estudos como destino. Era hora de se aperfei\u00e7oar com as corre\u00e7\u00f5es dos erros.<\/p>\n<\/div>\n<\/div>\n<div id=\"chunk-9vj7v\">\n<div class=\"mc-column content-text active-extra-styles \" data-block-type=\"unstyled\" data-block-weight=\"40\" data-block-id=\"10\">\n<p class=\"content-text__container \" data-track-category=\"Link no Texto\" data-track-links=\"\">\u201cEu me senti super confort\u00e1vel com o tema da reda\u00e7\u00e3o porque eu tive contato com o assunto durante as aulas. Foi tudo muito desafiador, j\u00e1 que eu trabalho em dois turnos, dando aula, mas o resultado compensou o esfor\u00e7o\u201d, contou.<\/p>\n<\/div>\n<\/div>\n<div id=\"chunk-2qm5j\">\n<div class=\"mc-column content-text active-extra-styles \" data-block-type=\"unstyled\" data-block-weight=\"46\" data-block-id=\"11\">\n<p class=\"content-text__container \" data-track-category=\"Link no Texto\" data-track-links=\"\">No final da tarde, o &#8220;nota mil&#8221; come\u00e7ava a rotina de trabalho. Erick d\u00e1 aulas de conversa\u00e7\u00e3o em ingl\u00eas e japon\u00eas online. Nas segundas e quartas, a carga hor\u00e1ria come\u00e7ava \u00e0s 16h e nas ter\u00e7as e quintas, um pouco mais tarde, entre 18h e 23h.<\/p>\n<\/div>\n<\/div>\n<div id=\"chunk-2fcj6\">\n<div class=\"mc-column content-text active-extra-styles \" data-block-type=\"unstyled\" data-block-weight=\"16\" data-block-id=\"12\">\n<p class=\"content-text__container \" data-track-category=\"Link no Texto\" data-track-links=\"\">Para al\u00e9m da determina\u00e7\u00e3o, o jovem deu dicas para um bom desempenho na reda\u00e7\u00e3o do Enem.<\/p>\n<\/div>\n<\/div>\n<div class=\"mc-column content-text active-extra-styles\" data-block-type=\"raw\" data-block-weight=\"34\" data-block-id=\"13\">\n<p class=\"content-text__container\">\n<blockquote class=\"content-blockquote theme-border-color-primary-before\"><p>\u201cVoc\u00ea tem que focar no que \u00e9 bom, trazer as coisas que voc\u00ea gosta e ter repert\u00f3rio. Eu memorizei muitos artigos da constitui\u00e7\u00e3o. \u00c9 criar um repert\u00f3rio, praticar, se aplicar na corre\u00e7\u00e3o de erros\u201d<\/p><\/blockquote>\n<\/div>\n<div class=\"mc-column content-text active-extra-styles\" data-block-type=\"raw\" data-block-weight=\"7\" data-block-id=\"15\">\n<div class=\"content-intertitle\">\n<h2>&#x1f4f1; Como consultar a nota do Enem?<\/h2>\n<\/div>\n<p>&nbsp;<\/p>\n<\/div>\n<div id=\"chunk-fb0a2\">\n<div class=\"row medium-uncollapsed content-media content-photo\" data-block-type=\"backstage-photo\" data-block-id=\"16\">\n<div class=\"mc-column content-media__container\">\n<div class=\"content-media-container glb-skeleton-box\">\n<figure class=\"content-media-figure\"><img class=\"i-amphtml-fill-content i-amphtml-replaced-content\" src=\"https:\/\/s2.glbimg.com\/37WGew41EBpBwUGakzQPaw-LNv0=\/0x0:991x508\/984x0\/smart\/filters:strip_icc()\/i.s3.glbimg.com\/v1\/AUTH_59edd422c0c84a879bd37670ae4f538a\/internal_photos\/bs\/2023\/M\/S\/P8uaMpQX6mFoASJyaUmg\/microsoftteams-image-15-.png\" sizes=\"(max-width: 1366px) 648px, 100vw\" srcset=\"https:\/\/s2.glbimg.com\/uSGIc8jM-sfPKU5VwinAbW2aA7w=\/0x0:991x508\/1000x0\/smart\/filters:strip_icc()\/i.s3.glbimg.com\/v1\/AUTH_59edd422c0c84a879bd37670ae4f538a\/internal_photos\/bs\/2023\/M\/S\/P8uaMpQX6mFoASJyaUmg\/microsoftteams-image-15-.png 1000w, https:\/\/s2.glbimg.com\/37WGew41EBpBwUGakzQPaw-LNv0=\/0x0:991x508\/984x0\/smart\/filters:strip_icc()\/i.s3.glbimg.com\/v1\/AUTH_59edd422c0c84a879bd37670ae4f538a\/internal_photos\/bs\/2023\/M\/S\/P8uaMpQX6mFoASJyaUmg\/microsoftteams-image-15-.png 984w, https:\/\/s2.glbimg.com\/Ry6mbbZ36X2vKVg3IndTAw1pLOc=\/0x0:991x508\/640x0\/smart\/filters:strip_icc()\/i.s3.glbimg.com\/v1\/AUTH_59edd422c0c84a879bd37670ae4f538a\/internal_photos\/bs\/2023\/M\/S\/P8uaMpQX6mFoASJyaUmg\/microsoftteams-image-15-.png 640w, https:\/\/s2.glbimg.com\/9VaJv76vnvV1ckb5_lbxuIEcCvs=\/0x0:991x508\/600x0\/smart\/filters:strip_icc()\/i.s3.glbimg.com\/v1\/AUTH_59edd422c0c84a879bd37670ae4f538a\/internal_photos\/bs\/2023\/M\/S\/P8uaMpQX6mFoASJyaUmg\/microsoftteams-image-15-.png 600w\" alt=\"P\u00e1gina de consulta de nota do Enem 2022 \u2014 Foto: Reprodu\u00e7\u00e3o\" \/><\/figure>\n<\/div>\n<p class=\"content-media__description \">P\u00e1gina de consulta de nota do Enem 2022 \u2014 Foto: Reprodu\u00e7\u00e3o<\/p>\n<\/div>\n<\/div>\n<\/div>\n<div id=\"chunk-cqnir\">\n<div class=\"mc-column content-text active-extra-styles \" data-block-type=\"unstyled\" data-block-weight=\"31\" data-block-id=\"17\">\n<p class=\"content-text__container \" data-track-category=\"Link no Texto\" data-track-links=\"\">O resultado do Enem 2022 j\u00e1 est\u00e1 dispon\u00edvel para consulta na\u00a0<a href=\"https:\/\/enem.inep.gov.br\/participante\/#!\/\" target=\"_blank\" rel=\"noopener\">P\u00e1gina do Participante<\/a>. Para acessar as notas,\u00a0<span class=\"highlight highlighted\">\u00e9 preciso fazer login digitando o CPF e a senha cadastrados no sistema.<\/span><\/p>\n<\/div>\n<\/div>\n<div id=\"chunk-fssv2\">\n<div class=\"mc-column content-text active-extra-styles \" data-block-type=\"unstyled\" data-block-weight=\"31\" data-block-id=\"18\">\n<p class=\"content-text__container \" data-track-category=\"Link no Texto\" data-track-links=\"\">Na previs\u00e3o inicial, os boletins de desempenho s\u00f3 sairiam na pr\u00f3xima semana, em 13 de fevereiro. A antecipa\u00e7\u00e3o do cronograma foi anunciada na quarta-feira (8), pelo ministro da Educa\u00e7\u00e3o, Camilo Santana.<\/p>\n<\/div>\n<\/div>\n<div id=\"chunk-csefv\">\n<div class=\"mc-column content-text active-extra-styles \" data-block-type=\"unstyled\" data-block-weight=\"26\" data-block-id=\"19\">\n<p class=\"content-text__container \" data-track-category=\"Link no Texto\" data-track-links=\"\">A nota do Enem \u00e9 usada na sele\u00e7\u00e3o de estudantes para o ensino superior, tanto em universidades p\u00fablicas e privadas no Brasil quanto em institui\u00e7\u00f5es internacionais.<\/p>\n<\/div>\n<\/div>\n<\/div>\n<\/article>\n<\/div>\n","protected":false},"excerpt":{"rendered":"<p>Por Jo\u00e3o Souza, g1 BA Professor de idiomas, aluno nota mil na reda\u00e7\u00e3o do Enem na Bahia conciliou estudos com trabalho \u2014 Foto: Arquivo Pessoal O professor de idiomas Erick Quadros, de 23 anos, tirou mil na reda\u00e7\u00e3o do\u00a0Exame Nacional do Ensino M\u00e9dio (Enem) 2022. Para conseguir a nota, o aluno conciliou rotina de estudos [&hellip;]<\/p>\n","protected":false},"author":2,"featured_media":0,"comment_status":"open","ping_status":"open","sticky":false,"template":"","format":"standard","meta":{"_links_to":"","_links_to_target":""},"categories":[7,9,8,1],"tags":[],"_links":{"self":[{"href":"https:\/\/www.ilheusnoticias.net.br\/v1\/wp-json\/wp\/v2\/posts\/30948"}],"collection":[{"href":"https:\/\/www.ilheusnoticias.net.br\/v1\/wp-json\/wp\/v2\/posts"}],"about":[{"href":"https:\/\/www.ilheusnoticias.net.br\/v1\/wp-json\/wp\/v2\/types\/post"}],"author":[{"embeddable":true,"href":"https:\/\/www.ilheusnoticias.net.br\/v1\/wp-json\/wp\/v2\/users\/2"}],"replies":[{"embeddable":true,"href":"https:\/\/www.ilheusnoticias.net.br\/v1\/wp-json\/wp\/v2\/comments?post=30948"}],"version-history":[{"count":1,"href":"https:\/\/www.ilheusnoticias.net.br\/v1\/wp-json\/wp\/v2\/posts\/30948\/revisions"}],"predecessor-version":[{"id":30949,"href":"https:\/\/www.ilheusnoticias.net.br\/v1\/wp-json\/wp\/v2\/posts\/30948\/revisions\/30949"}],"wp:attachment":[{"href":"https:\/\/www.ilheusnoticias.net.br\/v1\/wp-json\/wp\/v2\/media?parent=30948"}],"wp:term":[{"taxonomy":"category","embeddable":true,"href":"https:\/\/www.ilheusnoticias.net.br\/v1\/wp-json\/wp\/v2\/categories?post=30948"},{"taxonomy":"post_tag","embeddable":true,"href":"https:\/\/www.ilheusnoticias.net.br\/v1\/wp-json\/wp\/v2\/tags?post=30948"}],"curies":[{"name":"wp","href":"https:\/\/api.w.org\/{rel}","templated":true}]}}