{"id":30946,"date":"2023-02-09T16:02:55","date_gmt":"2023-02-09T19:02:55","guid":{"rendered":"https:\/\/www.ilheusnoticias.net.br\/v1\/?p=30946"},"modified":"2023-02-09T16:02:55","modified_gmt":"2023-02-09T19:02:55","slug":"consignado-do-bolsa-familia-ministro-diz-que-caixa-deve-retomar-emprestimo-com-novas-regras-banco-ainda-analisa","status":"publish","type":"post","link":"https:\/\/www.ilheusnoticias.net.br\/v1\/2023\/02\/09\/consignado-do-bolsa-familia-ministro-diz-que-caixa-deve-retomar-emprestimo-com-novas-regras-banco-ainda-analisa\/","title":{"rendered":"Consignado do Bolsa Fam\u00edlia: ministro diz que Caixa deve retomar empr\u00e9stimo com novas regras; banco ainda analisa"},"content":{"rendered":"<div class=\"row content-head non-featured \">\n<div class=\"title\" data-block-type=\"title\" data-block-id=\"0\">\n<h1 class=\"content-head__title\"><span style=\"font-size: 16px;\">Banco suspendeu contratos h\u00e1 quase um m\u00eas; nesta quinta, governo reduziu desconto mensal, juros e n\u00famero m\u00e1ximo de parcelas. Regras n\u00e3o mudam para empr\u00e9stimos j\u00e1 contratados.<\/span><\/h1>\n<\/div>\n<\/div>\n<div class=\"content__signa-share\">\n<div class=\"content__signature\">\n<div class=\"content-publication-data\">\n<div class=\"content-publication-data__text\">\n<p class=\"content-publication-data__updated\">O ministro do Desenvolvimento Social, <a href=\"https:\/\/g1.globo.com\/politica\/politico\/wellington-dias\/\">Wellington Dias<\/a>, afirmou nesta quinta-feira (9) que o governo vai &#8220;liberar&#8221; a retomada do empr\u00e9stimo consignado do Bolsa Fam\u00edlia pela\u00a0<a href=\"https:\/\/g1.globo.com\/tudo-sobre\/caixa-economica-federal\/\">Caixa Econ\u00f4mica Federal<\/a>\u00a0a partir das novas regras publicadas nesta quinta-feira (9).<\/p>\n<\/div>\n<\/div>\n<\/div>\n<\/div>\n<div class=\"mc-article-body\">\n<article>\n<div class=\"wall protected-content\">\n<div id=\"chunk-4qn7s\">\n<div class=\"mc-column content-text active-extra-styles \" data-block-type=\"unstyled\" data-block-weight=\"40\" data-block-id=\"3\">\n<p class=\"content-text__container \" data-track-category=\"Link no Texto\" data-track-links=\"\">A Caixa, no entanto, afirmou que ainda analisa o novo cen\u00e1rio e n\u00e3o tem data para a retomada (<a href=\"https:\/\/g1.globo.com\/economia\/noticia\/2023\/02\/09\/caixa-vai-retomar-consignado-do-auxilio-brasil-com-reducao-no-desconto-nos-juros-e-no-numero-de-parcelas-diz-wellington-dias.ghtml#caixa\">veja abaixo<\/a>). Em um empr\u00e9stimo consignado, as parcelas s\u00e3o debitadas automaticamente do sal\u00e1rio ou do benef\u00edcio, desde que haja saldo em conta.<\/p>\n<\/div>\n<\/div>\n<div id=\"chunk-cbgd\">\n<div class=\"mc-column content-text active-extra-styles \" data-block-type=\"unstyled\" data-block-weight=\"30\" data-block-id=\"4\">\n<p class=\"content-text__container \" data-track-category=\"Link no Texto\" data-track-links=\"\">Uma\u00a0<a href=\"https:\/\/g1.globo.com\/economia\/noticia\/2023\/02\/09\/governo-emprestimo-consignado-desconto.ghtml\">portaria publicada no &#8220;Di\u00e1rio Oficial da Uni\u00e3o&#8221;<\/a>\u00a0<span class=\"highlight highlighted\">limitou o desconto mensal dos benefici\u00e1rios a 5%<\/span>\u00a0\u2013 antes, at\u00e9 40% do benef\u00edcio podia ser abatido na folha a cada m\u00eas.<\/p>\n<\/div>\n<\/div>\n<div id=\"chunk-ab5ch\">\n<div class=\"mc-column content-text active-extra-styles \" data-block-type=\"unstyled\" data-block-weight=\"26\" data-block-id=\"5\">\n<p class=\"content-text__container \" data-track-category=\"Link no Texto\" data-track-links=\"\">A portaria tamb\u00e9m\u00a0<span class=\"highlight highlighted\">limitou o n\u00famero de presta\u00e7\u00f5es do empr\u00e9stimo a 6 parcelas mensais e sucessivas<\/span>. Antes, o n\u00famero m\u00e1ximo de parcelas era de 24 mensais.<\/p>\n<\/div>\n<\/div>\n<div id=\"chunk-fbljd\">\n<div class=\"mc-column content-text active-extra-styles \" data-block-type=\"unstyled\" data-block-weight=\"16\" data-block-id=\"6\">\n<p class=\"content-text__container \" data-track-category=\"Link no Texto\" data-track-links=\"\">Al\u00e9m disso, a\u00a0<span class=\"highlight highlighted\">taxa de juros n\u00e3o poder\u00e1 exceder 2,5% ao m\u00eas a partir desta quinta-feira<\/span>.<\/p>\n<\/div>\n<\/div>\n<div class=\"mc-column content-text active-extra-styles\" data-block-type=\"raw\" data-block-weight=\"24\" data-block-id=\"7\">\n<blockquote class=\"content-blockquote theme-border-color-primary-before\"><p>&#8220;Ele [o consignado] vai ser liberado nesta nova regra, a partir do que foi trabalhado hoje&#8221;, afirmou Dias a jornalistas no fim da manh\u00e3.<\/p><\/blockquote>\n<\/div>\n<div id=\"chunk-61f97\">\n<div class=\"mc-column content-text active-extra-styles \" data-block-type=\"unstyled\" data-block-weight=\"36\" data-block-id=\"8\">\n<p class=\"content-text__container \" data-track-category=\"Link no Texto\" data-track-links=\"\">A contrata\u00e7\u00e3o dos empr\u00e9stimos consignados foi<a href=\"https:\/\/g1.globo.com\/economia\/noticia\/2023\/01\/14\/caixa-suspende-emprestimo-consignado-do-auxilio-brasil-entenda.ghtml\">\u00a0suspensa pela Caixa Econ\u00f4mica Federal no dia 12 de janeiro<\/a>. Naquele momento, o banco p\u00fablico afirmou que a linha de cr\u00e9dito passaria por uma revis\u00e3o completa de par\u00e2metros e crit\u00e9rios.<\/p>\n<\/div>\n<\/div>\n<div id=\"chunk-1ml9q\">\n<div class=\"content-ads content-ads--reveal\" data-block-type=\"ads\" data-block-id=\"9\">\n<div id=\"banner_materia2\" class=\"tag-manager-publicidade-container mc-has-reveal mc-has-ad-lazyload tag-manager-publicidade-banner_materia2 tag-manager-publicidade-container--carregado tag-manager-publicidade-container--visivel\" data-id=\"banner_materia2\" data-google-query-id=\"CLjzpvqPif0CFUpLuAQd82oJCw\">\n<div id=\"google_ads_iframe_\/95377733\/tvg_G1\/Economia_5__container__\">&#8220;O Bolsa Fam\u00edlia n\u00e3o \u00e9 sal\u00e1rio, \u00e9 bolsa, uma prote\u00e7\u00e3o emergencial para garantir que a pessoa tenha apoio pra garantir eleva\u00e7\u00e3o da condi\u00e7\u00e3o de renda com emprego ou empreendedorismo. O que se fez ali foi uma perversidade com uma taxa de juros fora do padr\u00e3o, n\u00f3s reduzimos em 30% nessa taxa, coloca um limite porque reconhece para situa\u00e7\u00f5es emergenciais&#8221;, declarou Dias nesta quinta.<\/div>\n<\/div>\n<\/div>\n<\/div>\n<div id=\"chunk-eqbrm\">\n<div class=\"bs-video-block mc-column  content-media content-video\" data-block-type=\"backstage-video\" data-block-id=\"11\">\n<div class=\"content-media__container\">\n<div class=\"content-video__bigger-player-description-fixer\">\n<article class=\"content-video\">\n<section class=\"content-video__video-container\">\n<div class=\"content-video__video\">\n<div class=\"content-video__placeholder\" data-video-id=\"11354159\" data-video-has-viewport-play=\"True\"><img class=\"content-video__placeholder__thumb\" title=\"Entenda as novas regras do\u00a0consignado do Aux\u00edlio Brasil\" src=\"https:\/\/s04.video.glbimg.com\/x240\/11354159.jpg\" alt=\"Entenda as novas regras do\u00a0consignado do Aux\u00edlio Brasil\" \/><\/div>\n<div id=\"wp3-player-1\" class=\"clappr-player\" tabindex=\"9999\" data-player=\"\">\n<div class=\"dfp-ad-overlay dfp-ad-overlay--poster-mode\">\n<div>Entenda as novas regras do consignado do Aux\u00edlio Brasil<\/div>\n<\/div>\n<\/div>\n<\/div>\n<\/section>\n<\/article>\n<\/div>\n<\/div>\n<\/div>\n<\/div>\n<div class=\"mc-column content-text active-extra-styles\" data-block-type=\"raw\" data-block-weight=\"4\" data-block-id=\"13\">\n<div class=\"content-intertitle\">\n<h2>Caixa ainda analisa retomada<\/h2>\n<\/div>\n<\/div>\n<div id=\"chunk-36mdg\">\n<div class=\"mc-column content-text active-extra-styles \" data-block-type=\"unstyled\" data-block-weight=\"29\" data-block-id=\"14\">\n<p class=\"content-text__container \" data-track-category=\"Link no Texto\" data-track-links=\"\">Em nota divulgada nesta quinta, a Caixa afirmou que a an\u00e1lise do empr\u00e9stimo consignado do Bolsa Fam\u00edlia ainda n\u00e3o foi conclu\u00edda \u2013 e por isso,\u00a0<strong><span class=\"highlight highlighted\">novos contratos seguem suspensos<\/span><\/strong>.<\/p>\n<\/div>\n<\/div>\n<div id=\"chunk-13ed7\">\n<div class=\"mc-column content-text active-extra-styles \" data-block-type=\"unstyled\" data-block-weight=\"22\" data-block-id=\"15\">\n<p class=\"content-text__container \" data-track-category=\"Link no Texto\" data-track-links=\"\">Segundo o banco,\u00a0<strong><span class=\"highlight highlighted\">os novos crit\u00e9rios definidos na portaria do governo federal &#8220;est\u00e3o em an\u00e1lise e ser\u00e3o inclu\u00eddos nos estudos em andamento&#8221;<\/span><\/strong>.<\/p>\n<\/div>\n<\/div>\n<div id=\"chunk-2c8sn\">\n<div class=\"mc-column content-text active-extra-styles \" data-block-type=\"unstyled\" data-block-weight=\"42\" data-block-id=\"16\">\n<p class=\"content-text__container \" data-track-category=\"Link no Texto\" data-track-links=\"\">No come\u00e7o do ano, o governo anunciou que os endividados do consignado do Bolsa Fam\u00edlia\u00a0<a href=\"https:\/\/g1.globo.com\/politica\/noticia\/2023\/01\/04\/governo-renegociara-dividas-do-consignado-do-auxilio-brasil-diz-ministro.ghtml\">ser\u00e3o inclu\u00eddos no programa Desenrola Brasil<\/a>, promessa de campanha do presidente Luiz In\u00e1cio Lula da Silva para resolver o problema do alto n\u00edvel de endividamento dos brasileiros.<\/p>\n<\/div>\n<\/div>\n<div id=\"chunk-17par\">\n<div class=\"mc-column content-text active-extra-styles \" data-block-type=\"unstyled\" data-block-weight=\"41\" data-block-id=\"17\">\n<p class=\"content-text__container \" data-track-category=\"Link no Texto\" data-track-links=\"\">A\u00a0<a href=\"https:\/\/g1.globo.com\/tudo-sobre\/caixa-economica-federal\/\">Caixa Econ\u00f4mica Federal\u00a0<\/a>n\u00e3o \u00e9 o \u00fanico banco que oferece o cr\u00e9dito consignado para benefici\u00e1rios do Aux\u00edlio Brasil. Mas, segundo o Minist\u00e9rio da Cidadania, R$ 7,64 bilh\u00f5es (80% do total) foram feitos via Caixa, segundo balan\u00e7o at\u00e9 1\u00ba de novembro.<\/p>\n<\/div>\n<\/div>\n<div id=\"chunk-a45pe\">\n<div class=\"mc-column content-text active-extra-styles \" data-block-type=\"unstyled\" data-block-weight=\"20\" data-block-id=\"18\">\n<p class=\"content-text__container \" data-track-category=\"Link no Texto\" data-track-links=\"\">H\u00e1 pelo menos outras 11 institui\u00e7\u00f5es financeiras autorizadas pelo governo anterior a realizar os empr\u00e9stimos\u00a0<a href=\"https:\/\/g1.globo.com\/economia\/noticia\/2022\/10\/10\/consignado-do-auxilio-brasil-veja-lista-com-os-12-bancos-que-oferecem-o-emprestimo-a-partir-desta-segunda-feira.ghtml\">&#8211; veja aqui a lista<\/a>.<\/p>\n<\/div>\n<\/div>\n<div class=\"mc-column content-text active-extra-styles\" data-block-type=\"raw\" data-block-weight=\"4\" data-block-id=\"21\">\n<div class=\"content-intertitle\">\n<h2>Consignado pode ser armadilha<\/h2>\n<\/div>\n<p>A oferta de cr\u00e9dito consignado por meio do Aux\u00edlio Brasil foi criticada por especialistas e entidades por ser danosa \u00e0 popula\u00e7\u00e3o de baixa renda porque os recursos do programa costumam ser utilizados para gastos b\u00e1sicos de sobreviv\u00eancia.<\/p>\n<\/div>\n<div id=\"chunk-b02tl\">\n<div class=\"mc-column content-text active-extra-styles \" data-block-type=\"unstyled\" data-block-weight=\"37\" data-block-id=\"23\">\n<p class=\"content-text__container \" data-track-category=\"Link no Texto\" data-track-links=\"\">Fazer um empr\u00e9stimo consignado ligado ao Aux\u00edlio Brasil pode valer a pena para quem tem alguma necessidade urgente e inadi\u00e1vel \u2013 mas n\u00e3o para pagar as contas do dia a dia ou para fazer compras desnecess\u00e1rias.<\/p>\n<\/div>\n<\/div>\n<div id=\"chunk-35vga\">\n<div class=\"mc-column content-text active-extra-styles \" data-block-type=\"unstyled\" data-block-weight=\"15\" data-block-id=\"24\">\n<p class=\"content-text__container \" data-track-category=\"Link no Texto\" data-track-links=\"\">Isso porque\u00a0<strong><span class=\"highlight highlighted\">o cr\u00e9dito pode comprometer a renda dispon\u00edvel do benefici\u00e1rio por um longo prazo<\/span><\/strong>.<\/p>\n<\/div>\n<\/div>\n<div id=\"chunk-28vk8\">\n<div class=\"mc-column content-text active-extra-styles \" data-block-type=\"unstyled\" data-block-weight=\"13\" data-block-id=\"25\">\n<p class=\"content-text__container \" data-track-category=\"Link no Texto\" data-track-links=\"\">Assim, pode faltar dinheiro por v\u00e1rios meses para fazer gastos essenciais, como alimenta\u00e7\u00e3o.<\/p>\n<\/div>\n<\/div>\n<div id=\"chunk-cuti9\">\n<div class=\"mc-column content-text active-extra-styles \" data-block-type=\"unstyled\" data-block-weight=\"18\" data-block-id=\"26\">\n<p class=\"content-text__container \" data-track-category=\"Link no Texto\" data-track-links=\"\">Para o Idec, a taxa m\u00e1xima de juros original estabelecida pelo governo, de 3,5% ao m\u00eas, \u00e9 abusiva.<\/p>\n<\/div>\n<\/div>\n<div data-track-category=\"multicontent\" data-track-action=\"ultimo chunk conteudo\" data-track-noninteraction=\"false\" data-track-scroll=\"view\">\n<div id=\"chunk-6dej1\">\n<div class=\"mc-column content-text active-extra-styles \" data-block-type=\"unstyled\" data-block-weight=\"47\" data-block-id=\"27\">\n<p class=\"content-text__container \" data-track-category=\"Link no Texto\" data-track-links=\"\">\u201cIsso porque ela \u00e9 bem maior do que a praticada atualmente para outros tipos de empr\u00e9stimo consignado, como os para aposentados, pensionistas e servidores p\u00fablicos\u201d, diz a entidade. O instituto chegou a identificar mais de 2 mil reclama\u00e7\u00f5es de consumidores logo no in\u00edcio da libera\u00e7\u00e3o do empr\u00e9stimo.<\/p>\n<\/div>\n<\/div>\n<\/div>\n<\/div>\n<\/article>\n<\/div>\n","protected":false},"excerpt":{"rendered":"<p>Banco suspendeu contratos h\u00e1 quase um m\u00eas; nesta quinta, governo reduziu desconto mensal, juros e n\u00famero m\u00e1ximo de parcelas. Regras n\u00e3o mudam para empr\u00e9stimos j\u00e1 contratados. O ministro do Desenvolvimento Social, Wellington Dias, afirmou nesta quinta-feira (9) que o governo vai &#8220;liberar&#8221; a retomada do empr\u00e9stimo consignado do Bolsa Fam\u00edlia pela\u00a0Caixa Econ\u00f4mica Federal\u00a0a partir das [&hellip;]<\/p>\n","protected":false},"author":2,"featured_media":0,"comment_status":"open","ping_status":"open","sticky":false,"template":"","format":"standard","meta":{"_links_to":"","_links_to_target":""},"categories":[7,9,8,1],"tags":[],"_links":{"self":[{"href":"https:\/\/www.ilheusnoticias.net.br\/v1\/wp-json\/wp\/v2\/posts\/30946"}],"collection":[{"href":"https:\/\/www.ilheusnoticias.net.br\/v1\/wp-json\/wp\/v2\/posts"}],"about":[{"href":"https:\/\/www.ilheusnoticias.net.br\/v1\/wp-json\/wp\/v2\/types\/post"}],"author":[{"embeddable":true,"href":"https:\/\/www.ilheusnoticias.net.br\/v1\/wp-json\/wp\/v2\/users\/2"}],"replies":[{"embeddable":true,"href":"https:\/\/www.ilheusnoticias.net.br\/v1\/wp-json\/wp\/v2\/comments?post=30946"}],"version-history":[{"count":1,"href":"https:\/\/www.ilheusnoticias.net.br\/v1\/wp-json\/wp\/v2\/posts\/30946\/revisions"}],"predecessor-version":[{"id":30947,"href":"https:\/\/www.ilheusnoticias.net.br\/v1\/wp-json\/wp\/v2\/posts\/30946\/revisions\/30947"}],"wp:attachment":[{"href":"https:\/\/www.ilheusnoticias.net.br\/v1\/wp-json\/wp\/v2\/media?parent=30946"}],"wp:term":[{"taxonomy":"category","embeddable":true,"href":"https:\/\/www.ilheusnoticias.net.br\/v1\/wp-json\/wp\/v2\/categories?post=30946"},{"taxonomy":"post_tag","embeddable":true,"href":"https:\/\/www.ilheusnoticias.net.br\/v1\/wp-json\/wp\/v2\/tags?post=30946"}],"curies":[{"name":"wp","href":"https:\/\/api.w.org\/{rel}","templated":true}]}}