{"id":30944,"date":"2023-02-09T16:00:01","date_gmt":"2023-02-09T19:00:01","guid":{"rendered":"https:\/\/www.ilheusnoticias.net.br\/v1\/?p=30944"},"modified":"2023-02-09T16:00:01","modified_gmt":"2023-02-09T19:00:01","slug":"bolsa-familia-ministro-diz-ter-indicio-de-que-25-milhoes-recebem-beneficio-de-forma-indevida","status":"publish","type":"post","link":"https:\/\/www.ilheusnoticias.net.br\/v1\/2023\/02\/09\/bolsa-familia-ministro-diz-ter-indicio-de-que-25-milhoes-recebem-beneficio-de-forma-indevida\/","title":{"rendered":"Bolsa Fam\u00edlia: ministro diz ter ind\u00edcio de que 2,5 milh\u00f5es recebem benef\u00edcio de forma indevida"},"content":{"rendered":"<div class=\"row content-head non-featured \">\n<div class=\"title\" data-block-type=\"title\" data-block-id=\"0\">\n<h1 class=\"content-head__title\"><span style=\"font-size: 16px;\">Wellington Dias (Desenvolvimento Social) deu informa\u00e7\u00e3o ap\u00f3s visitar o Sol Nascente (DF). Ao todo, segundo o governo, 21,5 milh\u00f5es de fam\u00edlias receberam benef\u00edcio em dezembro.<\/span><img class=\"i-amphtml-fill-content i-amphtml-replaced-content\" style=\"font-size: 16px;\" src=\"https:\/\/s2.glbimg.com\/YLw74m9SpvCHz_QbDurprNQgGKA=\/0x0:4000x2669\/984x0\/smart\/filters:strip_icc()\/i.s3.glbimg.com\/v1\/AUTH_59edd422c0c84a879bd37670ae4f538a\/internal_photos\/bs\/2020\/E\/I\/lb8ifrTIGDuZ9ICLZpdg\/mpp20200928006.jpg\" sizes=\"(max-width: 1366px) 648px, 100vw\" srcset=\"https:\/\/s2.glbimg.com\/I8Ud7-jYtrut8kg-fQWxzsw9yhw=\/0x0:4000x2669\/1000x0\/smart\/filters:strip_icc()\/i.s3.glbimg.com\/v1\/AUTH_59edd422c0c84a879bd37670ae4f538a\/internal_photos\/bs\/2020\/E\/I\/lb8ifrTIGDuZ9ICLZpdg\/mpp20200928006.jpg 1000w, https:\/\/s2.glbimg.com\/YLw74m9SpvCHz_QbDurprNQgGKA=\/0x0:4000x2669\/984x0\/smart\/filters:strip_icc()\/i.s3.glbimg.com\/v1\/AUTH_59edd422c0c84a879bd37670ae4f538a\/internal_photos\/bs\/2020\/E\/I\/lb8ifrTIGDuZ9ICLZpdg\/mpp20200928006.jpg 984w, https:\/\/s2.glbimg.com\/mvyChwfYDc3DOpDmn5PwawZMzCU=\/0x0:4000x2669\/640x0\/smart\/filters:strip_icc()\/i.s3.glbimg.com\/v1\/AUTH_59edd422c0c84a879bd37670ae4f538a\/internal_photos\/bs\/2020\/E\/I\/lb8ifrTIGDuZ9ICLZpdg\/mpp20200928006.jpg 640w, https:\/\/s2.glbimg.com\/Gpv7cRaok7LUfv3z-NMnYFYaJLE=\/0x0:4000x2669\/600x0\/smart\/filters:strip_icc()\/i.s3.glbimg.com\/v1\/AUTH_59edd422c0c84a879bd37670ae4f538a\/internal_photos\/bs\/2020\/E\/I\/lb8ifrTIGDuZ9ICLZpdg\/mpp20200928006.jpg 600w\" alt=\"Bolsa Fam\u00edlia \u2014 Foto: LIDIANNE ANDRADE\/MYPHOTO PRESS\/ESTAD\u00c3O CONTE\u00daDO\" \/><\/h1>\n<\/div>\n<\/div>\n<div class=\"mc-article-body\">\n<article>\n<div id=\"chunk-eprqn\">\n<div class=\"row medium-uncollapsed content-media content-photo\" data-block-type=\"backstage-photo\" data-block-id=\"6\">\n<div class=\"mc-column content-media__container\">\n<p class=\"content-media__description \">Bolsa Fam\u00edlia \u2014 Foto: LIDIANNE ANDRADE\/MYPHOTO PRESS\/ESTAD\u00c3O CONTE\u00daDO<\/p>\n<\/div>\n<\/div>\n<\/div>\n<div id=\"chunk-2nr33\">\n<div class=\"mc-column mc-side-item__container\" data-block-type=\"ads\" data-block-id=\"7\">\n<div class=\"mc-side-item mc-side-item--right content-ads content-ads--side-ad\">\n<div id=\"banner_materia1\" class=\"tag-manager-publicidade-container tag-manager-publicidade-banner_materia1 tag-manager-publicidade-container--carregado tag-manager-publicidade-container--visivel\" data-google-query-id=\"CPGpifqOif0CFaWjlQIdofsCFQ\">\n<div id=\"google_ads_iframe_\/95377733\/tvg_G1\/Politica_0__container__\">O ministro do Desenvolvimento Social, <a href=\"https:\/\/g1.globo.com\/politica\/politico\/wellington-dias\/\">Wellington Dias<\/a>, afirmou nesta quinta-feira (9) que h\u00e1 ind\u00edcios de que 2,5 milh\u00f5es de fam\u00edlias recebem o\u00a0<a href=\"https:\/\/g1.globo.com\/tudo-sobre\/bolsa-familia\/\">Bolsa Fam\u00edlia<\/a> de forma indevida.<\/div>\n<\/div>\n<\/div>\n<\/div>\n<\/div>\n<div class=\"wall protected-content\">\n<div id=\"chunk-cca86\">\n<div class=\"mc-column content-text active-extra-styles \" data-block-type=\"unstyled\" data-block-weight=\"24\" data-block-id=\"10\">\n<p class=\"content-text__container \" data-track-category=\"Link no Texto\" data-track-links=\"\">Segundo ele, est\u00e1 em andamento a revis\u00e3o dos dados do Bolsa Fam\u00edlia, e os resultados devem ser apresentados ao presidente\u00a0<a href=\"https:\/\/g1.globo.com\/politica\/politico\/lula\/\">Lula<\/a>\u00a0ainda neste m\u00eas.<\/p>\n<\/div>\n<\/div>\n<div id=\"chunk-6g9gr\">\n<div class=\"mc-column content-text active-extra-styles \" data-block-type=\"unstyled\" data-block-weight=\"29\" data-block-id=\"11\">\n<p class=\"content-text__container \" data-track-category=\"Link no Texto\" data-track-links=\"\">Wellington Dias deu as informa\u00e7\u00f5es ap\u00f3s ter visitado uma unidade da chamada Cozinha Solid\u00e1ria, projeto do Movimento dos Trabalhadores Sem Teto (MTST), no Sol Nascente, no Distrito Federal.<\/p>\n<\/div>\n<\/div>\n<div id=\"chunk-7q6la\">\n<div class=\"mc-column content-text active-extra-styles \" data-block-type=\"unstyled\" data-block-weight=\"38\" data-block-id=\"14\">\n<p class=\"content-text__container \" data-track-category=\"Link no Texto\" data-track-links=\"\">\u201cTemos um foco de mais ou menos 10 milh\u00f5es de benefici\u00e1rios que est\u00e3o na linha da avalia\u00e7\u00e3o dessa revis\u00e3o do cadastro. Acreditamos que mais ou menos 2,5 milh\u00f5es destes que recebem t\u00eam grandes ind\u00edcios de irregularidade&#8221;, afirmou Dias.<\/p>\n<\/div>\n<\/div>\n<div id=\"chunk-dleqq\">\n<div class=\"mc-column content-text active-extra-styles \" data-block-type=\"unstyled\" data-block-weight=\"28\" data-block-id=\"15\">\n<p class=\"content-text__container \" data-track-category=\"Link no Texto\" data-track-links=\"\">Na avalia\u00e7\u00e3o do ministro, o governo\u00a0<a href=\"https:\/\/g1.globo.com\/politica\/politico\/jair-bolsonaro\/\">Jair Bolsonaro<\/a>, em troca de votos, fez uma &#8220;bagun\u00e7a&#8221; no Cadastro \u00danico para garantir que fam\u00edlias recebessem o benef\u00edcio de forma indevida.<\/p>\n<\/div>\n<\/div>\n<div id=\"chunk-epade\">\n<div class=\"mc-column content-text active-extra-styles \" data-block-type=\"unstyled\" data-block-weight=\"20\" data-block-id=\"16\">\n<p class=\"content-text__container \" data-track-category=\"Link no Texto\" data-track-links=\"\">\u201cFoi desmantelado o c\u00e9rebro do Cadastro \u00danico. \u00c9 como se tivesse uma bagun\u00e7a para perder o controle&#8221;, disse o ministro.<\/p>\n<\/div>\n<\/div>\n<div class=\"mc-column content-text active-extra-styles\" data-block-type=\"raw\" data-block-weight=\"36\" data-block-id=\"17\">\n<blockquote class=\"content-blockquote theme-border-color-primary-before\"><p>&#8220;Temos, infelizmente, pessoas com renda elevada, com nove sal\u00e1rios m\u00ednimos, recebendo Bolsa Fam\u00edlia. E pessoas sem renda, com fome, que n\u00e3o conseguem acessar [o programa]. \u00c9 mais que uma atualiza\u00e7\u00e3o de cadastro, \u00e9 justi\u00e7a social&#8221;, declarou.<\/p><\/blockquote>\n<\/div>\n<div id=\"chunk-84oti\">\n<div class=\"mc-column content-text active-extra-styles \" data-block-type=\"unstyled\" data-block-weight=\"20\" data-block-id=\"18\">\n<p class=\"content-text__container \" data-track-category=\"Link no Texto\" data-track-links=\"\">Dias afirmou ainda que h\u00e1 ind\u00edcios de uso do Bolsa Fam\u00edlia para conseguir votos e que isso est\u00e1 em investiga\u00e7\u00e3o<\/p>\n<\/div>\n<\/div>\n<div id=\"chunk-bchc6\">\n<div class=\"row medium-uncollapsed content-media content-photo\" data-block-type=\"backstage-photo\" data-block-id=\"21\">\n<div class=\"mc-column content-media__container\">\n<div class=\"content-media-container glb-skeleton-box\">\n<figure class=\"content-media-figure\"><img class=\"i-amphtml-fill-content i-amphtml-replaced-content\" src=\"https:\/\/s2.glbimg.com\/eoJ3fxjdpFu4lZ-oe9qRO2B-4U8=\/0x0:1600x1200\/984x0\/smart\/filters:strip_icc()\/i.s3.glbimg.com\/v1\/AUTH_59edd422c0c84a879bd37670ae4f538a\/internal_photos\/bs\/2023\/Z\/d\/Wl3oeTQPu7xrsvjA5nRg\/whatsapp-image-2023-02-09-at-14.02.44.jpeg\" sizes=\"(max-width: 1366px) 648px, 100vw\" srcset=\"https:\/\/s2.glbimg.com\/Udegd11Jw-dRJ7dLH7IE0YfywD8=\/0x0:1600x1200\/1000x0\/smart\/filters:strip_icc()\/i.s3.glbimg.com\/v1\/AUTH_59edd422c0c84a879bd37670ae4f538a\/internal_photos\/bs\/2023\/Z\/d\/Wl3oeTQPu7xrsvjA5nRg\/whatsapp-image-2023-02-09-at-14.02.44.jpeg 1000w, https:\/\/s2.glbimg.com\/eoJ3fxjdpFu4lZ-oe9qRO2B-4U8=\/0x0:1600x1200\/984x0\/smart\/filters:strip_icc()\/i.s3.glbimg.com\/v1\/AUTH_59edd422c0c84a879bd37670ae4f538a\/internal_photos\/bs\/2023\/Z\/d\/Wl3oeTQPu7xrsvjA5nRg\/whatsapp-image-2023-02-09-at-14.02.44.jpeg 984w, https:\/\/s2.glbimg.com\/PUPJ_Wd3Q0E2K0bsQKr2d27SCZM=\/0x0:1600x1200\/640x0\/smart\/filters:strip_icc()\/i.s3.glbimg.com\/v1\/AUTH_59edd422c0c84a879bd37670ae4f538a\/internal_photos\/bs\/2023\/Z\/d\/Wl3oeTQPu7xrsvjA5nRg\/whatsapp-image-2023-02-09-at-14.02.44.jpeg 640w, https:\/\/s2.glbimg.com\/Ck0XWf31sPMNVIM_UzQ76tQC44U=\/0x0:1600x1200\/600x0\/smart\/filters:strip_icc()\/i.s3.glbimg.com\/v1\/AUTH_59edd422c0c84a879bd37670ae4f538a\/internal_photos\/bs\/2023\/Z\/d\/Wl3oeTQPu7xrsvjA5nRg\/whatsapp-image-2023-02-09-at-14.02.44.jpeg 600w\" alt=\"O ministro Wellington Dias (Desenvolvimento Social) ao lado do deputado Guilherme Boulos (PSOL), durante visita ao Sol Nascente (DF). \u2014 Foto: Filipe Matoso \/ g1\" \/><\/figure>\n<\/div>\n<p class=\"content-media__description \">O ministro Wellington Dias (Desenvolvimento Social) ao lado do deputado Guilherme Boulos (PSOL), durante visita ao Sol Nascente (DF). \u2014 Foto: Filipe Matoso \/ g1<\/p>\n<\/div>\n<\/div>\n<\/div>\n<div class=\"mc-column content-text active-extra-styles\" data-block-type=\"raw\" data-block-weight=\"3\" data-block-id=\"23\">\n<div class=\"content-intertitle\">\n<h2>Benefici\u00e1rios por regi\u00e3o<\/h2>\n<\/div>\n<\/div>\n<div id=\"chunk-bu9mn\">\n<div class=\"mc-column content-text active-extra-styles \" data-block-type=\"unstyled\" data-block-weight=\"18\" data-block-id=\"24\">\n<p class=\"content-text__container \" data-track-category=\"Link no Texto\" data-track-links=\"\">Segundo o Minist\u00e9rio do Desenvolvimento Social, o n\u00famero de fam\u00edlias beneficiadas se divide da seguinte maneira por regi\u00e3o:<\/p>\n<\/div>\n<\/div>\n<div class=\"mc-column content-text active-extra-styles\" data-block-type=\"raw\" data-block-weight=\"25\" data-block-id=\"25\">\n<ul class=\"content-unordered-list\">\n<li><strong>Nordeste:\u00a0<\/strong>9,9 milh\u00f5es de fam\u00edlias;<\/li>\n<li><strong>Sudeste:\u00a0<\/strong>6,46 milh\u00f5es de fam\u00edlias;<\/li>\n<li><strong>Norte:\u00a0<\/strong>2,61 milh\u00f5es de fam\u00edlias;<\/li>\n<li><strong>Sul:\u00a0<\/strong>1,46 milh\u00e3o de fam\u00edlias;<\/li>\n<li><strong>Centro-Oeste:\u00a0<\/strong>1,15 milh\u00e3o de fam\u00edlias.<\/li>\n<\/ul>\n<\/div>\n<div id=\"chunk-30cv9\">\n<div class=\"mc-column content-text active-extra-styles \" data-block-type=\"unstyled\" data-block-weight=\"12\" data-block-id=\"26\">\n<p class=\"content-text__container \" data-track-category=\"Link no Texto\" data-track-links=\"\">Al\u00e9m disso, os cinco estados com o maior n\u00famero de benefici\u00e1rios s\u00e3o:<\/p>\n<\/div>\n<\/div>\n<div class=\"mc-column content-text active-extra-styles\" data-block-type=\"raw\" data-block-weight=\"14\" data-block-id=\"27\">\n<ol class=\"content-ordered-list theme-ordered-list-color-primary\">\n<li><strong>S\u00e3o Paulo: <\/strong>2.621.692<\/li>\n<li><strong>Bahia:\u00a0<\/strong>2.620.149<\/li>\n<li><strong>Rio de Janeiro:\u00a0<\/strong>1.877.463<\/li>\n<li><strong>Pernambuco:<\/strong>\u00a01.712.855<\/li>\n<li><strong>Minas Gerais:\u00a0<\/strong>1.653.089<\/li>\n<\/ol>\n<\/div>\n<div class=\"mc-column content-text active-extra-styles\" data-block-type=\"raw\" data-block-weight=\"5\" data-block-id=\"28\">\n<div class=\"content-intertitle\">\n<h2>Quem pode receber o benef\u00edcio?<\/h2>\n<\/div>\n<\/div>\n<div id=\"chunk-div2k\">\n<div class=\"mc-column content-text active-extra-styles \" data-block-type=\"unstyled\" data-block-weight=\"11\" data-block-id=\"29\">\n<p class=\"content-text__container \" data-track-category=\"Link no Texto\" data-track-links=\"\">De acordo com o governo, podem receber o benef\u00edcio as fam\u00edlias:<\/p>\n<\/div>\n<\/div>\n<div class=\"mc-column content-text active-extra-styles\" data-block-type=\"raw\" data-block-weight=\"59\" data-block-id=\"30\">\n<ul class=\"content-unordered-list\">\n<li>em situa\u00e7\u00e3o de extrema pobreza (renda familiar mensal per capita de at\u00e9 R$ 105);<\/li>\n<li>em situa\u00e7\u00e3o de pobreza (renda familiar mensal per capita de at\u00e9 R$ 210);<\/li>\n<li>em situa\u00e7\u00e3o de emancipa\u00e7\u00e3o (quando o benefici\u00e1rio passa a ter emprego formal, mas pode seguir no programa por at\u00e9 dois anos se a renda familiar mensal per capita n\u00e3o superar R$ 525).<\/li>\n<\/ul>\n<\/div>\n<div class=\"mc-column content-text active-extra-styles\" data-block-type=\"raw\" data-block-weight=\"1\" data-block-id=\"31\">\n<div class=\"content-intertitle\">\n<h2>Exig\u00eancias<\/h2>\n<\/div>\n<\/div>\n<div id=\"chunk-avpkb\">\n<div class=\"mc-column content-text active-extra-styles \" data-block-type=\"unstyled\" data-block-weight=\"38\" data-block-id=\"32\">\n<p class=\"content-text__container \" data-track-category=\"Link no Texto\" data-track-links=\"\">At\u00e9 2021, as fam\u00edlias benefici\u00e1rias do programa precisavam, por exemplo, colocar em dia a vacina\u00e7\u00e3o das crian\u00e7as e garantir a frequ\u00eancia escolar. O governo Jair Bolsonaro, por\u00e9m, ao transformar o Bolsa Fam\u00edlia em Aux\u00edlio Brasil, retirou essas exig\u00eancias.<\/p>\n<\/div>\n<\/div>\n<div id=\"chunk-ftmse\">\n<div class=\"mc-column content-text active-extra-styles \" data-block-type=\"unstyled\" data-block-weight=\"24\" data-block-id=\"33\">\n<p class=\"content-text__container \" data-track-category=\"Link no Texto\" data-track-links=\"\">No entanto, em 2022, durante a campanha eleitoral, o ent\u00e3o candidato Luiz In\u00e1cio Lula da Silva disse que, se eleito, iria retomar essas exig\u00eancias.<\/p>\n<\/div>\n<\/div>\n<div id=\"chunk-6618r\">\n<div class=\"mc-column content-text active-extra-styles \" data-block-type=\"unstyled\" data-block-weight=\"35\" data-block-id=\"35\">\n<p class=\"content-text__container \" data-track-category=\"Link no Texto\" data-track-links=\"\">E, no \u00faltimo dia 6, ao participar de um evento no Rio de Janeiro, Lula reiterou que os pais que receberem Bolsa Fam\u00edlia ter\u00e3o de vacinar os filhos e garantir a frequ\u00eancia escolar das crian\u00e7as.<\/p>\n<\/div>\n<\/div>\n<div class=\"mc-column content-text active-extra-styles\" data-block-type=\"raw\" data-block-weight=\"2\" data-block-id=\"36\">\n<div class=\"content-intertitle\">\n<h2>Cozinha Solid\u00e1ria<\/h2>\n<\/div>\n<p>Wellington Dias visitou nesta quinta a chamada Cozinha Solid\u00e1ria, projeto do MTST que distribui alimentos a pessoas carentes.<\/p>\n<\/div>\n<div id=\"chunk-a7kav\">\n<div class=\"mc-column content-text active-extra-styles \" data-block-type=\"unstyled\" data-block-weight=\"32\" data-block-id=\"38\">\n<p class=\"content-text__container \" data-track-category=\"Link no Texto\" data-track-links=\"\">Ao lado do ministro, o deputado Guilherme Boulos (PSOL-SP) disse ter um acordo com o governo para apresentar um projeto de lei a fim de tornar as cozinhas solid\u00e1rias uma pol\u00edtica p\u00fablica.<\/p>\n<\/div>\n<\/div>\n<div id=\"chunk-1q8dv\">\n<div class=\"mc-column content-text active-extra-styles \" data-block-type=\"unstyled\" data-block-weight=\"42\" data-block-id=\"39\">\n<p class=\"content-text__container \" data-track-category=\"Link no Texto\" data-track-links=\"\">Segundo Boulos, cada cozinha tem custo mensal de R$ 10 mil e atende a 150 pessoas por dia. Ainda conforme o deputado, o acordo com o governo prev\u00ea que ser\u00e3o constru\u00eddas e mantidas mais unidades com recursos do Minist\u00e9rio do Desenvolvimento Social.<\/p>\n<\/div>\n<\/div>\n<div id=\"chunk-6tdn4\">\n<div class=\"mc-column content-text active-extra-styles \" data-block-type=\"unstyled\" data-block-weight=\"43\" data-block-id=\"40\">\n<p class=\"content-text__container \" data-track-category=\"Link no Texto\" data-track-links=\"\">O deputado disse ainda que deve se reunir na pr\u00f3xima semana com o presidente da C\u00e2mara, Arthur Lira (PP-AL), para pedir que o projeto tr\u00e2mite na Casa sob regime de urg\u00eancia \u2014 o que, se aprovado pelo plen\u00e1rio, acelera a vota\u00e7\u00e3o da proposta.<\/p>\n<\/div>\n<\/div>\n<\/div>\n<\/article>\n<\/div>\n","protected":false},"excerpt":{"rendered":"<p>Wellington Dias (Desenvolvimento Social) deu informa\u00e7\u00e3o ap\u00f3s visitar o Sol Nascente (DF). Ao todo, segundo o governo, 21,5 milh\u00f5es de fam\u00edlias receberam benef\u00edcio em dezembro. Bolsa Fam\u00edlia \u2014 Foto: LIDIANNE ANDRADE\/MYPHOTO PRESS\/ESTAD\u00c3O CONTE\u00daDO O ministro do Desenvolvimento Social, Wellington Dias, afirmou nesta quinta-feira (9) que h\u00e1 ind\u00edcios de que 2,5 milh\u00f5es de fam\u00edlias recebem o\u00a0Bolsa [&hellip;]<\/p>\n","protected":false},"author":2,"featured_media":0,"comment_status":"open","ping_status":"open","sticky":false,"template":"","format":"standard","meta":{"_links_to":"","_links_to_target":""},"categories":[7,9,8,1],"tags":[],"_links":{"self":[{"href":"https:\/\/www.ilheusnoticias.net.br\/v1\/wp-json\/wp\/v2\/posts\/30944"}],"collection":[{"href":"https:\/\/www.ilheusnoticias.net.br\/v1\/wp-json\/wp\/v2\/posts"}],"about":[{"href":"https:\/\/www.ilheusnoticias.net.br\/v1\/wp-json\/wp\/v2\/types\/post"}],"author":[{"embeddable":true,"href":"https:\/\/www.ilheusnoticias.net.br\/v1\/wp-json\/wp\/v2\/users\/2"}],"replies":[{"embeddable":true,"href":"https:\/\/www.ilheusnoticias.net.br\/v1\/wp-json\/wp\/v2\/comments?post=30944"}],"version-history":[{"count":1,"href":"https:\/\/www.ilheusnoticias.net.br\/v1\/wp-json\/wp\/v2\/posts\/30944\/revisions"}],"predecessor-version":[{"id":30945,"href":"https:\/\/www.ilheusnoticias.net.br\/v1\/wp-json\/wp\/v2\/posts\/30944\/revisions\/30945"}],"wp:attachment":[{"href":"https:\/\/www.ilheusnoticias.net.br\/v1\/wp-json\/wp\/v2\/media?parent=30944"}],"wp:term":[{"taxonomy":"category","embeddable":true,"href":"https:\/\/www.ilheusnoticias.net.br\/v1\/wp-json\/wp\/v2\/categories?post=30944"},{"taxonomy":"post_tag","embeddable":true,"href":"https:\/\/www.ilheusnoticias.net.br\/v1\/wp-json\/wp\/v2\/tags?post=30944"}],"curies":[{"name":"wp","href":"https:\/\/api.w.org\/{rel}","templated":true}]}}