{"id":30942,"date":"2023-02-09T13:27:12","date_gmt":"2023-02-09T16:27:12","guid":{"rendered":"https:\/\/www.ilheusnoticias.net.br\/v1\/?p=30942"},"modified":"2023-02-09T13:27:12","modified_gmt":"2023-02-09T16:27:12","slug":"profissionais-da-enfermagem-farao-manifestacao-para-cobrar-piso-salarial","status":"publish","type":"post","link":"https:\/\/www.ilheusnoticias.net.br\/v1\/2023\/02\/09\/profissionais-da-enfermagem-farao-manifestacao-para-cobrar-piso-salarial\/","title":{"rendered":"Profissionais da enfermagem far\u00e3o manifesta\u00e7\u00e3o para cobrar piso salarial"},"content":{"rendered":"<div class=\"PostHeaderIcons metadata-icons\"><img src=\"http:\/\/www.blogdothame.blog.br\/v1\/wp-content\/uploads\/2023\/02\/coren-300x225.jpg\" \/><\/div>\n<div class=\"PostContent\">\n<p>Profissionais de enfermagem far\u00e3o uma manifesta\u00e7\u00e3o no dia 14, com concentra\u00e7\u00e3o a partir das 8h em frente ao Shopping da Bahia, em Salvador. O ato, coordenado pelo F\u00f3rum Baiano de Enfermagem, ser\u00e1 em prol do piso salarial da categoria, que permanece suspenso pelo Supremo Tribunal Federal (STF), mesmo depois de aprovado no Congresso Nacional e sancionado pela presid\u00eancia da Rep\u00fablica.<\/p>\n<p>O Conselho Regional de Enfermagem da Bahia (Coren-BA) estar\u00e1 presente, juntamente com outras entidades representativas da Enfermagem. \u201cNossa luta \u00e9 justa e nosso piso \u00e9 constitucional. A enfermagem aguarda por uma solu\u00e7\u00e3o para este impasse, que fa\u00e7a com que o piso chegue aos contracheques dos profissionais. Uma minuta de Medida Provis\u00f3ria j\u00e1 foi elaborada para regulamentar a aplica\u00e7\u00e3o imediata do piso salarial, mas precisamos de celeridade pois a categoria n\u00e3o aguenta mais esperar\u201d, ressalta a presidente do Coren-BA, Giszele Paix\u00e3o.<\/p>\n<\/div>\n","protected":false},"excerpt":{"rendered":"<p>Profissionais de enfermagem far\u00e3o uma manifesta\u00e7\u00e3o no dia 14, com concentra\u00e7\u00e3o a partir das 8h em frente ao Shopping da Bahia, em Salvador. O ato, coordenado pelo F\u00f3rum Baiano de Enfermagem, ser\u00e1 em prol do piso salarial da categoria, que permanece suspenso pelo Supremo Tribunal Federal (STF), mesmo depois de aprovado no Congresso Nacional e [&hellip;]<\/p>\n","protected":false},"author":2,"featured_media":0,"comment_status":"open","ping_status":"open","sticky":false,"template":"","format":"standard","meta":{"_links_to":"","_links_to_target":""},"categories":[7,9,8,1],"tags":[],"_links":{"self":[{"href":"https:\/\/www.ilheusnoticias.net.br\/v1\/wp-json\/wp\/v2\/posts\/30942"}],"collection":[{"href":"https:\/\/www.ilheusnoticias.net.br\/v1\/wp-json\/wp\/v2\/posts"}],"about":[{"href":"https:\/\/www.ilheusnoticias.net.br\/v1\/wp-json\/wp\/v2\/types\/post"}],"author":[{"embeddable":true,"href":"https:\/\/www.ilheusnoticias.net.br\/v1\/wp-json\/wp\/v2\/users\/2"}],"replies":[{"embeddable":true,"href":"https:\/\/www.ilheusnoticias.net.br\/v1\/wp-json\/wp\/v2\/comments?post=30942"}],"version-history":[{"count":1,"href":"https:\/\/www.ilheusnoticias.net.br\/v1\/wp-json\/wp\/v2\/posts\/30942\/revisions"}],"predecessor-version":[{"id":30943,"href":"https:\/\/www.ilheusnoticias.net.br\/v1\/wp-json\/wp\/v2\/posts\/30942\/revisions\/30943"}],"wp:attachment":[{"href":"https:\/\/www.ilheusnoticias.net.br\/v1\/wp-json\/wp\/v2\/media?parent=30942"}],"wp:term":[{"taxonomy":"category","embeddable":true,"href":"https:\/\/www.ilheusnoticias.net.br\/v1\/wp-json\/wp\/v2\/categories?post=30942"},{"taxonomy":"post_tag","embeddable":true,"href":"https:\/\/www.ilheusnoticias.net.br\/v1\/wp-json\/wp\/v2\/tags?post=30942"}],"curies":[{"name":"wp","href":"https:\/\/api.w.org\/{rel}","templated":true}]}}