{"id":30940,"date":"2023-02-09T13:25:41","date_gmt":"2023-02-09T16:25:41","guid":{"rendered":"https:\/\/www.ilheusnoticias.net.br\/v1\/?p=30940"},"modified":"2023-02-09T13:25:41","modified_gmt":"2023-02-09T16:25:41","slug":"na-entrega-de-escolas-novas-secretaria-adelia-ressalta-importancia-da-parceria-com-os-municipios","status":"publish","type":"post","link":"https:\/\/www.ilheusnoticias.net.br\/v1\/2023\/02\/09\/na-entrega-de-escolas-novas-secretaria-adelia-ressalta-importancia-da-parceria-com-os-municipios\/","title":{"rendered":"Na entrega de escolas novas, secret\u00e1ria Ad\u00e9lia ressalta import\u00e2ncia da parceria com os munic\u00edpios"},"content":{"rendered":"<div class=\"Post\">\n<div class=\"Post-body\">\n<div class=\"Post-inner article\">\n<div class=\"PostFooterIcons metadata-icons\"><\/div>\n<\/div>\n<\/div>\n<\/div>\n<div class=\"Post\">\n<div class=\"Post-body\">\n<div class=\"Post-inner article\">\n<div class=\"PostHeaderIcons metadata-icons\"><\/div>\n<div class=\"PostContent\">\n<p><img src=\"http:\/\/www.blogdothame.blog.br\/v1\/wp-content\/uploads\/2023\/02\/adpin-2.jpg\" \/><\/p>\n<p>A escola p\u00fablica \u00e9 um bem de todos e \u00e9 nesta perspectiva que a secret\u00e1ria da Educa\u00e7\u00e3o do Estado, Ad\u00e9lia Pinheiro, destacou, nesta quarta-feira (8), durante a entrega do novo Col\u00e9gio Estadual de Tempo Integral de Iraquara, a import\u00e2ncia do regime de colabora\u00e7\u00e3o com os munic\u00edpios, para garantir o acesso de todos os estudantes \u00e0 escola e \u00e0 educa\u00e7\u00e3o p\u00fablica de qualidade e o sucesso do estudante no seu percurso escolar.<\/p>\n<p>\u201cO nosso governador Jer\u00f4nimo entende a import\u00e2ncia de todas as escolas p\u00fablicas no processo formativo, sejam elas estaduais ou municipais. Para ele, a educa\u00e7\u00e3o \u00e9 uma s\u00f3 e, para que o estudante tenha sucesso no seu percurso escolar, \u00e9 preciso que ele tenha acesso \u00e0 educa\u00e7\u00e3o de qualidade em todas as etapas da Educa\u00e7\u00e3o B\u00e1sica. E s\u00e3o fundamentais a parceria dos munic\u00edpios e o fortalecimento do regime de colabora\u00e7\u00e3o para que possamos avan\u00e7ar cada vez mais\u201d, afirmou.<\/p>\n<p>Ad\u00e9lia lembrou que as novas escolas entregues pelo Governo da Bahia est\u00e3o abertas para uso da comunidade e que esta a\u00e7\u00e3o incluir\u00e1 a abertura nos finais de semana, para que os estudantes e as fam\u00edlias tenham acesso \u00e0 alimenta\u00e7\u00e3o e a diversas atividades esportivas, culturais e cient\u00edficas. A iniciativa \u00e9 mais uma estrat\u00e9gia de combate \u00e0 fome, que ser\u00e1 implementada pelo Estado. A atua\u00e7\u00e3o de volunt\u00e1rios ser\u00e1 um elemento catalisador para o \u00eaxito desse projeto.<\/p>\n<\/div>\n<\/div>\n<\/div>\n<\/div>\n","protected":false},"excerpt":{"rendered":"<p>A escola p\u00fablica \u00e9 um bem de todos e \u00e9 nesta perspectiva que a secret\u00e1ria da Educa\u00e7\u00e3o do Estado, Ad\u00e9lia Pinheiro, destacou, nesta quarta-feira (8), durante a entrega do novo Col\u00e9gio Estadual de Tempo Integral de Iraquara, a import\u00e2ncia do regime de colabora\u00e7\u00e3o com os munic\u00edpios, para garantir o acesso de todos os estudantes \u00e0 [&hellip;]<\/p>\n","protected":false},"author":2,"featured_media":0,"comment_status":"open","ping_status":"open","sticky":false,"template":"","format":"standard","meta":{"_links_to":"","_links_to_target":""},"categories":[7,9,8,1],"tags":[],"_links":{"self":[{"href":"https:\/\/www.ilheusnoticias.net.br\/v1\/wp-json\/wp\/v2\/posts\/30940"}],"collection":[{"href":"https:\/\/www.ilheusnoticias.net.br\/v1\/wp-json\/wp\/v2\/posts"}],"about":[{"href":"https:\/\/www.ilheusnoticias.net.br\/v1\/wp-json\/wp\/v2\/types\/post"}],"author":[{"embeddable":true,"href":"https:\/\/www.ilheusnoticias.net.br\/v1\/wp-json\/wp\/v2\/users\/2"}],"replies":[{"embeddable":true,"href":"https:\/\/www.ilheusnoticias.net.br\/v1\/wp-json\/wp\/v2\/comments?post=30940"}],"version-history":[{"count":1,"href":"https:\/\/www.ilheusnoticias.net.br\/v1\/wp-json\/wp\/v2\/posts\/30940\/revisions"}],"predecessor-version":[{"id":30941,"href":"https:\/\/www.ilheusnoticias.net.br\/v1\/wp-json\/wp\/v2\/posts\/30940\/revisions\/30941"}],"wp:attachment":[{"href":"https:\/\/www.ilheusnoticias.net.br\/v1\/wp-json\/wp\/v2\/media?parent=30940"}],"wp:term":[{"taxonomy":"category","embeddable":true,"href":"https:\/\/www.ilheusnoticias.net.br\/v1\/wp-json\/wp\/v2\/categories?post=30940"},{"taxonomy":"post_tag","embeddable":true,"href":"https:\/\/www.ilheusnoticias.net.br\/v1\/wp-json\/wp\/v2\/tags?post=30940"}],"curies":[{"name":"wp","href":"https:\/\/api.w.org\/{rel}","templated":true}]}}