{"id":30938,"date":"2023-02-09T13:24:26","date_gmt":"2023-02-09T16:24:26","guid":{"rendered":"https:\/\/www.ilheusnoticias.net.br\/v1\/?p=30938"},"modified":"2023-02-09T13:24:26","modified_gmt":"2023-02-09T16:24:26","slug":"governo-da-bahia-destaca-investimentos-na-seguranca-no-carnaval-em-salvador-que-tera-mais-de-160-atracoes-entre-os-tres-principais-circuitos","status":"publish","type":"post","link":"https:\/\/www.ilheusnoticias.net.br\/v1\/2023\/02\/09\/governo-da-bahia-destaca-investimentos-na-seguranca-no-carnaval-em-salvador-que-tera-mais-de-160-atracoes-entre-os-tres-principais-circuitos\/","title":{"rendered":"Governo da Bahia destaca investimentos na seguran\u00e7a no carnaval em Salvador, que ter\u00e1 mais de 160 atra\u00e7\u00f5es entre os tr\u00eas principais circuitos"},"content":{"rendered":"<div class=\"Post\">\n<div class=\"Post-body\">\n<div class=\"Post-inner article\">\n<div class=\"PostFooterIcons metadata-icons\">\n<div align=\"center\">\n<hr width=\"300\" \/>\n<\/div>\n<\/div>\n<\/div>\n<\/div>\n<\/div>\n<div class=\"Post\">\n<div class=\"Post-body\">\n<div class=\"Post-inner article\">\n<div class=\"PostHeaderIcons metadata-icons\"><img src=\"http:\/\/www.blogdothame.blog.br\/v1\/wp-content\/uploads\/2023\/02\/Fotos-Fernando-Vivas-GOVBA-44.jpg\" \/><\/div>\n<div class=\"PostContent\">\n<p>Daniela Mercury, Emicida, Ludmilla, Pabblo Vittar, Luiz Caldas, Bell Marques, Saulo, Timbalada, e Carlinhos Brown foram alguns dos mais de 160 nomes anunciados para a programa\u00e7\u00e3o do carnaval de Salvador, lan\u00e7ado oficialmente nesta quarta-feira (8), na Concha Ac\u00fastica do Teatro Castro Alves, no bairro do Campo Grande. O governador Jer\u00f4nimo Rodrigues esteve presente no evento, junto com o vice-governador Geraldo J\u00fanior, que \u00e9 o coordenador da folia na Bahia em 2023, e secret\u00e1rios de estado, que apresentaram a\u00e7\u00f5es de governo que estar\u00e3o presentes nos tr\u00eas principais circuitos da festa nas \u00e1reas da sa\u00fade, seguran\u00e7a, cultura e turismo.<\/p>\n<p>O governador Jer\u00f4nimo Rodrigues explicou que ap\u00f3s dois anos sem carnaval, por conta da pandemia, o maior investimento do Estado ser\u00e1 em Seguran\u00e7a P\u00fablica. \u201cNosso maior investimento em um carnaval como o de Salvador, na folia, \u00e9 o investimento em seguran\u00e7a p\u00fablica. N\u00f3s mobilizamos nesse per\u00edodo cerca de 30 mil homens, inclusive trazendo profissionais da Seguran\u00e7a P\u00fablica do interior do estado\u201d, disse o gestor durante coletiva de imprensa.<\/p>\n<p>&nbsp;<\/p>\n<p>Segundo o secret\u00e1rio da Seguran\u00e7a P\u00fablica, Marcelo Werner, est\u00e3o sendo investidos cerca de R$ 60,8 milh\u00f5es, na capital e no interior. O carnaval de 2023 vai contar com um efetivo total de 23.946 profissionais (capital e interior), sendo 17.403, da Pol\u00edcia Militar; 2.405, da Pol\u00edcia Civil; 760, do Departamento de Pol\u00edcia T\u00e9cnica; 2.762, do Corpo de Bombeiros, al\u00e9m de outros 616, do quadro direto da secretaria.<\/p>\n<\/div>\n<\/div>\n<\/div>\n<\/div>\n","protected":false},"excerpt":{"rendered":"<p>Daniela Mercury, Emicida, Ludmilla, Pabblo Vittar, Luiz Caldas, Bell Marques, Saulo, Timbalada, e Carlinhos Brown foram alguns dos mais de 160 nomes anunciados para a programa\u00e7\u00e3o do carnaval de Salvador, lan\u00e7ado oficialmente nesta quarta-feira (8), na Concha Ac\u00fastica do Teatro Castro Alves, no bairro do Campo Grande. O governador Jer\u00f4nimo Rodrigues esteve presente no evento, [&hellip;]<\/p>\n","protected":false},"author":2,"featured_media":0,"comment_status":"open","ping_status":"open","sticky":false,"template":"","format":"standard","meta":{"_links_to":"","_links_to_target":""},"categories":[7,9,8,1],"tags":[],"_links":{"self":[{"href":"https:\/\/www.ilheusnoticias.net.br\/v1\/wp-json\/wp\/v2\/posts\/30938"}],"collection":[{"href":"https:\/\/www.ilheusnoticias.net.br\/v1\/wp-json\/wp\/v2\/posts"}],"about":[{"href":"https:\/\/www.ilheusnoticias.net.br\/v1\/wp-json\/wp\/v2\/types\/post"}],"author":[{"embeddable":true,"href":"https:\/\/www.ilheusnoticias.net.br\/v1\/wp-json\/wp\/v2\/users\/2"}],"replies":[{"embeddable":true,"href":"https:\/\/www.ilheusnoticias.net.br\/v1\/wp-json\/wp\/v2\/comments?post=30938"}],"version-history":[{"count":1,"href":"https:\/\/www.ilheusnoticias.net.br\/v1\/wp-json\/wp\/v2\/posts\/30938\/revisions"}],"predecessor-version":[{"id":30939,"href":"https:\/\/www.ilheusnoticias.net.br\/v1\/wp-json\/wp\/v2\/posts\/30938\/revisions\/30939"}],"wp:attachment":[{"href":"https:\/\/www.ilheusnoticias.net.br\/v1\/wp-json\/wp\/v2\/media?parent=30938"}],"wp:term":[{"taxonomy":"category","embeddable":true,"href":"https:\/\/www.ilheusnoticias.net.br\/v1\/wp-json\/wp\/v2\/categories?post=30938"},{"taxonomy":"post_tag","embeddable":true,"href":"https:\/\/www.ilheusnoticias.net.br\/v1\/wp-json\/wp\/v2\/tags?post=30938"}],"curies":[{"name":"wp","href":"https:\/\/api.w.org\/{rel}","templated":true}]}}