{"id":30936,"date":"2023-02-09T06:15:22","date_gmt":"2023-02-09T09:15:22","guid":{"rendered":"https:\/\/www.ilheusnoticias.net.br\/v1\/?p=30936"},"modified":"2023-02-09T06:15:22","modified_gmt":"2023-02-09T09:15:22","slug":"prefeito-mario-alexandre-abre-jornada-pedagogica-e-ratifica-compromisso-com-a-educacao","status":"publish","type":"post","link":"https:\/\/www.ilheusnoticias.net.br\/v1\/2023\/02\/09\/prefeito-mario-alexandre-abre-jornada-pedagogica-e-ratifica-compromisso-com-a-educacao\/","title":{"rendered":"Prefeito M\u00e1rio Alexandre abre Jornada Pedag\u00f3gica e ratifica compromisso com a Educa\u00e7\u00e3o"},"content":{"rendered":"<p class=\"dt_materia\">\n<div class=\"imagem thumbnail col-xs-12 col-sm-8 col-md-6 col-lg-6 imagem-materia\"><a class=\"fresco\" title=\"\" href=\"https:\/\/portalfacilarquivos.blob.core.windows.net\/uploads\/ILHEUS\/imgOrig\/%7B44BAC62E-BDE6-4D1B-ADEB-A55C0DB70D6B%7D.jpeg\" data-fresco-caption=\"\"><img loading=\"lazy\" title=\"\" src=\"https:\/\/portalfacilarquivos.blob.core.windows.net\/uploads\/ILHEUS\/img\/%7B44BAC62E-BDE6-4D1B-ADEB-A55C0DB70D6B%7D\/%7B44BAC62E-BDE6-4D1B-ADEB-A55C0DB70D6B%7D_650X450.jpeg\" alt=\"educa\u00e7\u00e3o\" width=\"650\" height=\"450\" \/><\/a><\/div>\n<p>Foi dada a largada para o in\u00edcio do ano letivo na rede municipal de ensino de Ilh\u00e9us. Sob a coordena\u00e7\u00e3o da Secretaria de Educa\u00e7\u00e3o (Seduc), o evento traz como tema: \u2018Educa\u00e7\u00e3o para a vida: cultivando aprendizagens plurais\u2019. A abertura aconteceu nesta quarta-feira (8), no Centro de Conven\u00e7\u00f5es Lu\u00eds Eduardo Magalh\u00e3es, e contou com as presen\u00e7as do prefeito M\u00e1rio Alexandre, do vice-prefeito Bebeto Galv\u00e3o, da ex-deputada estadual \u00c2ngela Sousa, da titular da Seduc, Eliane Oliveira, vereadores e profissionais da educa\u00e7\u00e3o.<\/p>\n<p>O prefeito M\u00e1rio Alexandre destacou que a administra\u00e7\u00e3o est\u00e1 engajada em proporcionar um sistema de educa\u00e7\u00e3o cada vez mais forte no munic\u00edpio, com o desenvolvimento de in\u00fameras a\u00e7\u00f5es atrav\u00e9s da Seduc.<\/p>\n<p>&nbsp;<\/p>\n<div class=\"imagem thumbnail col-xs-12 col-sm-8 col-md-6 col-lg-6 imagem-materia\"><a class=\"fresco\" title=\"\" href=\"https:\/\/portalfacilarquivos.blob.core.windows.net\/uploads\/ILHEUS\/imgOrig\/%7BCDB4DACE-5AA8-4A0E-BDB6-B3C0DBDE0573%7D.jpeg\" data-fresco-caption=\"\"><img loading=\"lazy\" title=\"\" src=\"https:\/\/portalfacilarquivos.blob.core.windows.net\/uploads\/ILHEUS\/img\/%7BCDB4DACE-5AA8-4A0E-BDB6-B3C0DBDE0573%7D\/%7BCDB4DACE-5AA8-4A0E-BDB6-B3C0DBDE0573%7D_650X450.jpeg\" alt=\"educa\u00e7\u00e3o\" width=\"650\" height=\"450\" \/><\/a><\/p>\n<p class=\"bg-primary\">\n<\/div>\n<p>\u201cGostaria de agradecer aos nossos professores pelo empenho e pelo brilhante trabalho que realizam. Dizer que este \u00e9 um momento muito importante para a rede municipal de ensino. Desejo um excelente in\u00edcio de trabalho para todos e destaco que pra mim, como gestor, \u00e9 muito gratificante ver os avan\u00e7os da Educa\u00e7\u00e3o em Ilh\u00e9us\u201d.<\/p>\n<p>Na oportunidade, o prefeito ratificou o compromisso com os profissionais, relembrando as conquistas obtidas em seis anos de governo. No rol est\u00e3o o aumento do ticket alimenta\u00e7\u00e3o, reajuste e a garantia do piso salarial da categoria<\/p>\n<div class=\"imagem thumbnail col-xs-12 col-sm-8 col-md-6 col-lg-6 imagem-materia\"><a class=\"fresco\" title=\"\" href=\"https:\/\/portalfacilarquivos.blob.core.windows.net\/uploads\/ILHEUS\/imgOrig\/%7BCEA43206-2C6B-BABD-E44D-D303A3EBE1E6%7D.jpeg\" data-fresco-caption=\"\"><img loading=\"lazy\" title=\"\" src=\"https:\/\/portalfacilarquivos.blob.core.windows.net\/uploads\/ILHEUS\/img\/%7BCEA43206-2C6B-BABD-E44D-D303A3EBE1E6%7D\/%7BCEA43206-2C6B-BABD-E44D-D303A3EBE1E6%7D_650X450.jpeg\" alt=\"educa\u00e7\u00e3o\" width=\"650\" height=\"450\" \/><\/a><\/div>\n<p>Programa\u00e7\u00e3o -Durante os tr\u00eas dias da Jornada, os profissionais v\u00e3o trabalhar temas fundamentais para o ano letivo. As atividades promovem a discuss\u00e3o em rede e amplia\u00e7\u00e3o de novas pr\u00e1ticas de aprendizagem, cuja programa\u00e7\u00e3o prev\u00ea palestras, viv\u00eancias, orienta\u00e7\u00f5es pedag\u00f3gicas e proposi\u00e7\u00f5es para o ano letivo.<\/p>\n<p>Nas escolas da rede, a jornada continua nos dias 9 e 10 de fevereiro sob responsabilidade das equipes gestoras de cada unidade de ensino. O in\u00edcio das aulas est\u00e1 previsto para a pr\u00f3xima segunda-feira, 13 de fevereiro.<\/p>\n","protected":false},"excerpt":{"rendered":"<p>Foi dada a largada para o in\u00edcio do ano letivo na rede municipal de ensino de Ilh\u00e9us. Sob a coordena\u00e7\u00e3o da Secretaria de Educa\u00e7\u00e3o (Seduc), o evento traz como tema: \u2018Educa\u00e7\u00e3o para a vida: cultivando aprendizagens plurais\u2019. A abertura aconteceu nesta quarta-feira (8), no Centro de Conven\u00e7\u00f5es Lu\u00eds Eduardo Magalh\u00e3es, e contou com as presen\u00e7as [&hellip;]<\/p>\n","protected":false},"author":2,"featured_media":0,"comment_status":"open","ping_status":"open","sticky":false,"template":"","format":"standard","meta":{"_links_to":"","_links_to_target":""},"categories":[7,9,8,1],"tags":[],"_links":{"self":[{"href":"https:\/\/www.ilheusnoticias.net.br\/v1\/wp-json\/wp\/v2\/posts\/30936"}],"collection":[{"href":"https:\/\/www.ilheusnoticias.net.br\/v1\/wp-json\/wp\/v2\/posts"}],"about":[{"href":"https:\/\/www.ilheusnoticias.net.br\/v1\/wp-json\/wp\/v2\/types\/post"}],"author":[{"embeddable":true,"href":"https:\/\/www.ilheusnoticias.net.br\/v1\/wp-json\/wp\/v2\/users\/2"}],"replies":[{"embeddable":true,"href":"https:\/\/www.ilheusnoticias.net.br\/v1\/wp-json\/wp\/v2\/comments?post=30936"}],"version-history":[{"count":1,"href":"https:\/\/www.ilheusnoticias.net.br\/v1\/wp-json\/wp\/v2\/posts\/30936\/revisions"}],"predecessor-version":[{"id":30937,"href":"https:\/\/www.ilheusnoticias.net.br\/v1\/wp-json\/wp\/v2\/posts\/30936\/revisions\/30937"}],"wp:attachment":[{"href":"https:\/\/www.ilheusnoticias.net.br\/v1\/wp-json\/wp\/v2\/media?parent=30936"}],"wp:term":[{"taxonomy":"category","embeddable":true,"href":"https:\/\/www.ilheusnoticias.net.br\/v1\/wp-json\/wp\/v2\/categories?post=30936"},{"taxonomy":"post_tag","embeddable":true,"href":"https:\/\/www.ilheusnoticias.net.br\/v1\/wp-json\/wp\/v2\/tags?post=30936"}],"curies":[{"name":"wp","href":"https:\/\/api.w.org\/{rel}","templated":true}]}}