{"id":30934,"date":"2023-02-09T06:13:22","date_gmt":"2023-02-09T09:13:22","guid":{"rendered":"https:\/\/www.ilheusnoticias.net.br\/v1\/?p=30934"},"modified":"2023-02-09T06:13:22","modified_gmt":"2023-02-09T09:13:22","slug":"prefeitura-de-ilheus-e-ifba-certificam-alunos-do-curso-de-microempreendedor-individual","status":"publish","type":"post","link":"https:\/\/www.ilheusnoticias.net.br\/v1\/2023\/02\/09\/prefeitura-de-ilheus-e-ifba-certificam-alunos-do-curso-de-microempreendedor-individual\/","title":{"rendered":"Prefeitura de Ilh\u00e9us e IFBA certificam alunos do curso de Microempreendedor Individual"},"content":{"rendered":"<div class=\"imagem thumbnail col-xs-12 col-sm-8 col-md-6 col-lg-6 imagem-materia\"><a class=\"fresco\" title=\"\" href=\"https:\/\/portalfacilarquivos.blob.core.windows.net\/uploads\/ILHEUS\/imgOrig\/%7BE263CCBA-E1E7-D5AC-BCEC-1EC1BEB4AE11%7D.jpeg\" data-fresco-caption=\"\"><img loading=\"lazy\" title=\"\" src=\"https:\/\/portalfacilarquivos.blob.core.windows.net\/uploads\/ILHEUS\/img\/%7BE263CCBA-E1E7-D5AC-BCEC-1EC1BEB4AE11%7D\/%7BE263CCBA-E1E7-D5AC-BCEC-1EC1BEB4AE11%7D_650X450.jpeg\" alt=\"microempreendedor \" width=\"650\" height=\"450\" \/><\/a><\/div>\n<p>Determina\u00e7\u00e3o, foco e persist\u00eancia, palavras que definiram a noite da \u00faltima ter\u00e7a- feira (7)na cerim\u00f4nia de certifica\u00e7\u00e3o dos alunos do Curso de Microempreendedor Individual, ocorrida no Centro de Conven\u00e7\u00f5es Lu\u00eds Eduardo Magalh\u00e3es. A iniciativa \u00e9 do Instituto Federal de Educa\u00e7\u00e3o, Ci\u00eancia e Tecnologia da Bahia (IFBA), em parceria com a Prefeitura Municipal de Ilh\u00e9us, por meio da Secretaria de Promo\u00e7\u00e3o Social e Combate \u00e0 Pobreza (SPS).<\/p>\n<p>Ao todo, 197 alunos participaram do curso. O grupo \u00e9 assistido nas unidades do Centro de Refer\u00eancia da Assist\u00eancia Social (<dfn id=\"dfn_materia_1_0\" title=\"\" data-trigger=\"hover\" data-toggle=\"popover\" data-placement=\"left\" data-content=\"Centro de Refer\u00eancia da Assist\u00eancia Social\" data-original-title=\"\">CRAS<\/dfn>) Norte, Vilela, Sul, Banco da Vit\u00f3ria e Salobrinho. \u201cA experi\u00eancia que tive no curso foi muito boa, pois capacitou bem os alunos. Voc\u00ea pode crescer, abrir sua pr\u00f3pria empresa e ter seu pr\u00f3prio neg\u00f3cio. Confesso que percebi atrav\u00e9s do curso que eu tenho capacidade para isso, que todos t\u00eam capacidade de crescer, de voar\u201d, disse Maria Concei\u00e7\u00e3o dos Santos Passos, representante dos alunos.<\/p>\n<p>&nbsp;<\/p>\n<div class=\"imagem thumbnail col-xs-12 col-sm-8 col-md-6 col-lg-6 imagem-materia\"><a class=\"fresco\" title=\"\" href=\"https:\/\/portalfacilarquivos.blob.core.windows.net\/uploads\/ILHEUS\/imgOrig\/%7BD2CBE8A5-6EA6-6EE7-D8A8-B7CBC36A1C4C%7D.jpeg\" data-fresco-caption=\"\"><img loading=\"lazy\" title=\"\" src=\"https:\/\/portalfacilarquivos.blob.core.windows.net\/uploads\/ILHEUS\/img\/%7BD2CBE8A5-6EA6-6EE7-D8A8-B7CBC36A1C4C%7D\/%7BD2CBE8A5-6EA6-6EE7-D8A8-B7CBC36A1C4C%7D_650X450.jpeg\" alt=\"microempreendedor \" width=\"650\" height=\"450\" \/><\/a><\/div>\n<p>As aulas aconteceram durante dois meses e meio nas escolas Them\u00edstocles Andrade, Salobrinho, Banco da Vit\u00f3ria, Sambaituba, Col\u00e9gio Estadual do Iguape, Col\u00e9gio Paulo Am\u00e9rico e no Campus IFBA. O curso faz parte do projeto Qualifica.<\/p>\n<p>\u201cA ideia \u00e9 lan\u00e7ar os alunos no mercado de trabalho para que possam empreender e possam ser protagonistas da sua pr\u00f3pria vida. Propomos um momento diferente para mostrar \u2018cases de sucesso\u2019 da regi\u00e3o, como o jovem Daniel Dan, propriet\u00e1rio da Temakeria Daniel San e o advogado e atual\u00a0 presidente da OAB \u2013 Subse\u00e7\u00e3o Ilh\u00e9us, Jacson Cupertino, que mesmo de origem humilde, estudaram, batalharam e conquistaram espa\u00e7o no mercado de trabalho\u201d, destacou Rubenilton Silva, titular da SPS.<\/p>\n<p>&nbsp;<\/p>\n<div class=\"imagem thumbnail col-xs-12 col-sm-8 col-md-6 col-lg-6 imagem-materia\"><a class=\"fresco\" title=\"\" href=\"https:\/\/portalfacilarquivos.blob.core.windows.net\/uploads\/ILHEUS\/imgOrig\/%7B4B32D4AA-D7AB-3DBC-ADDE-C7A38EA7ABE1%7D.jpeg\" data-fresco-caption=\"\"><img loading=\"lazy\" title=\"\" src=\"https:\/\/portalfacilarquivos.blob.core.windows.net\/uploads\/ILHEUS\/img\/%7B4B32D4AA-D7AB-3DBC-ADDE-C7A38EA7ABE1%7D\/%7B4B32D4AA-D7AB-3DBC-ADDE-C7A38EA7ABE1%7D_650X450.jpeg\" alt=\"microempreendedor \" width=\"650\" height=\"450\" \/><\/a><\/div>\n<p>Durante a cerim\u00f4nia foi promovida uma palestra com o professor Fabr\u00edcio Loguinhos, administrador, especialista em Gest\u00e3o de Pequenos Neg\u00f3cios com \u00eanfase em Marketing e Mestre em Propriedade Intelectual para Inova\u00e7\u00e3o. O ato contou ainda com a presen\u00e7a do CREDBAHIA, Programa de Microcr\u00e9dito do Estado da Bahia que apoia Micro e Pequenas Empresas no estado. O programa auxilia na gera\u00e7\u00e3o de renda para quem quer iniciar ou investir em algum neg\u00f3cio.<\/p>\n<p>\u201cEssa \u00e9 uma parceria do Governo Federal, via institui\u00e7\u00e3o de ensino \u2013 IFBA &#8211; Campus Ilh\u00e9us, com os munic\u00edpios. O objetivo dessa parceria \u00e9 atingir os assistidos do\u00a0<dfn id=\"dfn_materia_1_1\" title=\"\" data-trigger=\"hover\" data-toggle=\"popover\" data-placement=\"left\" data-content=\"Centro de Refer\u00eancia da Assist\u00eancia Social\" data-original-title=\"\">CRAS<\/dfn>, garantindo alternativas, a fim de oferecer caminhos e enriquecer ainda mais conhecimento para os assistidos desenvolverem o seu empreendedorismo\u201d, ressaltou Thiago Barbosa, diretor-geral do IFBA, Campus Ilh\u00e9us.<\/p>\n<p>&nbsp;<\/p>\n<div class=\"imagem thumbnail col-xs-12 col-sm-8 col-md-6 col-lg-6 imagem-materia\"><a class=\"fresco\" title=\"\" href=\"https:\/\/portalfacilarquivos.blob.core.windows.net\/uploads\/ILHEUS\/imgOrig\/%7BDBEC7E6E-C263-4AAE-AD7A-170ADECCEE24%7D.jpeg\" data-fresco-caption=\"\"><img loading=\"lazy\" title=\"\" src=\"https:\/\/portalfacilarquivos.blob.core.windows.net\/uploads\/ILHEUS\/img\/%7BDBEC7E6E-C263-4AAE-AD7A-170ADECCEE24%7D\/%7BDBEC7E6E-C263-4AAE-AD7A-170ADECCEE24%7D_650X450.jpeg\" alt=\"microempreendedor \" width=\"650\" height=\"450\" \/><\/a><\/div>\n<p>Daniel San, jovem empreendedor, abrilhantou a certifica\u00e7\u00e3o com seu depoimento e hist\u00f3ria de vida. Desde pequeno, sempre teve na veia a garra, vontade e a for\u00e7a de crescer profissionalmente com seu trabalho. De vendedor de amendoim a grande empres\u00e1rio no ramo de comida japonesa na regi\u00e3o sul da Bahia.<\/p>\n<p>&#8220;O recado que dou para os alunos certificados \u00e9 que nunca desistam dos sonhos, nunca desanimem. Nunca foi f\u00e1cil para ningu\u00e9m, mas com muito trabalho, dedica\u00e7\u00e3o e compromisso \u00e9 poss\u00edvel vencer os obst\u00e1culos e ser um empreendedor de sucesso\u201d.<\/p>\n<p>&nbsp;<\/p>\n<div class=\"imagem thumbnail col-xs-12 col-sm-8 col-md-6 col-lg-6 imagem-materia\"><a class=\"fresco\" title=\"\" href=\"https:\/\/portalfacilarquivos.blob.core.windows.net\/uploads\/ILHEUS\/imgOrig\/%7B66ABEDCB-5DB5-BE5C-3CDC-B62377342A3D%7D.jpeg\" data-fresco-caption=\"\"><img loading=\"lazy\" title=\"\" src=\"https:\/\/portalfacilarquivos.blob.core.windows.net\/uploads\/ILHEUS\/img\/%7B66ABEDCB-5DB5-BE5C-3CDC-B62377342A3D%7D\/%7B66ABEDCB-5DB5-BE5C-3CDC-B62377342A3D%7D_650X450.jpeg\" alt=\"microempreendedor \" width=\"650\" height=\"450\" \/><\/a><\/div>\n<p>Participaram ainda da cerim\u00f4nia de Certifica\u00e7\u00e3o do Curso de Microepreendedor Individual, superintendente de Comunica\u00e7\u00e3o, Emenson Santos; a gestora da Prote\u00e7\u00e3o B\u00e1sica da SPS, Paula Alfaya; a coordenadora do Curso do IFBA, Luciene Campos; a coordenadora do Polo do IFBA Ilh\u00e9us, Ianna Cerqueira; e diretores das escolas municipais onde foram ministradas as aulas.<\/p>\n","protected":false},"excerpt":{"rendered":"<p>Determina\u00e7\u00e3o, foco e persist\u00eancia, palavras que definiram a noite da \u00faltima ter\u00e7a- feira (7)na cerim\u00f4nia de certifica\u00e7\u00e3o dos alunos do Curso de Microempreendedor Individual, ocorrida no Centro de Conven\u00e7\u00f5es Lu\u00eds Eduardo Magalh\u00e3es. A iniciativa \u00e9 do Instituto Federal de Educa\u00e7\u00e3o, Ci\u00eancia e Tecnologia da Bahia (IFBA), em parceria com a Prefeitura Municipal de Ilh\u00e9us, por [&hellip;]<\/p>\n","protected":false},"author":2,"featured_media":0,"comment_status":"open","ping_status":"open","sticky":false,"template":"","format":"standard","meta":{"_links_to":"","_links_to_target":""},"categories":[7,9,8,1],"tags":[],"_links":{"self":[{"href":"https:\/\/www.ilheusnoticias.net.br\/v1\/wp-json\/wp\/v2\/posts\/30934"}],"collection":[{"href":"https:\/\/www.ilheusnoticias.net.br\/v1\/wp-json\/wp\/v2\/posts"}],"about":[{"href":"https:\/\/www.ilheusnoticias.net.br\/v1\/wp-json\/wp\/v2\/types\/post"}],"author":[{"embeddable":true,"href":"https:\/\/www.ilheusnoticias.net.br\/v1\/wp-json\/wp\/v2\/users\/2"}],"replies":[{"embeddable":true,"href":"https:\/\/www.ilheusnoticias.net.br\/v1\/wp-json\/wp\/v2\/comments?post=30934"}],"version-history":[{"count":1,"href":"https:\/\/www.ilheusnoticias.net.br\/v1\/wp-json\/wp\/v2\/posts\/30934\/revisions"}],"predecessor-version":[{"id":30935,"href":"https:\/\/www.ilheusnoticias.net.br\/v1\/wp-json\/wp\/v2\/posts\/30934\/revisions\/30935"}],"wp:attachment":[{"href":"https:\/\/www.ilheusnoticias.net.br\/v1\/wp-json\/wp\/v2\/media?parent=30934"}],"wp:term":[{"taxonomy":"category","embeddable":true,"href":"https:\/\/www.ilheusnoticias.net.br\/v1\/wp-json\/wp\/v2\/categories?post=30934"},{"taxonomy":"post_tag","embeddable":true,"href":"https:\/\/www.ilheusnoticias.net.br\/v1\/wp-json\/wp\/v2\/tags?post=30934"}],"curies":[{"name":"wp","href":"https:\/\/api.w.org\/{rel}","templated":true}]}}