{"id":30928,"date":"2023-02-08T10:53:13","date_gmt":"2023-02-08T13:53:13","guid":{"rendered":"https:\/\/www.ilheusnoticias.net.br\/v1\/?p=30928"},"modified":"2023-02-08T10:53:13","modified_gmt":"2023-02-08T13:53:13","slug":"nova-policlinica-regional-em-llheus-vai-ampliar-servicos-na-rede-publica-de-saude","status":"publish","type":"post","link":"https:\/\/www.ilheusnoticias.net.br\/v1\/2023\/02\/08\/nova-policlinica-regional-em-llheus-vai-ampliar-servicos-na-rede-publica-de-saude\/","title":{"rendered":"Nova policl\u00ednica regional em llh\u00e9us vai ampliar servi\u00e7os na rede p\u00fablica de sa\u00fade"},"content":{"rendered":"<p><img loading=\"lazy\" class=\"alignnone size-full wp-image-30929\" src=\"https:\/\/www.ilheusnoticias.net.br\/v1\/wp-content\/uploads\/2023\/02\/WhatsApp-Image-2023-02-08-at-09.36.31-4.jpeg\" alt=\"\" width=\"600\" height=\"450\" srcset=\"https:\/\/www.ilheusnoticias.net.br\/v1\/wp-content\/uploads\/2023\/02\/WhatsApp-Image-2023-02-08-at-09.36.31-4.jpeg 600w, https:\/\/www.ilheusnoticias.net.br\/v1\/wp-content\/uploads\/2023\/02\/WhatsApp-Image-2023-02-08-at-09.36.31-4-300x225.jpeg 300w\" sizes=\"(max-width: 600px) 100vw, 600px\" \/><\/p>\n<p>&nbsp;<\/p>\n<p>Com 65% das obras f\u00edsicas conclu\u00eddas, a Policl\u00ednica Regional vai ampliar os servi\u00e7os de sa\u00fade na rede p\u00fablica implantados pelo Governo da Bahia na rede p\u00fablica em Ilh\u00e9us, que j\u00e1 conta com o Hospital Regional Costa do Cacau, o Hospital Materno Infantil Dr. Joaquim Sampaio e a UPA 24horas.<\/p>\n<p>A policl\u00ednica em Ilh\u00e9us, que tem investimentos de R$ 24 milh\u00f5es entre obras f\u00edsicas e equipamentos, deve atender uma popula\u00e7\u00e3o estimada em 400 mil habitantes de 12 cidades da regi\u00e3o. Al\u00e9m de implantar o equipamento, o Governo do Estado contribui com 40% com o custeio e a manuten\u00e7\u00e3o das unidades.<\/p>\n<p><img loading=\"lazy\" class=\"alignnone size-full wp-image-30930\" src=\"https:\/\/www.ilheusnoticias.net.br\/v1\/wp-content\/uploads\/2023\/02\/WhatsApp-Image-2023-02-08-at-09.36.31.jpeg\" alt=\"\" width=\"600\" height=\"450\" srcset=\"https:\/\/www.ilheusnoticias.net.br\/v1\/wp-content\/uploads\/2023\/02\/WhatsApp-Image-2023-02-08-at-09.36.31.jpeg 600w, https:\/\/www.ilheusnoticias.net.br\/v1\/wp-content\/uploads\/2023\/02\/WhatsApp-Image-2023-02-08-at-09.36.31-300x225.jpeg 300w\" sizes=\"(max-width: 600px) 100vw, 600px\" \/><\/p>\n<p>Para a popula\u00e7\u00e3o, a nova policl\u00ednica vai melhor o atendimento na \u00e1rea de sa\u00fade no Sul da Bahia. De acordo com Jaziel Souza, \u201cos planos de sa\u00fade s\u00e3o muito caros e as pessoas de baixa renda v\u00e3o ter acesso a esse servi\u00e7o\u201d.<\/p>\n<p>Maria Cristiane Almeida Santos afirma que \u201cessa policl\u00ednica vai ser muito boa, para Ilh\u00e9us e munic\u00edpios vizinhos, para ajudar a popula\u00e7\u00e3o a melhorar mais ainda a nossa sa\u00fade. Temos uma policl\u00ednica em Itabuna e com mais uma policl\u00ednica em Ilh\u00e9us, vai melhorar ainda mais\u201d.<\/p>\n<p>&nbsp;<\/p>\n<p>MELHORIA NO ATENDIMENTO<\/p>\n<p>Para Priscilla da Hora, \u201ca chegada da policl\u00ednica vai trazer benef\u00edcios para nossa cidade, nossa regi\u00e3o. A gente tem uma regi\u00e3o que atende outras pessoas e de outras cidades. Al\u00e9m disso, vai desafogar os pontos de atendimentos da cidade, da zona sul e do Centro, e atender as necessidades que o morador precise\u201d.<\/p>\n<p>\u201cMinha expectativa \u00e9 que tenha os procedimentos adequados que n\u00f3s precisamos. No munic\u00edpio a necessidade \u00e9 muito grande para a gente ser atendido num s\u00f3 hospital e esse apoio do Governo do Estado na sa\u00fade p\u00fablica \u00e9 muito importante pra n\u00f3s\u201d, ressalta Madalena Santos de Andrade.<\/p>\n<p>Nas Policl\u00ednicas Regionais de Sa\u00fade \u00e9 prestada assist\u00eancia nas seguintes especialidades: anestesiologia, angiologia, cardiologia Cl\u00ednica, cirurgia geral, coloproctologia, dermatologia, gastroenterologia, endocrinologia, gastroenterologia, ginecologia e obstetr\u00edcia, hematologia, infectologia, mastologia, nefrologia, neurologia, neuropediatra, oftalmologia, ortopedia e traumatologia, otorrinolaringologia, pediatria, pneumologia, radiologia, reumatologia e urologista.<\/p>\n<p>Al\u00e9m das consultas nestas especialidades, s\u00e3o ofertados os seguintes exames: bi\u00f3psias, colonoscopia, colposcopia, ecocardiograma, eletrocardiograma, eletroneuromiograma, eletroencefalograma, endoscopia digestiva alta, ergometria, espirometria, histeroscopia, Holter, mamografia, mapa, pequenos procedimentos, procedimentos oftalmol\u00f3gicos, pun\u00e7\u00e3o de mama, Raio-X, resson\u00e2ncia magn\u00e9tica, tomografia, tonometria, tratamento do p\u00e9 diab\u00e9tico, videolaringoscopia, videonasofriboscopia, ultrassonografia<\/p>\n","protected":false},"excerpt":{"rendered":"<p>&nbsp; Com 65% das obras f\u00edsicas conclu\u00eddas, a Policl\u00ednica Regional vai ampliar os servi\u00e7os de sa\u00fade na rede p\u00fablica implantados pelo Governo da Bahia na rede p\u00fablica em Ilh\u00e9us, que j\u00e1 conta com o Hospital Regional Costa do Cacau, o Hospital Materno Infantil Dr. Joaquim Sampaio e a UPA 24horas. A policl\u00ednica em Ilh\u00e9us, que [&hellip;]<\/p>\n","protected":false},"author":2,"featured_media":0,"comment_status":"open","ping_status":"open","sticky":false,"template":"","format":"standard","meta":{"_links_to":"","_links_to_target":""},"categories":[7,9,8,1],"tags":[],"_links":{"self":[{"href":"https:\/\/www.ilheusnoticias.net.br\/v1\/wp-json\/wp\/v2\/posts\/30928"}],"collection":[{"href":"https:\/\/www.ilheusnoticias.net.br\/v1\/wp-json\/wp\/v2\/posts"}],"about":[{"href":"https:\/\/www.ilheusnoticias.net.br\/v1\/wp-json\/wp\/v2\/types\/post"}],"author":[{"embeddable":true,"href":"https:\/\/www.ilheusnoticias.net.br\/v1\/wp-json\/wp\/v2\/users\/2"}],"replies":[{"embeddable":true,"href":"https:\/\/www.ilheusnoticias.net.br\/v1\/wp-json\/wp\/v2\/comments?post=30928"}],"version-history":[{"count":1,"href":"https:\/\/www.ilheusnoticias.net.br\/v1\/wp-json\/wp\/v2\/posts\/30928\/revisions"}],"predecessor-version":[{"id":30931,"href":"https:\/\/www.ilheusnoticias.net.br\/v1\/wp-json\/wp\/v2\/posts\/30928\/revisions\/30931"}],"wp:attachment":[{"href":"https:\/\/www.ilheusnoticias.net.br\/v1\/wp-json\/wp\/v2\/media?parent=30928"}],"wp:term":[{"taxonomy":"category","embeddable":true,"href":"https:\/\/www.ilheusnoticias.net.br\/v1\/wp-json\/wp\/v2\/categories?post=30928"},{"taxonomy":"post_tag","embeddable":true,"href":"https:\/\/www.ilheusnoticias.net.br\/v1\/wp-json\/wp\/v2\/tags?post=30928"}],"curies":[{"name":"wp","href":"https:\/\/api.w.org\/{rel}","templated":true}]}}