{"id":30926,"date":"2023-02-08T07:05:38","date_gmt":"2023-02-08T10:05:38","guid":{"rendered":"https:\/\/www.ilheusnoticias.net.br\/v1\/?p=30926"},"modified":"2023-02-09T06:10:52","modified_gmt":"2023-02-09T09:10:52","slug":"na-abertura-do-ano-legislativo-prefeito-destaca-avancos-e-anuncia-novos-investimentos-em-ilheus","status":"publish","type":"post","link":"https:\/\/www.ilheusnoticias.net.br\/v1\/2023\/02\/08\/na-abertura-do-ano-legislativo-prefeito-destaca-avancos-e-anuncia-novos-investimentos-em-ilheus\/","title":{"rendered":"Na abertura do ano Legislativo, prefeito destaca avan\u00e7os e anuncia novos investimentos em Ilh\u00e9us"},"content":{"rendered":"<div class=\"imagem thumbnail col-xs-12 col-sm-8 col-md-6 col-lg-6 imagem-materia\"><a class=\"fresco\" title=\"\" href=\"https:\/\/portalfacilarquivos.blob.core.windows.net\/uploads\/ILHEUS\/imgOrig\/%7BE2CAC860-E26C-AD1D-BDCB-C2503A131ECA%7D.jpeg\" data-fresco-caption=\"\"><img loading=\"lazy\" title=\"\" src=\"https:\/\/portalfacilarquivos.blob.core.windows.net\/uploads\/ILHEUS\/img\/%7BE2CAC860-E26C-AD1D-BDCB-C2503A131ECA%7D\/%7BE2CAC860-E26C-AD1D-BDCB-C2503A131ECA%7D_650X450.jpeg\" alt=\"c\u00e2mara de vereadores\" width=\"650\" height=\"450\" \/><\/a><\/div>\n<p>O prefeito M\u00e1rio Alexandre participou nesta ter\u00e7a-feira (7) da sess\u00e3o solene de abertura de trabalhos da C\u00e2mara de Vereadores de Ilh\u00e9us. Em seu pronunciamento, o gestor destacou os avan\u00e7os, apresentando uma retrospectiva com o balan\u00e7o das principais obras executadas pela gest\u00e3o p\u00fablica no \u00faltimos seis anos e anunciou novos investimentos para o munic\u00edpio. O ato contou com a presen\u00e7a do vice-prefeito Bebeto Galv\u00e3o, representantes da popula\u00e7\u00e3o, autoridades locais e imprensa.<\/p>\n<p>\u201cQuero agradecer primeiramente a Deus, por me dar a for\u00e7a necess\u00e1ria para lutar em prol do povo, e a todos que acreditaram no nosso trabalho ao longo dos \u00faltimos seis anos de governo. Vamos mostrar o que j\u00e1 fizemos, o que estamos fazendo e o que iremos fazer para melhorar a qualidade de vida da nossa gente. Tamb\u00e9m agrade\u00e7o ao Governo do Estado, ao Governo Federal e \u00e0 C\u00e2mara de Vereadores, a qual me sinto honrado em participar da abertura das atividades do ano de 2023. O trabalho n\u00e3o pode parar\u201d, declarou o gestor.<\/p>\n<p>&nbsp;<\/p>\n<div class=\"imagem thumbnail col-xs-12 col-sm-8 col-md-6 col-lg-6 imagem-materia\">\n<p><a class=\"fresco\" title=\"\" href=\"https:\/\/portalfacilarquivos.blob.core.windows.net\/uploads\/ILHEUS\/imgOrig\/%7BEB03DA88-CCCD-A23C-5B7D-D73A86B7ECBA%7D.jpeg\" data-fresco-caption=\"\"><img loading=\"lazy\" title=\"\" src=\"https:\/\/portalfacilarquivos.blob.core.windows.net\/uploads\/ILHEUS\/img\/%7BEB03DA88-CCCD-A23C-5B7D-D73A86B7ECBA%7D\/%7BEB03DA88-CCCD-A23C-5B7D-D73A86B7ECBA%7D_650X450.jpeg\" alt=\"c\u00e2mara de vereadores\" width=\"650\" height=\"450\" \/><\/a><\/p>\n<p class=\"bg-primary\">\n<\/div>\n<p>&nbsp;<\/p>\n<p><strong>Confira a mensagem do prefeito de Ilh\u00e9us, Excelent\u00edssimo Senhor M\u00e1rio Alexandre Correa de Sousa, \u00e0 C\u00e2mara Municipal, na Sess\u00e3o de Abertura dos Trabalhos Legislativos de 2022, em 7 de Fevereiro de 2023.<\/strong><\/p>\n<p>Excelent\u00edssimo Senhor Presidente da C\u00e2mara Municipal de Ilh\u00e9us, Vereador Abra\u00e3o Oliveira dos Santos,<\/p>\n<p>Excelent\u00edssimas senhoras vereadoras,<\/p>\n<p>Excelent\u00edssimos senhores vereadores,<\/p>\n<p>Meus amigos, minhas amigas de Ilh\u00e9us,<\/p>\n<p>\u00c9 com muita alegria que apresento a esta C\u00e2mara de Vereadores e ao povo de Ilh\u00e9us, atrav\u00e9s de seus representantes, em nome do Poder Executivo, esta Mensagem de abertura da 3\u00aa sess\u00e3o legislativa da Legislatura 2021-2024.<\/p>\n<p>Penso que a presen\u00e7a do Executivo a cada abertura de sess\u00e3o legislativa \u00e9 uma tradi\u00e7\u00e3o saud\u00e1vel. \u00c9 assim em todas as unidades da Federa\u00e7\u00e3o, e com os munic\u00edpios n\u00e3o poderia ser diferente! Afinal, \u00e9 a ocasi\u00e3o reservada para o Executivo prestar suas homenagens ao Legislativo e &#8211; mais do que isso! &#8211; \u00e9 o momento para se dirigir ao Povo, nesta Casa que \u00e9 do Povo, para apresentar um r\u00e1pido panorama das a\u00e7\u00f5es j\u00e1 realizadas e das metas estabelecidas para nos impulsionar para o futuro.<\/p>\n<p>\u00c9 como falar de passado e futuro, porque no passado est\u00e3o as experi\u00eancias e mem\u00f3rias que nos d\u00e3o mais \u00e2nimo e capacidade para avan\u00e7armos em dire\u00e7\u00e3o ao futuro. \u00c9 como dirigir: a gente foca na frente, de olho no para-brisa, mas temos que dar uma olhadinha no retrovisor. Passado, presente e futuro &#8211; etapas de nossa hist\u00f3ria que servem para nos orientar!<\/p>\n<p>Desse modo, meus amigos e amigas, prestando satisfa\u00e7\u00f5es ao Povo e ao Legislativo, atrav\u00e9s de seus representantes, \u00e9 que venho, em nome do Executivo, tra\u00e7ar esse panorama sobre nossa gest\u00e3o, a gest\u00e3o que mudou, tem mudado e vai continuar mudando Ilh\u00e9us para melhor!<\/p>\n<p>N\u00e3o \u00e9 demais lembrar que todas as mudan\u00e7as que aconteceram e v\u00eam acontecendo em nossa cidade s\u00e3o fruto de muito trabalho, mas n\u00e3o \u00e9 feito em &#8220;carreira solo&#8221;. Ali\u00e1s, n\u00e3o se faz gest\u00e3o em carreira solo! No m\u00ednimo, \u00e9 necess\u00e1rio fazer em dupla ou em trio! Dupla ou trio formados pelos Poderes, pelos entes p\u00fablicos!<\/p>\n<p>Tem sido assim em Ilh\u00e9us! No \u00e2mbito local, o Executivo e o Legislativo t\u00eam dado as m\u00e3os, fortalecendo um ao outro. O Executivo na ponta, realizando, entregando servi\u00e7os e resultados ao povo. J\u00e1 o Legislativo, tem contribu\u00eddo decisivamente ao aprovar as pautas e leis que permitem e d\u00e3o suporte legal para o Executivo fazer o seu papel.<\/p>\n<p>Nos \u00e2mbitos estadual e nacional, Ilh\u00e9us recuperou seu lugar no trip\u00e9 formado pelos tr\u00eas entes: munic\u00edpio, Estado e Uni\u00e3o. Honestamente, ningu\u00e9m pode negar que Ilh\u00e9us hoje pode andar de cabe\u00e7a erguida nos \u00f3rg\u00e3os do Estado! Entra e sai das reparti\u00e7\u00f5es com humildade, mas sempre com altivez e firmeza, porque j\u00e1 n\u00e3o \u00e9 mais aquele munic\u00edpio que n\u00e3o prestava contas dos conv\u00eanios, ou que n\u00e3o terminava as obras que o governo estadual e federal concediam. Ilh\u00e9us \u00e9 outra! A nossa presen\u00e7a tanto em Salvador quanto em Bras\u00edlia &#8211; prestando contas, apresentando projetos, regularizando pend\u00eancias que toda m\u00e1quina administrativa precisa enfrentar, em cada reparti\u00e7\u00e3o &#8211; fez com que a nossa Ilh\u00e9us voltasse a ocupar o lugar de refer\u00eancia no sul da Bahia, para ser respeitada e atendida nos pleitos que interessam a nosso povo!<\/p>\n<p>&nbsp;<\/p>\n<div class=\"imagem thumbnail col-xs-12 col-sm-8 col-md-6 col-lg-6 imagem-materia\">\n<p><a class=\"fresco\" title=\"\" href=\"https:\/\/portalfacilarquivos.blob.core.windows.net\/uploads\/ILHEUS\/imgOrig\/%7BEDEE3DAB-EB31-D7DA-D460-DBE6DEAAC2C1%7D.jpeg\" data-fresco-caption=\"\"><img loading=\"lazy\" title=\"\" src=\"https:\/\/portalfacilarquivos.blob.core.windows.net\/uploads\/ILHEUS\/img\/%7BEDEE3DAB-EB31-D7DA-D460-DBE6DEAAC2C1%7D\/%7BEDEE3DAB-EB31-D7DA-D460-DBE6DEAAC2C1%7D_650X450.jpeg\" alt=\"c\u00e2mara de vereadores\" width=\"650\" height=\"450\" \/><\/a><\/p>\n<p class=\"bg-primary\">\n<\/div>\n<p>&nbsp;<\/p>\n<p>E todos n\u00f3s nos orgulhamos disso! Gra\u00e7as a Deus e a muito trabalho. Ali\u00e1s, quando iniciamos nosso mandato, anunciamos, l\u00e1 em 2<strong>017, um &#8220;Tempo de Alegria&#8221;\u00a0<\/strong>que s\u00f3 foi poss\u00edvel porque\u00a0<strong>&#8220;O Trabalho n\u00e3o para!&#8221;<\/strong>, porque mantemos o\u00a0<strong>&#8220;Orgulho no peito e o trabalho nas ruas&#8221;<\/strong>\u00a0e porque sempre estamos prontos para\u00a0<strong>&#8220;Novos tempos, com a for\u00e7a do Trabalho&#8221;<\/strong>.<\/p>\n<p>Esse trabalho, Excel\u00eancias, tem sido desenvolvido em todas as \u00e1reas e segmentos de nosso munic\u00edpio, estando distribu\u00eddas em cada \u00f3rg\u00e3o e secretarias, que modo integrado tem desempenhado suas atribui\u00e7\u00f5es sempre com o objetivo de impulsionar os avan\u00e7os de nossa cidade.<\/p>\n<p>De modo geral, seria poss\u00edvel abordar todas as atividades e descrev\u00ea-las de modo a explicar a import\u00e2ncia de cada uma delas, podendo-se pontuar, por exemplo, aspectos relacionados aos investimentos que foram feitos em prol da valoriza\u00e7\u00e3o de nossos servidores p\u00fablicos, que \u00e9 o maior patrim\u00f4nio do munic\u00edpio, como costumo dizer! Ou poderia, ainda, citar os investimentos e recursos empregados em obras estruturantes de infraestrutura de nossa cidade, assim como a manuten\u00e7\u00e3o e reforma de pr\u00e9dios p\u00fablicos, entre eles, escolas, t\u00e3o fundamentais para a forma\u00e7\u00e3o de nossos cidad\u00e3os ilheenses.<\/p>\n<p>Para descrever em detalhes todas as a\u00e7\u00f5es realizadas pelo governo atrav\u00e9s de cada secretaria, seria necess\u00e1rio tomar muito tempo e cansar a todos, com dados em n\u00fameros, datas e especifica\u00e7\u00f5es que poder\u00e3o ser extra\u00eddas no texto que segue anexo a esta mensagem. Ali, Vossas Excel\u00eancias e todo cidad\u00e3o poder\u00e1 verificar mais detalhadamente os dados.<\/p>\n<p>Vou preferir, Excel\u00eancias, citar alguns t\u00f3picos de cada secretaria, e alguns deles j\u00e1 falar\u00e3o por si s\u00f3, seja pela clareza, seja pela relev\u00e2ncia das a\u00e7\u00f5es que j\u00e1 foram feitas e as que se pretende fazer.<\/p>\n<p>&nbsp;<\/p>\n<div class=\"imagem thumbnail col-xs-12 col-sm-8 col-md-6 col-lg-6 imagem-materia\">\n<p><a class=\"fresco\" title=\"\" href=\"https:\/\/portalfacilarquivos.blob.core.windows.net\/uploads\/ILHEUS\/imgOrig\/%7B8B3B2EB8-0E1C-E5A0-DDEC-AADDDE4468CC%7D.jpeg\" data-fresco-caption=\"\"><img loading=\"lazy\" title=\"\" src=\"https:\/\/portalfacilarquivos.blob.core.windows.net\/uploads\/ILHEUS\/img\/%7B8B3B2EB8-0E1C-E5A0-DDEC-AADDDE4468CC%7D\/%7B8B3B2EB8-0E1C-E5A0-DDEC-AADDDE4468CC%7D_650X450.jpeg\" alt=\"c\u00e2mara de vereadores\" width=\"650\" height=\"450\" \/><\/a><\/p>\n<p class=\"bg-primary\">\n<\/div>\n<p>&nbsp;<\/p>\n<p>Vejamos:<\/p>\n<p>&nbsp;<\/p>\n<p><strong>SECRETARIA DE ORDEM P\u00daBLICA<\/strong><\/p>\n<p>&#8211; Forma\u00e7\u00e3o de 30 Guardas Civis municipais pelo Centro de Forma\u00e7\u00e3o da Guarda Municipal;<\/p>\n<p>&#8211; Aplica\u00e7\u00e3o efetiva do C\u00f3digo de Postura e estudos para atualiza\u00e7\u00e3o da legisla\u00e7\u00e3o de postura;<\/p>\n<p><strong>PROCON<\/strong><\/p>\n<p>&#8211; Entrega de nova Sede do PROCON, com estrutura e condi\u00e7\u00f5es para melhor atender o consumidor ilheense;<\/p>\n<p><strong>\u00a0SUTRAN<\/strong><\/p>\n<p>&#8211; Cria\u00e7\u00e3o do N\u00facleo Permanente de Educa\u00e7\u00e3o para o Tr\u00e2nsito;<\/p>\n<p><strong>SECRETARIA ESPECIAL DE CULTURA<\/strong><\/p>\n<p>&#8211; Recupera\u00e7\u00e3o do Teatro Municipal e estudos para moderniza\u00e7\u00e3o da estrutura do espa\u00e7o;<\/p>\n<p><strong>SECRETARIA DE INFRAESTRUTURA E DEFESA CIVIL<\/strong><\/p>\n<p>&#8211; Execu\u00e7\u00e3o do projeto &#8220;Caminho dos Altos&#8221;;<\/p>\n<p>&#8211; Fechamento do Canal do Malhado, com revitaliza\u00e7\u00e3o e urbaniza\u00e7\u00e3o, com espa\u00e7o de conviv\u00eancia para a comunidade;<\/p>\n<p>&#8211; Aprova\u00e7\u00e3o de projetos na \u00e1rea de Defesa Civil, em combate \u00e0s chuvas;<\/p>\n<p><strong>SECRETARIA ESPECIAL DE AGRICULTURA, PESCA E INTERIOR<\/strong><\/p>\n<p>-Cria\u00e7\u00e3o da Secretaria e Aprova\u00e7\u00e3o de propostas junto ao SICONV, tendo como objeto a recupera\u00e7\u00e3o de estradas vicinais;<\/p>\n<p><strong>SECRETARIA DE SA\u00daDE<\/strong><\/p>\n<p>&#8211; Amplia\u00e7\u00e3o da cobertura da aten\u00e7\u00e3o b\u00e1sica de sa\u00fade &#8211; Projeto &#8220;Sa\u00fade na Comunidade&#8221;;<\/p>\n<p>&#8211; Novas ambul\u00e2ncias para o SAMU;<\/p>\n<p><strong>SECRETARIA ESPECIAL DE JUVENTUDE, ESPORTE E LAZER<\/strong><\/p>\n<p>&#8211; Novo Gin\u00e1sio de Esportes Herval Soledade;<\/p>\n<p>&#8211; Est\u00e1dio M\u00e1rio Pessoa requalificado e habilitado para sediar jogos no Campeonato Estadual;<\/p>\n<p><strong>SECRETARIA MUNICIPAL DE EDUCA\u00c7\u00c3O<\/strong><\/p>\n<p>&#8211; Reforma e requalifica\u00e7\u00e3o de 82% das escolas da zona urbana e 69% das unidades da zona rural, com destaque para a constru\u00e7\u00e3o de Escola do Japu, que deixou de ser escola do terror, para ser Escola do Amor, com mais dignidade para nossas crian\u00e7as;<\/p>\n<p>&#8211; Constru\u00e7\u00e3o e aquisi\u00e7\u00e3o de pr\u00e9dios para creches, atendendo a crian\u00e7as em idade pr\u00e9-escolar;<\/p>\n<p><strong>CONTROLADORIA-GERAL DO MUNICIPIO e PROCURADORIA-GERAL<\/strong><\/p>\n<p>-Auditoria em mais de 6 mil processos, evitando danos ao er\u00e1rio;<\/p>\n<p>&#8211; Atua\u00e7\u00e3o eficiente da Ouvidoria &#8211; al\u00e7ando Ilh\u00e9us para a posi\u00e7\u00e3o de 1\u00aa colocada entre os 26 munic\u00edpios do Litoral Sul, em \u00edndice de transpar\u00eancia;<\/p>\n<p>&#8211; Medidas de implanta\u00e7\u00e3o da Nova Lei de Licita\u00e7\u00f5es e forma\u00e7\u00e3o de servidores, inclusive os fiscais de contratos;<\/p>\n<p><strong>SECRETARIA DE FAZENDA<\/strong><\/p>\n<p>&#8211; Na \u00e1rea fiscal, criamos o programa de Transa\u00e7\u00e3o Tributaria e incentivamos o REFIS (Programa de Recupera\u00e7\u00e3o Fiscal), permitindo a regulariza\u00e7\u00e3o de d\u00edvidas tribut\u00e1rias de v\u00e1rias pessoas f\u00edsicas e jur\u00eddicas &#8211; incrementando a arrecada\u00e7\u00e3o de recursos para serem investidos em nossa cidade, com obras e servi\u00e7os;<\/p>\n<p><strong>SECRETARIA MUNICIPAL DE GEST\u00c3O<\/strong><\/p>\n<p>&#8211; Garantia do piso dos professores e outras categorias;<\/p>\n<p>&#8211; Medidas de gest\u00e3o para garantir lisura aos processos de contrata\u00e7\u00e3o;<\/p>\n<p>&#8211; Forma\u00e7\u00e3o de servidores para adequa\u00e7\u00e3o \u00e0 Nova Lei de Licita\u00e7\u00f5es;<\/p>\n<p>&#8211; Sal\u00e1rios rigorosamente em dia;<\/p>\n<p><strong>SECRETARIA DE PROMO\u00c7\u00c3O SOCIAL E COMBATE \u00c0 POBREZA<\/strong><\/p>\n<p>&#8211; Redu\u00e7\u00e3o dos \u00edndices de pobreza, com a\u00e7\u00f5es de fortalecimento da popula\u00e7\u00e3o atrav\u00e9s de cursos de qualifica\u00e7\u00e3o profissionais;<\/p>\n<p>&#8211; Parcerias com institui\u00e7\u00f5es privadas para promover qualifica\u00e7\u00e3o profissional &#8211; Enfrentamento dos impactos sociais no per\u00edodo da pandemia e das chuvas que assolaram o munic\u00edpio, atendendo aproximadamente 10 mil pessoas diretamente afetadas;<\/p>\n<p>&#8211; Atendimento \u00e0 popula\u00e7\u00e3o em situa\u00e7\u00e3o de rua e erradica\u00e7\u00e3o do trabalho infantil &#8211; Fortalecimento de campanhas de combate \u00e0 viol\u00eancia contra mulher, inclusive com a cria\u00e7\u00e3o de um \u00f3rg\u00e3o espec\u00edfico na Secretaria;<\/p>\n<p>Por fim, quero destacar o brilhante papel dessa Augusta Casa Legislativa. Vossas Excel\u00eancias s\u00e3o parceiros de Ilh\u00e9us, cada um no seu perfil, na sua \u00e1rea de atua\u00e7\u00e3o. Essa Casa me deu grandes demonstra\u00e7\u00f5es de parceria, aprovando:<\/p>\n<p>&#8211; Reajuste salarial de 10,76% aos servidores;<\/p>\n<p>&#8211; Aumento para R$ 550,00 o valor do vale- alimenta\u00e7\u00e3o;<\/p>\n<p>&#8211; Cria\u00e7\u00e3o da Secretaria de Agricultura, Pesca e Interior;<\/p>\n<p>&#8211; Cria\u00e7\u00e3o do Setor de Apoio e Incentivo \u00e0 Doa\u00e7\u00e3o de \u00d3rg\u00e3os;<\/p>\n<p>&#8211; LDO e LOA.<\/p>\n<p>&nbsp;<\/p>\n<div class=\"imagem thumbnail col-xs-12 col-sm-8 col-md-6 col-lg-6 imagem-materia\">\n<p><a class=\"fresco\" title=\"\" href=\"https:\/\/portalfacilarquivos.blob.core.windows.net\/uploads\/ILHEUS\/imgOrig\/%7B8E835BEC-C7DE-528D-DEB3-ECA3617EA3CD%7D.jpeg\" data-fresco-caption=\"\"><img loading=\"lazy\" title=\"\" src=\"https:\/\/portalfacilarquivos.blob.core.windows.net\/uploads\/ILHEUS\/img\/%7B8E835BEC-C7DE-528D-DEB3-ECA3617EA3CD%7D\/%7B8E835BEC-C7DE-528D-DEB3-ECA3617EA3CD%7D_650X450.jpeg\" alt=\"c\u00e2mara de vereadores \" width=\"650\" height=\"450\" \/><\/a><\/p>\n<p class=\"bg-primary\">\n<\/div>\n<p>&nbsp;<\/p>\n<p>Gratid\u00e3o e compromisso com o povo de minha terra, s\u00e3o os sentimentos que me definem hoje e me orientaram durante esses 6 anos de governo, com lealdade ao projeto aprovado pelos ilheenses em 2020 e ratificado agora em 2022, refor\u00e7ando a import\u00e2ncia de Ilh\u00e9us no cen\u00e1rio regional e estadual.<\/p>\n<p>Finalizo, renovando nosso compromisso com esta Casa Legislativa e suplicando b\u00ean\u00e7\u00e3os a Deus, que h\u00e1 de continuar nos protegendo e dando for\u00e7as para continuarmos trabalhando em prol de nossa cidade. Agrade\u00e7o novamente a aten\u00e7\u00e3o de Vossas Excel\u00eancias, desejando boa sorte a todos, para SEGUIRMOS COM A FOR\u00c7A DO TRABALHO FAZENDO A DIFEREN\u00c7A!<\/p>\n<p>&nbsp;<\/p>\n<p>M\u00c1RIO ALEXANDRE CORR\u00caA DE SOUSA<\/p>\n<p>Prefeito Municipal<\/p>\n<p class=\"ds_chamada\">O ato\u00a0contou com a presen\u00e7a do vice-prefeito Bebeto Galv\u00e3o, representantes da popula\u00e7\u00e3o, autoridades locais e imprensa<\/p>\n<p class=\"dt_materia\">\u00a0Publicado em 07\/02\/2023 13:17<\/p>\n<p>&nbsp;<\/p>\n<p>&nbsp;<\/p>\n<div class=\"imagem thumbnail col-xs-12 col-sm-8 col-md-6 col-lg-6 imagem-materia\"><a class=\"fresco\" title=\"\" href=\"https:\/\/portalfacilarquivos.blob.core.windows.net\/uploads\/ILHEUS\/imgOrig\/%7BE2CAC860-E26C-AD1D-BDCB-C2503A131ECA%7D.jpeg\" data-fresco-caption=\"\"><img loading=\"lazy\" title=\"\" src=\"https:\/\/portalfacilarquivos.blob.core.windows.net\/uploads\/ILHEUS\/img\/%7BE2CAC860-E26C-AD1D-BDCB-C2503A131ECA%7D\/%7BE2CAC860-E26C-AD1D-BDCB-C2503A131ECA%7D_650X450.jpeg\" alt=\"c\u00e2mara de vereadores\" width=\"650\" height=\"450\" \/><\/a><\/div>\n<p>O prefeito M\u00e1rio Alexandre participou nesta ter\u00e7a-feira (7) da sess\u00e3o solene de abertura dos trabalhos da C\u00e2mara de Vereadores de Ilh\u00e9us.\u00a0Em seu pronunciamento, o gestor destacou\u00a0os avan\u00e7os,\u00a0apresentando uma retrospectiva com o balan\u00e7o das principais obras executadas pela gest\u00e3o p\u00fablica no \u00faltimos seis anos\u00a0e anunciou novos investimentos para o munic\u00edpio.\u00a0O ato\u00a0contou com a presen\u00e7a do vice-prefeito Bebeto Galv\u00e3o, representantes da popula\u00e7\u00e3o, autoridades locais e imprensa.<\/p>\n<p>\u201cQuero agradecer primeiramente a Deus, por me dar a for\u00e7a necess\u00e1ria para lutar em prol do povo, e a todos que acreditaram no nosso trabalho ao longo dos \u00faltimos seis anos de governo. Vamos mostrar o que j\u00e1 fizemos, o que estamos fazendo e o que iremos fazer para melhorar a qualidade de vida da nossa gente. Tamb\u00e9m agrade\u00e7o ao Governo do Estado, ao Governo Federal e \u00e0 C\u00e2mara de Vereadores, a qual me sinto honrado em participar da abertura das atividades do ano de 2023. O trabalho n\u00e3o pode parar\u201d, declarou o gestor.<\/p>\n<div class=\"imagem thumbnail col-xs-12 col-sm-8 col-md-6 col-lg-6 imagem-materia\"><a class=\"fresco\" title=\"\" href=\"https:\/\/portalfacilarquivos.blob.core.windows.net\/uploads\/ILHEUS\/imgOrig\/%7BEB03DA88-CCCD-A23C-5B7D-D73A86B7ECBA%7D.jpeg\" data-fresco-caption=\"\"><img loading=\"lazy\" title=\"\" src=\"https:\/\/portalfacilarquivos.blob.core.windows.net\/uploads\/ILHEUS\/img\/%7BEB03DA88-CCCD-A23C-5B7D-D73A86B7ECBA%7D\/%7BEB03DA88-CCCD-A23C-5B7D-D73A86B7ECBA%7D_650X450.jpeg\" alt=\"c\u00e2mara de vereadores\" width=\"650\" height=\"450\" \/><\/a><\/div>\n<p><strong>Confira a mensagem do prefeito de Ilh\u00e9us, Excelent\u00edssimo Senhor M\u00e1rio Alexandre Correa de Sousa, \u00e0 C\u00e2mara Municipal, na Sess\u00e3o de Abertura dos Trabalhos Legislativos de 2022, em 7 de Fevereiro de 2023.<\/strong><\/p>\n<p>Excelent\u00edssimo Senhor Presidente da C\u00e2mara Municipal de Ilh\u00e9us, Vereador Abra\u00e3o Oliveira dos Santos,<\/p>\n<p>Excelent\u00edssimas senhoras vereadoras,<\/p>\n<p>Excelent\u00edssimos senhores vereadores,<\/p>\n<p>Meus amigos, minhas amigas de Ilh\u00e9us,<\/p>\n<p>\u00c9 com muita alegria que apresento a esta C\u00e2mara de Vereadores e ao povo de Ilh\u00e9us, atrav\u00e9s de seus representantes, em nome do Poder Executivo, esta Mensagem de abertura da 3\u00aa sess\u00e3o legislativa da Legislatura 2021-2024.<\/p>\n<p>Penso que a presen\u00e7a do Executivo a cada abertura de sess\u00e3o legislativa \u00e9 uma tradi\u00e7\u00e3o saud\u00e1vel. \u00c9 assim em todas as unidades da Federa\u00e7\u00e3o, e com os munic\u00edpios n\u00e3o poderia ser diferente! Afinal, \u00e9 a ocasi\u00e3o reservada para o Executivo prestar suas homenagens ao Legislativo e &#8211; mais do que isso! &#8211; \u00e9 o momento para se dirigir ao Povo, nesta Casa que \u00e9 do Povo, para apresentar um r\u00e1pido panorama das a\u00e7\u00f5es j\u00e1 realizadas e das metas estabelecidas para nos impulsionar para o futuro.<\/p>\n<p>\u00c9 como falar de passado e futuro, porque no passado est\u00e3o as experi\u00eancias e mem\u00f3rias que nos d\u00e3o mais \u00e2nimo e capacidade para avan\u00e7armos em dire\u00e7\u00e3o ao futuro. \u00c9 como dirigir: a gente foca na frente, de olho no para-brisa, mas temos que dar uma olhadinha no retrovisor. Passado, presente e futuro &#8211; etapas de nossa hist\u00f3ria que servem para nos orientar!<\/p>\n<p>Desse modo, meus amigos e amigas, prestando satisfa\u00e7\u00f5es ao Povo e ao Legislativo, atrav\u00e9s de seus representantes, \u00e9 que venho, em nome do Executivo, tra\u00e7ar esse panorama sobre nossa gest\u00e3o, a gest\u00e3o que mudou, tem mudado e vai continuar mudando Ilh\u00e9us para melhor!<\/p>\n<p>N\u00e3o \u00e9 demais lembrar que todas as mudan\u00e7as que aconteceram e v\u00eam acontecendo em nossa cidade s\u00e3o fruto de muito trabalho, mas n\u00e3o \u00e9 feito em &#8220;carreira solo&#8221;. Ali\u00e1s, n\u00e3o se faz gest\u00e3o em carreira solo! No m\u00ednimo, \u00e9 necess\u00e1rio fazer em dupla ou em trio! Dupla ou trio formados pelos Poderes, pelos entes p\u00fablicos!<\/p>\n<p>Tem sido assim em Ilh\u00e9us! No \u00e2mbito local, o Executivo e o Legislativo t\u00eam dado as m\u00e3os, fortalecendo um ao outro. O Executivo na ponta, realizando, entregando servi\u00e7os e resultados ao povo. J\u00e1 o Legislativo, tem contribu\u00eddo decisivamente ao aprovar as pautas e leis que permitem e d\u00e3o suporte legal para o Executivo fazer o seu papel.<\/p>\n<p>Nos \u00e2mbitos estadual e nacional, Ilh\u00e9us recuperou seu lugar no trip\u00e9 formado pelos tr\u00eas entes: munic\u00edpio, Estado e Uni\u00e3o. Honestamente, ningu\u00e9m pode negar que Ilh\u00e9us hoje pode andar de cabe\u00e7a erguida nos \u00f3rg\u00e3os do Estado! Entra e sai das reparti\u00e7\u00f5es com humildade, mas sempre com altivez e firmeza, porque j\u00e1 n\u00e3o \u00e9 mais aquele munic\u00edpio que n\u00e3o prestava contas dos conv\u00eanios, ou que n\u00e3o terminava as obras que o governo estadual e federal concediam. Ilh\u00e9us \u00e9 outra! A nossa presen\u00e7a tanto em Salvador quanto em Bras\u00edlia &#8211; prestando contas, apresentando projetos, regularizando pend\u00eancias que toda m\u00e1quina administrativa precisa enfrentar, em cada reparti\u00e7\u00e3o &#8211; fez com que a nossa Ilh\u00e9us voltasse a ocupar o lugar de refer\u00eancia no sul da Bahia, para ser respeitada e atendida nos pleitos que interessam a nosso povo!<\/p>\n<p>E todos n\u00f3s nos orgulhamos disso! Gra\u00e7as a Deus e a muito trabalho. Ali\u00e1s, quando iniciamos nosso mandato, anunciamos, l\u00e1 em 2<strong>017, um &#8220;Tempo de Alegria&#8221;\u00a0<\/strong>que s\u00f3 foi poss\u00edvel porque\u00a0<strong>&#8220;O Trabalho n\u00e3o para!&#8221;<\/strong>, porque mantemos o\u00a0<strong>&#8220;Orgulho no peito e o trabalho nas ruas&#8221;<\/strong>\u00a0e porque sempre estamos prontos para\u00a0<strong>&#8220;Novos tempos, com a for\u00e7a do Trabalho&#8221;<\/strong>.<\/p>\n<p>Esse trabalho, Excel\u00eancias, tem sido desenvolvido em todas as \u00e1reas e segmentos de nosso munic\u00edpio, estando distribu\u00eddas em cada \u00f3rg\u00e3o e secretarias, que modo integrado tem desempenhado suas atribui\u00e7\u00f5es sempre com o objetivo de impulsionar os avan\u00e7os de nossa cidade.<\/p>\n<p>De modo geral, seria poss\u00edvel abordar todas as atividades e descrev\u00ea-las de modo a explicar a import\u00e2ncia de cada uma delas, podendo-se pontuar, por exemplo, aspectos relacionados aos investimentos que foram feitos em prol da valoriza\u00e7\u00e3o de nossos servidores p\u00fablicos, que \u00e9 o maior patrim\u00f4nio do munic\u00edpio, como costumo dizer! Ou poderia, ainda, citar os investimentos e recursos empregados em obras estruturantes de infraestrutura de nossa cidade, assim como a manuten\u00e7\u00e3o e reforma de pr\u00e9dios p\u00fablicos, entre eles, escolas, t\u00e3o fundamentais para a forma\u00e7\u00e3o de nossos cidad\u00e3os ilheenses.<\/p>\n<p>Para descrever em detalhes todas as a\u00e7\u00f5es realizadas pelo governo atrav\u00e9s de cada secretaria, seria necess\u00e1rio tomar muito tempo e cansar a todos, com dados em n\u00fameros, datas e especifica\u00e7\u00f5es que poder\u00e3o ser extra\u00eddas no texto que segue anexo a esta mensagem. Ali, Vossas Excel\u00eancias e todo cidad\u00e3o poder\u00e1 verificar mais detalhadamente os dados.<\/p>\n<p>Vou preferir, Excel\u00eancias, citar alguns t\u00f3picos de cada secretaria, e alguns deles j\u00e1 falar\u00e3o por si s\u00f3, seja pela clareza, seja pela relev\u00e2ncia das a\u00e7\u00f5es que j\u00e1 foram feitas e as que se pretende fazer.<\/p>\n<p>&nbsp;<\/p>\n<div class=\"imagem thumbnail col-xs-12 col-sm-8 col-md-6 col-lg-6 imagem-materia\"><a class=\"fresco\" title=\"\" href=\"https:\/\/portalfacilarquivos.blob.core.windows.net\/uploads\/ILHEUS\/imgOrig\/%7B8B3B2EB8-0E1C-E5A0-DDEC-AADDDE4468CC%7D.jpeg\" data-fresco-caption=\"\"><img loading=\"lazy\" title=\"\" src=\"https:\/\/portalfacilarquivos.blob.core.windows.net\/uploads\/ILHEUS\/img\/%7B8B3B2EB8-0E1C-E5A0-DDEC-AADDDE4468CC%7D\/%7B8B3B2EB8-0E1C-E5A0-DDEC-AADDDE4468CC%7D_650X450.jpeg\" alt=\"c\u00e2mara de vereadores\" width=\"650\" height=\"450\" \/><\/a><\/div>\n<p>Vejamos:<\/p>\n<p><strong>SECRETARIA DE ORDEM P\u00daBLICA<\/strong><\/p>\n<p>&#8211; Forma\u00e7\u00e3o de 30 Guardas Civis municipais pelo Centro de Forma\u00e7\u00e3o da Guarda Municipal;<\/p>\n<p>&#8211; Aplica\u00e7\u00e3o efetiva do C\u00f3digo de Postura e estudos para atualiza\u00e7\u00e3o da legisla\u00e7\u00e3o de postura;<\/p>\n<p><strong>PROCON<\/strong><\/p>\n<p>&#8211; Entrega de nova Sede do PROCON, com estrutura e condi\u00e7\u00f5es para melhor atender o consumidor ilheense;<\/p>\n<p><strong>\u00a0SUTRAN<\/strong><\/p>\n<p>&#8211; Cria\u00e7\u00e3o do N\u00facleo Permanente de Educa\u00e7\u00e3o para o Tr\u00e2nsito;<\/p>\n<p><strong>SECRETARIA ESPECIAL DE CULTURA<\/strong><\/p>\n<p>&#8211; Recupera\u00e7\u00e3o do Teatro Municipal e estudos para moderniza\u00e7\u00e3o da estrutura do espa\u00e7o;<\/p>\n<p><strong>SECRETARIA DE INFRAESTRUTURA E DEFESA CIVIL<\/strong><\/p>\n<p>&#8211; Execu\u00e7\u00e3o do projeto &#8220;Caminho dos Altos&#8221;;<\/p>\n<p>&#8211; Fechamento do Canal do Malhado, com revitaliza\u00e7\u00e3o e urbaniza\u00e7\u00e3o, com espa\u00e7o de conviv\u00eancia para a comunidade;<\/p>\n<p>&#8211; Aprova\u00e7\u00e3o de projetos na \u00e1rea de Defesa Civil, em combate \u00e0s chuvas;<\/p>\n<p><strong>SECRETARIA ESPECIAL DE AGRICULTURA, PESCA E INTERIOR<\/strong><\/p>\n<p>-Cria\u00e7\u00e3o da Secretaria e Aprova\u00e7\u00e3o de propostas junto ao SICONV, tendo como objeto a recupera\u00e7\u00e3o de estradas vicinais;<\/p>\n<p><strong>SECRETARIA DE SA\u00daDE<\/strong><\/p>\n<p>&#8211; Amplia\u00e7\u00e3o da cobertura da aten\u00e7\u00e3o b\u00e1sica de sa\u00fade &#8211; Projeto &#8220;Sa\u00fade na Comunidade&#8221;;<\/p>\n<p>&#8211; Novas ambul\u00e2ncias para o SAMU;<\/p>\n<p><strong>SECRETARIA ESPECIAL DE JUVENTUDE, ESPORTE E LAZER<\/strong><\/p>\n<p>&#8211; Novo Gin\u00e1sio de Esportes Herval Soledade;<\/p>\n<p>&#8211; Est\u00e1dio M\u00e1rio Pessoa requalificado e habilitado para sediar jogos no Campeonato Estadual;<\/p>\n<p><strong>SECRETARIA MUNICIPAL DE EDUCA\u00c7\u00c3O<\/strong><\/p>\n<p>&#8211; Reforma e requalifica\u00e7\u00e3o de 82% das escolas da zona urbana e 69% das unidades da zona rural, com destaque para a constru\u00e7\u00e3o de Escola do Japu, que deixou de ser escola do terror, para ser Escola do Amor, com mais dignidade para nossas crian\u00e7as;<\/p>\n<p>&#8211; Constru\u00e7\u00e3o e aquisi\u00e7\u00e3o de pr\u00e9dios para creches, atendendo a crian\u00e7as em idade pr\u00e9-escolar;<\/p>\n<p><strong>CONTROLADORIA-GERAL DO MUNICIPIO e PROCURADORIA-GERAL<\/strong><\/p>\n<p>-Auditoria em mais de 6 mil processos, evitando danos ao er\u00e1rio;<\/p>\n<p>&#8211; Atua\u00e7\u00e3o eficiente da Ouvidoria &#8211; al\u00e7ando Ilh\u00e9us para a posi\u00e7\u00e3o de 1\u00aa colocada entre os 26 munic\u00edpios do Litoral Sul, em \u00edndice de transpar\u00eancia;<\/p>\n<p>&#8211; Medidas de implanta\u00e7\u00e3o da Nova Lei de Licita\u00e7\u00f5es e forma\u00e7\u00e3o de servidores, inclusive os fiscais de contratos;<\/p>\n<p><strong>SECRETARIA DE FAZENDA<\/strong><\/p>\n<p>&#8211; Na \u00e1rea fiscal, criamos o programa de Transa\u00e7\u00e3o Tributaria e incentivamos o REFIS (Programa de Recupera\u00e7\u00e3o Fiscal), permitindo a regulariza\u00e7\u00e3o de d\u00edvidas tribut\u00e1rias de v\u00e1rias pessoas f\u00edsicas e jur\u00eddicas &#8211; incrementando a arrecada\u00e7\u00e3o de recursos para serem investidos em nossa cidade, com obras e servi\u00e7os;<\/p>\n<p><strong>SECRETARIA MUNICIPAL DE GEST\u00c3O<\/strong><\/p>\n<p>&#8211; Garantia do piso dos professores e outras categorias;<\/p>\n<p>&#8211; Medidas de gest\u00e3o para garantir lisura aos processos de contrata\u00e7\u00e3o;<\/p>\n<p>&#8211; Forma\u00e7\u00e3o de servidores para adequa\u00e7\u00e3o \u00e0 Nova Lei de Licita\u00e7\u00f5es;<\/p>\n<p>&#8211; Sal\u00e1rios rigorosamente em dia;<\/p>\n<p><strong>SECRETARIA DE PROMO\u00c7\u00c3O SOCIAL E COMBATE \u00c0 POBREZA<\/strong><\/p>\n<p>&#8211; Redu\u00e7\u00e3o dos \u00edndices de pobreza, com a\u00e7\u00f5es de fortalecimento da popula\u00e7\u00e3o atrav\u00e9s de cursos de qualifica\u00e7\u00e3o profissionais;<\/p>\n<p>&#8211; Parcerias com institui\u00e7\u00f5es privadas para promover qualifica\u00e7\u00e3o profissional &#8211; Enfrentamento dos impactos sociais no per\u00edodo da pandemia e das chuvas que assolaram o munic\u00edpio, atendendo aproximadamente 10 mil pessoas diretamente afetadas;<\/p>\n<p>&#8211; Atendimento \u00e0 popula\u00e7\u00e3o em situa\u00e7\u00e3o de rua e erradica\u00e7\u00e3o do trabalho infantil &#8211; Fortalecimento de campanhas de combate \u00e0 viol\u00eancia contra mulher, inclusive com a cria\u00e7\u00e3o de um \u00f3rg\u00e3o espec\u00edfico na Secretaria;<\/p>\n<p>Por fim, quero destacar o brilhante papel dessa Augusta Casa Legislativa. Vossas Excel\u00eancias s\u00e3o parceiros de Ilh\u00e9us, cada um no seu perfil, na sua \u00e1rea de atua\u00e7\u00e3o. Essa Casa me deu grandes demonstra\u00e7\u00f5es de parceria, aprovando:<\/p>\n<p>&#8211; Reajuste salarial de 10,76% aos servidores;<\/p>\n<p>&#8211; Aumento para R$ 550,00 o valor do vale- alimenta\u00e7\u00e3o;<\/p>\n<p>&#8211; Cria\u00e7\u00e3o da Secretaria de Agricultura, Pesca e Interior;<\/p>\n<p>&#8211; Cria\u00e7\u00e3o do Setor de Apoio e Incentivo \u00e0 Doa\u00e7\u00e3o de \u00d3rg\u00e3os;<\/p>\n<p>&#8211; LDO e LOA.<\/p>\n<div class=\"imagem thumbnail col-xs-12 col-sm-8 col-md-6 col-lg-6 imagem-materia\">\n<p><a class=\"fresco\" title=\"\" href=\"https:\/\/portalfacilarquivos.blob.core.windows.net\/uploads\/ILHEUS\/imgOrig\/%7B8E835BEC-C7DE-528D-DEB3-ECA3617EA3CD%7D.jpeg\" data-fresco-caption=\"\"><img loading=\"lazy\" title=\"\" src=\"https:\/\/portalfacilarquivos.blob.core.windows.net\/uploads\/ILHEUS\/img\/%7B8E835BEC-C7DE-528D-DEB3-ECA3617EA3CD%7D\/%7B8E835BEC-C7DE-528D-DEB3-ECA3617EA3CD%7D_650X450.jpeg\" alt=\"c\u00e2mara de vereadores \" width=\"650\" height=\"450\" \/><\/a><\/p>\n<p class=\"bg-primary\">Gratid\u00e3o e compromisso com o povo de minha terra, s\u00e3o os sentimentos que me definem hoje e me orientaram durante esses 6 anos de governo, com lealdade ao projeto aprovado pelos ilheenses em 2020 e ratificado agora em 2022, refor\u00e7ando a import\u00e2ncia de Ilh\u00e9us no cen\u00e1rio regional e estado<\/p>\n<\/div>\n","protected":false},"excerpt":{"rendered":"<p>O prefeito M\u00e1rio Alexandre participou nesta ter\u00e7a-feira (7) da sess\u00e3o solene de abertura de trabalhos da C\u00e2mara de Vereadores de Ilh\u00e9us. Em seu pronunciamento, o gestor destacou os avan\u00e7os, apresentando uma retrospectiva com o balan\u00e7o das principais obras executadas pela gest\u00e3o p\u00fablica no \u00faltimos seis anos e anunciou novos investimentos para o munic\u00edpio. O ato [&hellip;]<\/p>\n","protected":false},"author":2,"featured_media":0,"comment_status":"open","ping_status":"open","sticky":false,"template":"","format":"standard","meta":{"_links_to":"","_links_to_target":""},"categories":[7,8,1],"tags":[],"_links":{"self":[{"href":"https:\/\/www.ilheusnoticias.net.br\/v1\/wp-json\/wp\/v2\/posts\/30926"}],"collection":[{"href":"https:\/\/www.ilheusnoticias.net.br\/v1\/wp-json\/wp\/v2\/posts"}],"about":[{"href":"https:\/\/www.ilheusnoticias.net.br\/v1\/wp-json\/wp\/v2\/types\/post"}],"author":[{"embeddable":true,"href":"https:\/\/www.ilheusnoticias.net.br\/v1\/wp-json\/wp\/v2\/users\/2"}],"replies":[{"embeddable":true,"href":"https:\/\/www.ilheusnoticias.net.br\/v1\/wp-json\/wp\/v2\/comments?post=30926"}],"version-history":[{"count":3,"href":"https:\/\/www.ilheusnoticias.net.br\/v1\/wp-json\/wp\/v2\/posts\/30926\/revisions"}],"predecessor-version":[{"id":30933,"href":"https:\/\/www.ilheusnoticias.net.br\/v1\/wp-json\/wp\/v2\/posts\/30926\/revisions\/30933"}],"wp:attachment":[{"href":"https:\/\/www.ilheusnoticias.net.br\/v1\/wp-json\/wp\/v2\/media?parent=30926"}],"wp:term":[{"taxonomy":"category","embeddable":true,"href":"https:\/\/www.ilheusnoticias.net.br\/v1\/wp-json\/wp\/v2\/categories?post=30926"},{"taxonomy":"post_tag","embeddable":true,"href":"https:\/\/www.ilheusnoticias.net.br\/v1\/wp-json\/wp\/v2\/tags?post=30926"}],"curies":[{"name":"wp","href":"https:\/\/api.w.org\/{rel}","templated":true}]}}