{"id":30924,"date":"2023-02-08T07:01:44","date_gmt":"2023-02-08T10:01:44","guid":{"rendered":"https:\/\/www.ilheusnoticias.net.br\/v1\/?p=30924"},"modified":"2023-02-08T07:01:44","modified_gmt":"2023-02-08T10:01:44","slug":"ilheus-realiza-edicao-especial-do-vem-viver-verao-na-praca-da-catedral-evento-acontece-nesta-quarta","status":"publish","type":"post","link":"https:\/\/www.ilheusnoticias.net.br\/v1\/2023\/02\/08\/ilheus-realiza-edicao-especial-do-vem-viver-verao-na-praca-da-catedral-evento-acontece-nesta-quarta\/","title":{"rendered":"Ilh\u00e9us realiza edi\u00e7\u00e3o especial do Vem Viver Ver\u00e3o na Pra\u00e7a da Catedral; evento acontece nesta quarta"},"content":{"rendered":"<div class=\"imagem thumbnail col-xs-12 col-sm-8 col-md-6 col-lg-6 imagem-materia\"><a class=\"fresco\" title=\"\" href=\"https:\/\/portalfacilarquivos.blob.core.windows.net\/uploads\/ILHEUS\/imgOrig\/%7B4C6B6CA2-E14E-B67C-C82D-B52C6BCC5BCA%7D.jpeg\" data-fresco-caption=\"\"><img loading=\"lazy\" src=\"https:\/\/portalfacilarquivos.blob.core.windows.net\/uploads\/ILHEUS\/img\/%7B4C6B6CA2-E14E-B67C-C82D-B52C6BCC5BCA%7D\/%7B4C6B6CA2-E14E-B67C-C82D-B52C6BCC5BCA%7D_450X650.jpeg\" alt=\"vem viver ver\u00e3o\" width=\"450\" height=\"650\" \/><\/a>A Prefeitura de Ilh\u00e9us promove nesta quarta-feira (8) mais uma edi\u00e7\u00e3o especial do projeto Vem Viver Ver\u00e3o. As atividades prometem movimentar a Pra\u00e7a Dom Eduardo (Pra\u00e7a da Catedral), Centro Hist\u00f3rico, a partir das 9h. O projeto traz diversas atividades gratuitas com dan\u00e7a, brincadeiras, m\u00fasica e atividades culturais para que os ilheenses e turistas possam curtir a alta temporada na cidade.<\/p>\n<\/div>\n<p>No ritmo do Grupo Thy Dance, o p\u00fablico vai contar com uma grande estrutura que promete levar muita alegria e divers\u00e3o a todos. \u201c\u00c9 a grande oportunidade para Ilh\u00e9us se consolidar ainda mais como importante destino de ver\u00e3o no Brasil, com programa\u00e7\u00e3o diversificada, m\u00fasica e muita cultura\u201d, salientou o prefeito M\u00e1rio Alexandre.<\/p>\n<p>A iniciativa conta com o apoio da Centel Brasil, Drogarias Velanes, Bahia FM Sul e He-Net.<\/p>\n<p><strong>O qu\u00ea?<\/strong>\u00a0Vem Viver Ver\u00e3o<\/p>\n<p><strong>Onde?<\/strong>\u00a0Pra\u00e7a Dom Eduardo &#8211; Catedral S\u00e3o Sebasti\u00e3o<\/p>\n<p><strong>Quando?<\/strong>\u00a0Quarta-feira, 8 de fevereiro, a partir das 9h<\/p>\n","protected":false},"excerpt":{"rendered":"<p>A Prefeitura de Ilh\u00e9us promove nesta quarta-feira (8) mais uma edi\u00e7\u00e3o especial do projeto Vem Viver Ver\u00e3o. As atividades prometem movimentar a Pra\u00e7a Dom Eduardo (Pra\u00e7a da Catedral), Centro Hist\u00f3rico, a partir das 9h. O projeto traz diversas atividades gratuitas com dan\u00e7a, brincadeiras, m\u00fasica e atividades culturais para que os ilheenses e turistas possam curtir [&hellip;]<\/p>\n","protected":false},"author":2,"featured_media":0,"comment_status":"open","ping_status":"open","sticky":false,"template":"","format":"standard","meta":{"_links_to":"","_links_to_target":""},"categories":[7,9,8,1],"tags":[],"_links":{"self":[{"href":"https:\/\/www.ilheusnoticias.net.br\/v1\/wp-json\/wp\/v2\/posts\/30924"}],"collection":[{"href":"https:\/\/www.ilheusnoticias.net.br\/v1\/wp-json\/wp\/v2\/posts"}],"about":[{"href":"https:\/\/www.ilheusnoticias.net.br\/v1\/wp-json\/wp\/v2\/types\/post"}],"author":[{"embeddable":true,"href":"https:\/\/www.ilheusnoticias.net.br\/v1\/wp-json\/wp\/v2\/users\/2"}],"replies":[{"embeddable":true,"href":"https:\/\/www.ilheusnoticias.net.br\/v1\/wp-json\/wp\/v2\/comments?post=30924"}],"version-history":[{"count":1,"href":"https:\/\/www.ilheusnoticias.net.br\/v1\/wp-json\/wp\/v2\/posts\/30924\/revisions"}],"predecessor-version":[{"id":30925,"href":"https:\/\/www.ilheusnoticias.net.br\/v1\/wp-json\/wp\/v2\/posts\/30924\/revisions\/30925"}],"wp:attachment":[{"href":"https:\/\/www.ilheusnoticias.net.br\/v1\/wp-json\/wp\/v2\/media?parent=30924"}],"wp:term":[{"taxonomy":"category","embeddable":true,"href":"https:\/\/www.ilheusnoticias.net.br\/v1\/wp-json\/wp\/v2\/categories?post=30924"},{"taxonomy":"post_tag","embeddable":true,"href":"https:\/\/www.ilheusnoticias.net.br\/v1\/wp-json\/wp\/v2\/tags?post=30924"}],"curies":[{"name":"wp","href":"https:\/\/api.w.org\/{rel}","templated":true}]}}