{"id":30922,"date":"2023-02-08T07:00:02","date_gmt":"2023-02-08T10:00:02","guid":{"rendered":"https:\/\/www.ilheusnoticias.net.br\/v1\/?p=30922"},"modified":"2023-02-08T07:00:02","modified_gmt":"2023-02-08T10:00:02","slug":"educacao-para-a-vida-prefeitura-de-ilheus-promove-jornada-pedagogica-de-8-a-10-de-fevereiro","status":"publish","type":"post","link":"https:\/\/www.ilheusnoticias.net.br\/v1\/2023\/02\/08\/educacao-para-a-vida-prefeitura-de-ilheus-promove-jornada-pedagogica-de-8-a-10-de-fevereiro\/","title":{"rendered":"&#8216;Educa\u00e7\u00e3o para a vida&#8217;: Prefeitura de Ilh\u00e9us promove Jornada Pedag\u00f3gica de 8 a 10 de fevereiro"},"content":{"rendered":"<p class=\"dt_materia\">\n<p>&nbsp;<\/p>\n<div class=\"imagem thumbnail col-xs-12 col-sm-8 col-md-6 col-lg-6 imagem-materia\"><a class=\"fresco\" title=\"\" href=\"https:\/\/portalfacilarquivos.blob.core.windows.net\/uploads\/ILHEUS\/imgOrig\/%7B2A60147A-45AC-2BC2-BBAC-40CC5D558B42%7D.jpg\" data-fresco-caption=\"\"><img loading=\"lazy\" title=\"\" src=\"https:\/\/portalfacilarquivos.blob.core.windows.net\/uploads\/ILHEUS\/img\/%7B2A60147A-45AC-2BC2-BBAC-40CC5D558B42%7D\/%7B2A60147A-45AC-2BC2-BBAC-40CC5D558B42%7D_650X450.jpg\" alt=\"jornada pedag\u00f3gica 2023; seduc\" width=\"650\" height=\"450\" \/><\/a><\/p>\n<p class=\"bg-primary\">A Secretaria de Educa\u00e7\u00e3o (Seduc) realiza dos dias 8 a 10 de fevereiro mais uma edi\u00e7\u00e3o da Jornada Pedag\u00f3gica. Com o tema \u201cEduca\u00e7\u00e3o para a vida: cultivando aprendizagens plurais\u201d, o encontro re\u00fane todos os profissionais de educa\u00e7\u00e3o da rede municipal de ensino de Ilh\u00e9us. A abertura oficial acontece na manh\u00e3 desta quarta-feira (8), a partir das 8h30, no Centro de Conven\u00e7\u00f5es Lu\u00eds Eduardo Magalh\u00e3es, de forma presencial. O credenciamento come\u00e7a \u00e0s 8h.<\/p>\n<\/div>\n<p>As inscri\u00e7\u00f5es para certifica\u00e7\u00e3o e a programa\u00e7\u00e3o completa est\u00e3o dispon\u00edveis\u00a0nas redes sociais da Seduc,\u00a0atrav\u00e9s do link:\u00a0<a href=\"https:\/\/doity.com.br\/jornada-pedagogica-seduc-2023\" target=\"_blank\" rel=\"noopener\"><strong>https:\/\/doity.com.br\/jornada-pedagogica-seduc-2023<\/strong><\/a><\/p>\n<p><strong>Jornada \u2013<\/strong>\u00a0As atividades promovem a discuss\u00e3o em rede e amplia\u00e7\u00e3o de novas pr\u00e1ticas de aprendizagem, cuja programa\u00e7\u00e3o prev\u00ea palestras, viv\u00eancias, orienta\u00e7\u00f5es pedag\u00f3gicas e proposi\u00e7\u00f5es para o ano letivo. Nas escolas da rede, a jornada continua nos dias 9 e 10 de fevereiro sob responsabilidade das equipes gestoras de cada unidade de ensino.<\/p>\n<p>\u201cQueremos discutir viv\u00eancias educacionais e pr\u00e1ticas inovadoras que contribuam para a transforma\u00e7\u00e3o educacional, social, pol\u00edtica e econ\u00f4mica na rede municipal de Ilh\u00e9us. Com certeza vamos necessitar de muitas m\u00e3os, ideias e saberes coletivos nos espa\u00e7os escolares\u201d, destacou a professora Eliane Oliveira, titular da Seduc.<\/p>\n","protected":false},"excerpt":{"rendered":"<p>&nbsp; A Secretaria de Educa\u00e7\u00e3o (Seduc) realiza dos dias 8 a 10 de fevereiro mais uma edi\u00e7\u00e3o da Jornada Pedag\u00f3gica. Com o tema \u201cEduca\u00e7\u00e3o para a vida: cultivando aprendizagens plurais\u201d, o encontro re\u00fane todos os profissionais de educa\u00e7\u00e3o da rede municipal de ensino de Ilh\u00e9us. A abertura oficial acontece na manh\u00e3 desta quarta-feira (8), a [&hellip;]<\/p>\n","protected":false},"author":2,"featured_media":0,"comment_status":"open","ping_status":"open","sticky":false,"template":"","format":"standard","meta":{"_links_to":"","_links_to_target":""},"categories":[7,9,8,1],"tags":[],"_links":{"self":[{"href":"https:\/\/www.ilheusnoticias.net.br\/v1\/wp-json\/wp\/v2\/posts\/30922"}],"collection":[{"href":"https:\/\/www.ilheusnoticias.net.br\/v1\/wp-json\/wp\/v2\/posts"}],"about":[{"href":"https:\/\/www.ilheusnoticias.net.br\/v1\/wp-json\/wp\/v2\/types\/post"}],"author":[{"embeddable":true,"href":"https:\/\/www.ilheusnoticias.net.br\/v1\/wp-json\/wp\/v2\/users\/2"}],"replies":[{"embeddable":true,"href":"https:\/\/www.ilheusnoticias.net.br\/v1\/wp-json\/wp\/v2\/comments?post=30922"}],"version-history":[{"count":1,"href":"https:\/\/www.ilheusnoticias.net.br\/v1\/wp-json\/wp\/v2\/posts\/30922\/revisions"}],"predecessor-version":[{"id":30923,"href":"https:\/\/www.ilheusnoticias.net.br\/v1\/wp-json\/wp\/v2\/posts\/30922\/revisions\/30923"}],"wp:attachment":[{"href":"https:\/\/www.ilheusnoticias.net.br\/v1\/wp-json\/wp\/v2\/media?parent=30922"}],"wp:term":[{"taxonomy":"category","embeddable":true,"href":"https:\/\/www.ilheusnoticias.net.br\/v1\/wp-json\/wp\/v2\/categories?post=30922"},{"taxonomy":"post_tag","embeddable":true,"href":"https:\/\/www.ilheusnoticias.net.br\/v1\/wp-json\/wp\/v2\/tags?post=30922"}],"curies":[{"name":"wp","href":"https:\/\/api.w.org\/{rel}","templated":true}]}}