{"id":30916,"date":"2023-02-07T06:39:54","date_gmt":"2023-02-07T09:39:54","guid":{"rendered":"https:\/\/www.ilheusnoticias.net.br\/v1\/?p=30916"},"modified":"2023-02-07T06:39:54","modified_gmt":"2023-02-07T09:39:54","slug":"ilheus-marca-presenca-no-webinar-cidades-digitais-do-sul-baiano-evento-acontece-nesta-terca-7","status":"publish","type":"post","link":"https:\/\/www.ilheusnoticias.net.br\/v1\/2023\/02\/07\/ilheus-marca-presenca-no-webinar-cidades-digitais-do-sul-baiano-evento-acontece-nesta-terca-7\/","title":{"rendered":"Ilh\u00e9us marca presen\u00e7a no Webinar &#8220;Cidades Digitais do Sul Baiano&#8221;; evento acontece nesta ter\u00e7a (7)"},"content":{"rendered":"<div class=\"imagem thumbnail col-xs-12 col-sm-8 col-md-6 col-lg-6 imagem-materia\"><a class=\"fresco\" title=\"\" href=\"https:\/\/portalfacilarquivos.blob.core.windows.net\/uploads\/ILHEUS\/imgOrig\/%7B3ACDAE51-BBB0-2E35-86C0-CECD8D4D0DB6%7D.jpg\" data-fresco-caption=\"\"><img loading=\"lazy\" title=\"\" src=\"https:\/\/portalfacilarquivos.blob.core.windows.net\/uploads\/ILHEUS\/img\/%7B3ACDAE51-BBB0-2E35-86C0-CECD8D4D0DB6%7D\/%7B3ACDAE51-BBB0-2E35-86C0-CECD8D4D0DB6%7D_650X450.jpg\" alt=\"cidades digitais, sul da bahia, tecnologia, inova\u00e7\u00e3o\" width=\"650\" height=\"450\" \/><\/a><\/div>\n<p>A Prefeitura de Ilh\u00e9us participa nesta ter\u00e7a-feira (7) do Webinar \u2018Cidades Digitais da Regi\u00e3o do Sul Baiano\u2019, promovido pela Rede Cidade Digital (RCD). A inscri\u00e7\u00e3o pode ser realizada pela plataforma Sympla.\u00a0<strong><a href=\"https:\/\/www.sympla.com.br\/evento-online\/webinar-das-cidades-digitais-da-regiao-do-sul-baiano\/1837714\" target=\"_blank\" rel=\"noopener\">Clique aqui<\/a><\/strong>.<\/p>\n<p>Sob o tema \u201cGovernos digitais: como as Prefeituras usam a tecnologia para oferecer melhores servi\u00e7os aos cidad\u00e3os&#8221;, a webconfer\u00eancia ter\u00e1 in\u00edcio \u00e0s 10h e conta com a participa\u00e7\u00e3o de prefeitos, secret\u00e1rios, autoridades dos munic\u00edpios do sul da Bahia, servidores e membros de entidades p\u00fablicas, imprensa e do Minist\u00e9rio Federal da Gest\u00e3o e da Inova\u00e7\u00e3o em Servi\u00e7os P\u00fablicos.<\/p>\n<p>Representando o prefeito M\u00e1rio Alexandre, o gerente de Inova\u00e7\u00e3o do Munic\u00edpio, Lucas Mota, abordar\u00e1 o pioneirismo da cidade de Ilh\u00e9us na cria\u00e7\u00e3o de uma pol\u00edtica p\u00fablica espec\u00edfica para o desenvolvimento cient\u00edfico e tecnol\u00f3gico. O evento busca debater ideias e os modelos implantados nas cidades, visando estimular o investimento em tecnologia e inova\u00e7\u00e3o na gest\u00e3o p\u00fablica.<\/p>\n<p>De acordo com Lucas Mota, a participa\u00e7\u00e3o dos servidores p\u00fablicos \u00e9 de suma import\u00e2ncia em discuss\u00f5es como esta, a fim de que possam se inteirar das evolu\u00e7\u00f5es que est\u00e3o por vir e a import\u00e2ncia da renova\u00e7\u00e3o nas pr\u00e1ticas de atendimento aos mun\u00edcipes.<\/p>\n<p>As inscri\u00e7\u00f5es para o Webinar s\u00e3o gratuitas para servidores p\u00fablicos e representantes de entidades\/universidades. O evento conta com a parceria da S. Clara Comunica\u00e7\u00e3o, 1Doc e IMAP e ser\u00e1 exibido no canal oficial no YouTube da Rede Cidade Digital.\u00a0<strong><a href=\"https:\/\/www.youtube.com\/REDECIDADEDIGITAL\" target=\"_blank\" rel=\"noopener\">Clique aqui<\/a><\/strong>.<\/p>\n","protected":false},"excerpt":{"rendered":"<p>A Prefeitura de Ilh\u00e9us participa nesta ter\u00e7a-feira (7) do Webinar \u2018Cidades Digitais da Regi\u00e3o do Sul Baiano\u2019, promovido pela Rede Cidade Digital (RCD). A inscri\u00e7\u00e3o pode ser realizada pela plataforma Sympla.\u00a0Clique aqui. Sob o tema \u201cGovernos digitais: como as Prefeituras usam a tecnologia para oferecer melhores servi\u00e7os aos cidad\u00e3os&#8221;, a webconfer\u00eancia ter\u00e1 in\u00edcio \u00e0s 10h [&hellip;]<\/p>\n","protected":false},"author":2,"featured_media":0,"comment_status":"open","ping_status":"open","sticky":false,"template":"","format":"standard","meta":{"_links_to":"","_links_to_target":""},"categories":[7,9,8,1],"tags":[],"_links":{"self":[{"href":"https:\/\/www.ilheusnoticias.net.br\/v1\/wp-json\/wp\/v2\/posts\/30916"}],"collection":[{"href":"https:\/\/www.ilheusnoticias.net.br\/v1\/wp-json\/wp\/v2\/posts"}],"about":[{"href":"https:\/\/www.ilheusnoticias.net.br\/v1\/wp-json\/wp\/v2\/types\/post"}],"author":[{"embeddable":true,"href":"https:\/\/www.ilheusnoticias.net.br\/v1\/wp-json\/wp\/v2\/users\/2"}],"replies":[{"embeddable":true,"href":"https:\/\/www.ilheusnoticias.net.br\/v1\/wp-json\/wp\/v2\/comments?post=30916"}],"version-history":[{"count":1,"href":"https:\/\/www.ilheusnoticias.net.br\/v1\/wp-json\/wp\/v2\/posts\/30916\/revisions"}],"predecessor-version":[{"id":30917,"href":"https:\/\/www.ilheusnoticias.net.br\/v1\/wp-json\/wp\/v2\/posts\/30916\/revisions\/30917"}],"wp:attachment":[{"href":"https:\/\/www.ilheusnoticias.net.br\/v1\/wp-json\/wp\/v2\/media?parent=30916"}],"wp:term":[{"taxonomy":"category","embeddable":true,"href":"https:\/\/www.ilheusnoticias.net.br\/v1\/wp-json\/wp\/v2\/categories?post=30916"},{"taxonomy":"post_tag","embeddable":true,"href":"https:\/\/www.ilheusnoticias.net.br\/v1\/wp-json\/wp\/v2\/tags?post=30916"}],"curies":[{"name":"wp","href":"https:\/\/api.w.org\/{rel}","templated":true}]}}