{"id":30914,"date":"2023-02-07T06:37:53","date_gmt":"2023-02-07T09:37:53","guid":{"rendered":"https:\/\/www.ilheusnoticias.net.br\/v1\/?p=30914"},"modified":"2023-02-07T06:37:53","modified_gmt":"2023-02-07T09:37:53","slug":"1a-copa-jorge-amado-de-volei-de-praia-reune-diversos-atletas-da-bahia","status":"publish","type":"post","link":"https:\/\/www.ilheusnoticias.net.br\/v1\/2023\/02\/07\/1a-copa-jorge-amado-de-volei-de-praia-reune-diversos-atletas-da-bahia\/","title":{"rendered":"1\u00aa Copa Jorge Amado de V\u00f4lei de Praia re\u00fane diversos atletas da Bahia"},"content":{"rendered":"<div class=\"imagem thumbnail col-xs-12 col-sm-8 col-md-6 col-lg-6 imagem-materia\"><a class=\"fresco\" title=\"\" href=\"https:\/\/portalfacilarquivos.blob.core.windows.net\/uploads\/ILHEUS\/imgOrig\/%7BCA8A3E11-0D5C-DE67-BAEE-1651ABB8EB3A%7D.jpg\" data-fresco-caption=\"\"><img loading=\"lazy\" title=\"\" src=\"https:\/\/portalfacilarquivos.blob.core.windows.net\/uploads\/ILHEUS\/img\/%7BCA8A3E11-0D5C-DE67-BAEE-1651ABB8EB3A%7D\/%7BCA8A3E11-0D5C-DE67-BAEE-1651ABB8EB3A%7D_650X450.jpg\" alt=\"Copa Jorge Amado de V\u00f4lei de Praia; v\u00f4lei; voleibol\" width=\"650\" height=\"450\" \/><\/a><\/p>\n<p class=\"bg-primary\">As areias da Avenida Litor\u00e2nea Norte foram palco da 1\u00aa edi\u00e7\u00e3o da Copa Jorge Amado de V\u00f4lei Masculino de Praia 4&#215;4, ocorrida no \u00faltimo s\u00e1bado (4). A competi\u00e7\u00e3o contou com a participa\u00e7\u00e3o de 52 atletas de outros quatro munic\u00edpios baianos, divididos em 13 quartetos. A iniciativa \u00e9 uma realiza\u00e7\u00e3o da Associa\u00e7\u00e3o de V\u00f4lei de Praia de Ilh\u00e9us, com apoio da Prefeitura.<\/p>\n<\/div>\n<p>Conforme S\u00e9rgio Luiz, titular da Secretaria de Juventude, Esporte e Lazer, a gest\u00e3o do prefeito M\u00e1rio Alexandre tem dado uma aten\u00e7\u00e3o especial \u00e0 pr\u00e1tica esportiva, visto que al\u00e9m da reforma e constru\u00e7\u00e3o de quadras, do Gin\u00e1sio Herval Soledade e do Est\u00e1dio M\u00e1rio Pessoa, promove e resgata diversas competi\u00e7\u00f5es na cidade.<\/p>\n<p>&nbsp;<\/p>\n<div class=\"imagem thumbnail col-xs-12 col-sm-8 col-md-6 col-lg-6 imagem-materia\"><a class=\"fresco\" title=\"\" href=\"https:\/\/portalfacilarquivos.blob.core.windows.net\/uploads\/ILHEUS\/imgOrig\/%7BAAADCC58-8AEA-BA71-C6CD-D30CA8BB26B3%7D.jpg\" data-fresco-caption=\"\"><img loading=\"lazy\" title=\"\" src=\"https:\/\/portalfacilarquivos.blob.core.windows.net\/uploads\/ILHEUS\/img\/%7BAAADCC58-8AEA-BA71-C6CD-D30CA8BB26B3%7D\/%7BAAADCC58-8AEA-BA71-C6CD-D30CA8BB26B3%7D_650X450.jpg\" alt=\"Copa Jorge Amado de V\u00f4lei de Praia; v\u00f4lei; voleibol\" width=\"650\" height=\"450\" \/><\/a><\/p>\n<p class=\"bg-primary\">\n<\/div>\n<p>\u201cNosso trabalho tem como foco principal incentivar a pr\u00e1tica esportiva nas mais variadas modalidades. Ent\u00e3o, o prefeito M\u00e1rio Alexandre entende a necessidade de oportunizar os nossos atletas, integrando jovens e crian\u00e7as para que possam ocupar a mente com essas atividades. \u00c9 uma satisfa\u00e7\u00e3o colaborar e realizar campeonatos em Ilh\u00e9us, reunindo tamb\u00e9m esportistas de outras cidades do estado e do pa\u00eds\u201d, destacou o secret\u00e1rio.<\/p>\n<p>A competi\u00e7\u00e3o promove ainda gera\u00e7\u00e3o de emprego e renda, visto que movimenta a economia por meio do turismo. Os dois primeiros colocados ganharam o valor de R$ 600, sendo R$ 400 para o primeiro lugar e R$ 200 para o segundo. Os vencedores tamb\u00e9m receberam medalhas e trof\u00e9us.<\/p>\n<p>&nbsp;<\/p>\n<div class=\"imagem thumbnail col-xs-12 col-sm-8 col-md-6 col-lg-6 imagem-materia\"><a class=\"fresco\" title=\"\" href=\"https:\/\/portalfacilarquivos.blob.core.windows.net\/uploads\/ILHEUS\/imgOrig\/%7B0820B0AC-A74D-6D0E-A32C-C3C76AEB0E2B%7D.jpg\" data-fresco-caption=\"\"><img loading=\"lazy\" title=\"\" src=\"https:\/\/portalfacilarquivos.blob.core.windows.net\/uploads\/ILHEUS\/img\/%7B0820B0AC-A74D-6D0E-A32C-C3C76AEB0E2B%7D\/%7B0820B0AC-A74D-6D0E-A32C-C3C76AEB0E2B%7D_650X450.jpg\" alt=\"Copa Jorge Amado de V\u00f4lei de Praia; v\u00f4lei; voleibol\" width=\"650\" height=\"450\" \/><\/a><\/p>\n<p class=\"bg-primary\">\u201cEstamos retomando o voleibol de praia na nossa cidade, principalmente, na comunidade da Zona Norte. Agradecemos \u00e0 gest\u00e3o municipal por prestar o apoio necess\u00e1rio para que os nossos atletas possam garantir presen\u00e7a nas competi\u00e7\u00f5es\u201d, explicou Eunes Batat\u00e3o, organizador do evento.<\/p>\n<\/div>\n<p><strong>PARTIPANTES-\u00a0<\/strong>No total, 13 equipes disputaram a Copa Jorge Amado de V\u00f4lei Masculino de Praia, sendo elas: CDC &#8211; Itabuna; Coaraci; Una; VEA- Itabuna; Ipia\u00fa; AABB; ADB \u2013 Pedro; ADB \u2013 Miguel; Veteranos; V\u00f4lei Sauros; Memorial; Bravus e Piedade.<\/p>\n<p><strong>RESULTADO<\/strong><\/p>\n<p>1\u00ba lugar \u2013 AABB Ilh\u00e9us<\/p>\n<p>2\u00ba lugar \u2013 VEA Itabuna<\/p>\n<p>3\u00ba lugar &#8211; Una<\/p>\n","protected":false},"excerpt":{"rendered":"<p>As areias da Avenida Litor\u00e2nea Norte foram palco da 1\u00aa edi\u00e7\u00e3o da Copa Jorge Amado de V\u00f4lei Masculino de Praia 4&#215;4, ocorrida no \u00faltimo s\u00e1bado (4). A competi\u00e7\u00e3o contou com a participa\u00e7\u00e3o de 52 atletas de outros quatro munic\u00edpios baianos, divididos em 13 quartetos. A iniciativa \u00e9 uma realiza\u00e7\u00e3o da Associa\u00e7\u00e3o de V\u00f4lei de Praia [&hellip;]<\/p>\n","protected":false},"author":2,"featured_media":0,"comment_status":"open","ping_status":"open","sticky":false,"template":"","format":"standard","meta":{"_links_to":"","_links_to_target":""},"categories":[7,6,9,8,1],"tags":[],"_links":{"self":[{"href":"https:\/\/www.ilheusnoticias.net.br\/v1\/wp-json\/wp\/v2\/posts\/30914"}],"collection":[{"href":"https:\/\/www.ilheusnoticias.net.br\/v1\/wp-json\/wp\/v2\/posts"}],"about":[{"href":"https:\/\/www.ilheusnoticias.net.br\/v1\/wp-json\/wp\/v2\/types\/post"}],"author":[{"embeddable":true,"href":"https:\/\/www.ilheusnoticias.net.br\/v1\/wp-json\/wp\/v2\/users\/2"}],"replies":[{"embeddable":true,"href":"https:\/\/www.ilheusnoticias.net.br\/v1\/wp-json\/wp\/v2\/comments?post=30914"}],"version-history":[{"count":1,"href":"https:\/\/www.ilheusnoticias.net.br\/v1\/wp-json\/wp\/v2\/posts\/30914\/revisions"}],"predecessor-version":[{"id":30915,"href":"https:\/\/www.ilheusnoticias.net.br\/v1\/wp-json\/wp\/v2\/posts\/30914\/revisions\/30915"}],"wp:attachment":[{"href":"https:\/\/www.ilheusnoticias.net.br\/v1\/wp-json\/wp\/v2\/media?parent=30914"}],"wp:term":[{"taxonomy":"category","embeddable":true,"href":"https:\/\/www.ilheusnoticias.net.br\/v1\/wp-json\/wp\/v2\/categories?post=30914"},{"taxonomy":"post_tag","embeddable":true,"href":"https:\/\/www.ilheusnoticias.net.br\/v1\/wp-json\/wp\/v2\/tags?post=30914"}],"curies":[{"name":"wp","href":"https:\/\/api.w.org\/{rel}","templated":true}]}}