{"id":30910,"date":"2023-02-06T18:25:09","date_gmt":"2023-02-06T21:25:09","guid":{"rendered":"https:\/\/www.ilheusnoticias.net.br\/v1\/?p=30910"},"modified":"2023-02-06T18:25:09","modified_gmt":"2023-02-06T21:25:09","slug":"lidice-da-mata-sera-vice-lider-do-governo-lula-no-congresso-nacional","status":"publish","type":"post","link":"https:\/\/www.ilheusnoticias.net.br\/v1\/2023\/02\/06\/lidice-da-mata-sera-vice-lider-do-governo-lula-no-congresso-nacional\/","title":{"rendered":"Lidice da Mata ser\u00e1 vice-l\u00edder do Governo Lula no Congresso Nacional"},"content":{"rendered":"<h2><img loading=\"lazy\" class=\"size-full wp-image-30911 aligncenter\" src=\"https:\/\/www.ilheusnoticias.net.br\/v1\/wp-content\/uploads\/2023\/02\/D72ADD7F-D1E4-4AFB-8CC5-10A31A5DBAEE.jpeg\" alt=\"\" width=\"600\" height=\"361\" srcset=\"https:\/\/www.ilheusnoticias.net.br\/v1\/wp-content\/uploads\/2023\/02\/D72ADD7F-D1E4-4AFB-8CC5-10A31A5DBAEE.jpeg 600w, https:\/\/www.ilheusnoticias.net.br\/v1\/wp-content\/uploads\/2023\/02\/D72ADD7F-D1E4-4AFB-8CC5-10A31A5DBAEE-300x181.jpeg 300w\" sizes=\"(max-width: 600px) 100vw, 600px\" \/><\/h2>\n<h2><span style=\"font-size: 16px;\">A confirma\u00e7\u00e3o foi feita pelo l\u00edder, o senador Randolfe Rodrigues (REDE-AP) em telefonema \u00e0 parlamentar baiana.<\/span><\/h2>\n<p>A deputada federal L\u00eddice da Mata (PSB-BA) ser\u00e1 a vice-l\u00edder do Governo no Congresso Nacional. A confirma\u00e7\u00e3o foi feita pelo l\u00edder, o senador Randolfe Rodrigues (REDE-AP) em telefonema \u00e0 parlamentar baiana.<\/p>\n<p>&nbsp;<\/p>\n<p><!--more--><\/p>\n<p>Segundo Rodrigues, o nome de L\u00eddice foi aprovado devido a experi\u00eancia da deputada no parlamento, tanto na C\u00e2mara quanto no Senado Federal. \u201cL\u00eddice tem enorme capacidade de articula\u00e7\u00e3o e j\u00e1 provou isso quando estivemos juntos no Senado e ao longo da sua longa trajet\u00f3ria na pol\u00edtica\u201d, disse o senador.<\/p>\n<p style=\"text-align: left;\">Atual coordenadora da bancada baiana, a deputada transita com bastante facilidade entre deputados e senadores governistas, independentes e at\u00e9 oposicionistas. \u201cA nossa miss\u00e3o \u00e9 ajudar o presidente Lula a reconstruir o Brasil e vamos trabalha incessantemente para isso\u201d, contou.<\/p>\n<p>&nbsp;<\/p>\n<p>Com Informa\u00e7\u00f5es O Tabuleiro<\/p>\n<p>&nbsp;<\/p>\n","protected":false},"excerpt":{"rendered":"<p>A confirma\u00e7\u00e3o foi feita pelo l\u00edder, o senador Randolfe Rodrigues (REDE-AP) em telefonema \u00e0 parlamentar baiana. A deputada federal L\u00eddice da Mata (PSB-BA) ser\u00e1 a vice-l\u00edder do Governo no Congresso Nacional. A confirma\u00e7\u00e3o foi feita pelo l\u00edder, o senador Randolfe Rodrigues (REDE-AP) em telefonema \u00e0 parlamentar baiana. &nbsp;<\/p>\n","protected":false},"author":2,"featured_media":0,"comment_status":"open","ping_status":"open","sticky":false,"template":"","format":"standard","meta":{"_links_to":"","_links_to_target":""},"categories":[1],"tags":[],"_links":{"self":[{"href":"https:\/\/www.ilheusnoticias.net.br\/v1\/wp-json\/wp\/v2\/posts\/30910"}],"collection":[{"href":"https:\/\/www.ilheusnoticias.net.br\/v1\/wp-json\/wp\/v2\/posts"}],"about":[{"href":"https:\/\/www.ilheusnoticias.net.br\/v1\/wp-json\/wp\/v2\/types\/post"}],"author":[{"embeddable":true,"href":"https:\/\/www.ilheusnoticias.net.br\/v1\/wp-json\/wp\/v2\/users\/2"}],"replies":[{"embeddable":true,"href":"https:\/\/www.ilheusnoticias.net.br\/v1\/wp-json\/wp\/v2\/comments?post=30910"}],"version-history":[{"count":2,"href":"https:\/\/www.ilheusnoticias.net.br\/v1\/wp-json\/wp\/v2\/posts\/30910\/revisions"}],"predecessor-version":[{"id":30913,"href":"https:\/\/www.ilheusnoticias.net.br\/v1\/wp-json\/wp\/v2\/posts\/30910\/revisions\/30913"}],"wp:attachment":[{"href":"https:\/\/www.ilheusnoticias.net.br\/v1\/wp-json\/wp\/v2\/media?parent=30910"}],"wp:term":[{"taxonomy":"category","embeddable":true,"href":"https:\/\/www.ilheusnoticias.net.br\/v1\/wp-json\/wp\/v2\/categories?post=30910"},{"taxonomy":"post_tag","embeddable":true,"href":"https:\/\/www.ilheusnoticias.net.br\/v1\/wp-json\/wp\/v2\/tags?post=30910"}],"curies":[{"name":"wp","href":"https:\/\/api.w.org\/{rel}","templated":true}]}}