{"id":30906,"date":"2023-02-06T08:23:43","date_gmt":"2023-02-06T11:23:43","guid":{"rendered":"https:\/\/www.ilheusnoticias.net.br\/v1\/?p=30906"},"modified":"2023-02-06T08:23:43","modified_gmt":"2023-02-06T11:23:43","slug":"em-mais-um-domingo-de-trabalho-jeronimo-rodrigues-reune-secretariado-para-apresentacao-de-acoes","status":"publish","type":"post","link":"https:\/\/www.ilheusnoticias.net.br\/v1\/2023\/02\/06\/em-mais-um-domingo-de-trabalho-jeronimo-rodrigues-reune-secretariado-para-apresentacao-de-acoes\/","title":{"rendered":"Em mais um domingo de trabalho, Jer\u00f4nimo Rodrigues re\u00fane secretariado para apresenta\u00e7\u00e3o de a\u00e7\u00f5es"},"content":{"rendered":"<div class=\"PostHeaderIcons metadata-icons\"><\/div>\n<div class=\"PostContent\">\n<p><img src=\"http:\/\/www.blogdothame.blog.br\/v1\/wp-content\/uploads\/2023\/02\/jer-secs-2.jpg\" \/><\/p>\n<p>&nbsp;<\/p>\n<p>O governador Jer\u00f4nimo Rodrigues reuniu todo o secretariado na manh\u00e3 deste domingo (5), no Centro de Opera\u00e7\u00f5es e Intelig\u00eancia (COI), da Secretaria da Seguran\u00e7a P\u00fablica, em Salvador. A reuni\u00e3o \u00e9 a terceira com este formato, desde o in\u00edcio da gest\u00e3o, e a primeira ap\u00f3s passados os primeiros trinta dias de governo. O senador Jaques Wagner tamb\u00e9m compareceu para apresentar a perspectiva da gest\u00e3o federal.<\/p>\n<p>&nbsp;<\/p>\n<p>Entre os gestores de pastas que realizaram apresenta\u00e7\u00f5es, o secret\u00e1rio da Administra\u00e7\u00e3o, Edelvino G\u00f3es, levou detalhes sobre a nova lei de licita\u00e7\u00f5es que deve ser regulamentada, com grandes avan\u00e7os, e sobre novas ferramentas de gest\u00e3o. Uma nova estrat\u00e9gia financeira, com par\u00e2metros de responsabilidade fiscal em um cen\u00e1rio de estagna\u00e7\u00e3o econ\u00f4mica, para melhorar ainda mais a performance dos investimentos p\u00fablicos, foi o tema abordado pelo secret\u00e1rio da Fazenda, Manoel Vit\u00f3rio.<\/p>\n<p>&nbsp;<\/p>\n<p>A forma de elabora\u00e7\u00e3o do Plano Plurianual (PPA) que ser\u00e1 enviado \u00e0 Assembleia Legislativa da Bahia, com base no Programa de Governo Participativo (PGP) e que entrar\u00e1 em vigor a partir de 2024, orientando as leis de Diretrizes Or\u00e7ament\u00e1rias (LDO) e Or\u00e7ament\u00e1ria Anual (LOA) nos anos seguintes, foi apresentada durante a reuni\u00e3o pelo secret\u00e1rio do Planejamento, Cl\u00e1udio Peixoto.\u00a0\u00a0De acordo com o que foi apresentado, o PPA ter\u00e1 maior mobiliza\u00e7\u00e3o e participa\u00e7\u00e3o popular, inclusive atrav\u00e9s da comunica\u00e7\u00e3o online, com escuta das contribui\u00e7\u00f5es dos baianos entre os meses de mar\u00e7o e abril.<\/p>\n<\/div>\n","protected":false},"excerpt":{"rendered":"<p>&nbsp; O governador Jer\u00f4nimo Rodrigues reuniu todo o secretariado na manh\u00e3 deste domingo (5), no Centro de Opera\u00e7\u00f5es e Intelig\u00eancia (COI), da Secretaria da Seguran\u00e7a P\u00fablica, em Salvador. A reuni\u00e3o \u00e9 a terceira com este formato, desde o in\u00edcio da gest\u00e3o, e a primeira ap\u00f3s passados os primeiros trinta dias de governo. O senador Jaques [&hellip;]<\/p>\n","protected":false},"author":2,"featured_media":0,"comment_status":"open","ping_status":"open","sticky":false,"template":"","format":"standard","meta":{"_links_to":"","_links_to_target":""},"categories":[7,9,8,1],"tags":[],"_links":{"self":[{"href":"https:\/\/www.ilheusnoticias.net.br\/v1\/wp-json\/wp\/v2\/posts\/30906"}],"collection":[{"href":"https:\/\/www.ilheusnoticias.net.br\/v1\/wp-json\/wp\/v2\/posts"}],"about":[{"href":"https:\/\/www.ilheusnoticias.net.br\/v1\/wp-json\/wp\/v2\/types\/post"}],"author":[{"embeddable":true,"href":"https:\/\/www.ilheusnoticias.net.br\/v1\/wp-json\/wp\/v2\/users\/2"}],"replies":[{"embeddable":true,"href":"https:\/\/www.ilheusnoticias.net.br\/v1\/wp-json\/wp\/v2\/comments?post=30906"}],"version-history":[{"count":1,"href":"https:\/\/www.ilheusnoticias.net.br\/v1\/wp-json\/wp\/v2\/posts\/30906\/revisions"}],"predecessor-version":[{"id":30907,"href":"https:\/\/www.ilheusnoticias.net.br\/v1\/wp-json\/wp\/v2\/posts\/30906\/revisions\/30907"}],"wp:attachment":[{"href":"https:\/\/www.ilheusnoticias.net.br\/v1\/wp-json\/wp\/v2\/media?parent=30906"}],"wp:term":[{"taxonomy":"category","embeddable":true,"href":"https:\/\/www.ilheusnoticias.net.br\/v1\/wp-json\/wp\/v2\/categories?post=30906"},{"taxonomy":"post_tag","embeddable":true,"href":"https:\/\/www.ilheusnoticias.net.br\/v1\/wp-json\/wp\/v2\/tags?post=30906"}],"curies":[{"name":"wp","href":"https:\/\/api.w.org\/{rel}","templated":true}]}}