{"id":30903,"date":"2023-02-06T08:20:54","date_gmt":"2023-02-06T11:20:54","guid":{"rendered":"https:\/\/www.ilheusnoticias.net.br\/v1\/?p=30903"},"modified":"2023-02-06T08:20:54","modified_gmt":"2023-02-06T11:20:54","slug":"apos-ferias-estudantes-da-rede-estadual-da-ba-e-municipal-de-salvador-retornam-as-aulas-nesta-segunda","status":"publish","type":"post","link":"https:\/\/www.ilheusnoticias.net.br\/v1\/2023\/02\/06\/apos-ferias-estudantes-da-rede-estadual-da-ba-e-municipal-de-salvador-retornam-as-aulas-nesta-segunda\/","title":{"rendered":"Ap\u00f3s f\u00e9rias, estudantes da rede estadual da BA e municipal de Salvador retornam \u00e0s aulas nesta segunda"},"content":{"rendered":"<div class=\"row content-head non-featured \">\n<div class=\"title\" data-block-type=\"title\" data-block-id=\"0\">\n<h1 class=\"content-head__title\"><span style=\"font-size: 16px;\">Eventos com aulas inaugurais ser\u00e3o realizados nesta segunda-feira (6) em escola de Am\u00e9lia Rodrigues e no bairro do Imbu\u00ed, na capital baiana.<\/span><\/h1>\n<\/div>\n<\/div>\n<div class=\"content__signa-share\">\n<div class=\"content__signature\">\n<div class=\"content-publication-data\">\n<div class=\"content-publication-data__text\">\n<p class=\"content-publication-data__from\" title=\"g1 BA \">Por g1 BA<\/p>\n<\/div>\n<\/div>\n<\/div>\n<\/div>\n<div class=\"mc-article-body\">\n<article>\n<div id=\"chunk-au5li\">\n<div class=\"row medium-uncollapsed content-media content-photo\" data-block-type=\"backstage-photo\" data-block-id=\"1\">\n<div class=\"mc-column content-media__container\">\n<div class=\"content-media-container glb-skeleton-box\">\n<figure class=\"content-media-figure\"><img class=\"i-amphtml-fill-content i-amphtml-replaced-content\" src=\"https:\/\/s2.glbimg.com\/ct3fd50FJBgY315wos4MquxKr1w=\/0x0:947x621\/984x0\/smart\/filters:strip_icc()\/i.s3.glbimg.com\/v1\/AUTH_59edd422c0c84a879bd37670ae4f538a\/internal_photos\/bs\/2023\/0\/t\/Atkhy4SYWAcLBOJN0hiw\/design-sem-nome-1-1-.png\" sizes=\"(max-width: 1366px) 648px, 100vw\" srcset=\"https:\/\/s2.glbimg.com\/Ggz9jMAH2Eeu7SK-KMka-H06YqA=\/0x0:947x621\/1000x0\/smart\/filters:strip_icc()\/i.s3.glbimg.com\/v1\/AUTH_59edd422c0c84a879bd37670ae4f538a\/internal_photos\/bs\/2023\/0\/t\/Atkhy4SYWAcLBOJN0hiw\/design-sem-nome-1-1-.png 1000w, https:\/\/s2.glbimg.com\/ct3fd50FJBgY315wos4MquxKr1w=\/0x0:947x621\/984x0\/smart\/filters:strip_icc()\/i.s3.glbimg.com\/v1\/AUTH_59edd422c0c84a879bd37670ae4f538a\/internal_photos\/bs\/2023\/0\/t\/Atkhy4SYWAcLBOJN0hiw\/design-sem-nome-1-1-.png 984w, https:\/\/s2.glbimg.com\/IvXNYeHPPBzSTZHIrqkDM1HFf2s=\/0x0:947x621\/640x0\/smart\/filters:strip_icc()\/i.s3.glbimg.com\/v1\/AUTH_59edd422c0c84a879bd37670ae4f538a\/internal_photos\/bs\/2023\/0\/t\/Atkhy4SYWAcLBOJN0hiw\/design-sem-nome-1-1-.png 640w, https:\/\/s2.glbimg.com\/4nd9JhxMCq_gAyBKoQES_eiT1vc=\/0x0:947x621\/600x0\/smart\/filters:strip_icc()\/i.s3.glbimg.com\/v1\/AUTH_59edd422c0c84a879bd37670ae4f538a\/internal_photos\/bs\/2023\/0\/t\/Atkhy4SYWAcLBOJN0hiw\/design-sem-nome-1-1-.png 600w\" alt=\"Ap\u00f3s f\u00e9rias, estudantes da rede estadual da BA e municipal de Salvador retornam \u00e0s aulas nesta segunda \u2014 Foto:  Pedro Moraes\/SECBA\/Valter Pontes\/Secom Salvador\" \/><\/figure>\n<\/div>\n<p class=\"content-media__description \">Ap\u00f3s f\u00e9rias, estudantes da rede estadual da BA e municipal de Salvador retornam \u00e0s aulas nesta segunda \u2014 Foto: Pedro Moraes\/SECBA\/Valter Pontes\/Secom Salvador<\/p>\n<\/div>\n<\/div>\n<\/div>\n<div id=\"chunk-8md11\">\n<div class=\"mc-column content-text active-extra-styles \" data-block-type=\"unstyled\" data-block-weight=\"29\" data-block-id=\"3\">\n<p class=\"content-text__container \" data-track-category=\"Link no Texto\" data-track-links=\"\">Os estudantes da rede p\u00fablica estadual da Bahia e municipal de\u00a0<a href=\"https:\/\/g1.globo.com\/ba\/bahia\/cidade\/salvador\/\">Salvador<\/a>\u00a0retornam \u00e0s aulas nesta segunda-feira (6), ap\u00f3s as f\u00e9rias escolares. Nas duas redes ser\u00e3o realizadas aulas inaugurais.<\/p>\n<\/div>\n<\/div>\n<div class=\"wall protected-content\">\n<div id=\"chunk-5nk90\">\n<div class=\"mc-column content-text active-extra-styles \" data-block-type=\"unstyled\" data-block-weight=\"20\" data-block-id=\"4\">\n<p class=\"content-text__container \" data-track-category=\"Link no Texto\" data-track-links=\"\">Na Bahia, mais de 660 mil estudantes iniciam as aulas nas 1.108 unidades escolares da rede estadual de ensino.<\/p>\n<\/div>\n<\/div>\n<div id=\"chunk-dpgm5\">\n<div class=\"mc-column content-text active-extra-styles \" data-block-type=\"unstyled\" data-block-weight=\"57\" data-block-id=\"5\">\n<p class=\"content-text__container \" data-track-category=\"Link no Texto\" data-track-links=\"\">O governador Jer\u00f4nimo Rodrigues e a secret\u00e1ria da Educa\u00e7\u00e3o do Estado, Ad\u00e9lia Pinheiro, dar\u00e3o as boas-vindas \u00e0 comunidade escolar em uma aula inaugural, \u00e0s\u00a0<strong>8h30<\/strong>, que ser\u00e1 realizada pela primeira vez no interior e ser\u00e1 marcada pela entrega do novo Col\u00e9gio Estadual de Tempo Integral de\u00a0<a href=\"https:\/\/g1.globo.com\/ba\/bahia\/cidade\/amelia-rodrigues\/\">Am\u00e9lia Rodrigues<\/a>, cidade a cerca de 87 km de Salvador.<\/p>\n<\/div>\n<\/div>\n<div id=\"chunk-a619u\">\n<div class=\"row medium-uncollapsed content-media content-photo\" data-block-type=\"backstage-photo\" data-block-id=\"7\">\n<div class=\"mc-column content-media__container\">\n<div class=\"content-media-container glb-skeleton-box\">\n<figure class=\"content-media-figure\"><img class=\"i-amphtml-fill-content i-amphtml-replaced-content\" src=\"https:\/\/s2.glbimg.com\/fj-RFm-jWBO2QvcB4miBfsA44J8=\/0x0:1280x853\/984x0\/smart\/filters:strip_icc()\/i.s3.glbimg.com\/v1\/AUTH_59edd422c0c84a879bd37670ae4f538a\/internal_photos\/bs\/2023\/1\/8\/TiJO0mQNuFon6mDzpaKw\/whatsapp-image-2023-01-09-at-14.53.16.jpeg\" sizes=\"(max-width: 1366px) 648px, 100vw\" srcset=\"https:\/\/s2.glbimg.com\/o-23g2ApPK7hUkMPRu2aBGq-lDk=\/0x0:1280x853\/1000x0\/smart\/filters:strip_icc()\/i.s3.glbimg.com\/v1\/AUTH_59edd422c0c84a879bd37670ae4f538a\/internal_photos\/bs\/2023\/1\/8\/TiJO0mQNuFon6mDzpaKw\/whatsapp-image-2023-01-09-at-14.53.16.jpeg 1000w, https:\/\/s2.glbimg.com\/fj-RFm-jWBO2QvcB4miBfsA44J8=\/0x0:1280x853\/984x0\/smart\/filters:strip_icc()\/i.s3.glbimg.com\/v1\/AUTH_59edd422c0c84a879bd37670ae4f538a\/internal_photos\/bs\/2023\/1\/8\/TiJO0mQNuFon6mDzpaKw\/whatsapp-image-2023-01-09-at-14.53.16.jpeg 984w, https:\/\/s2.glbimg.com\/DbikjMwfhKnoy3iBrFOL2G-KL34=\/0x0:1280x853\/640x0\/smart\/filters:strip_icc()\/i.s3.glbimg.com\/v1\/AUTH_59edd422c0c84a879bd37670ae4f538a\/internal_photos\/bs\/2023\/1\/8\/TiJO0mQNuFon6mDzpaKw\/whatsapp-image-2023-01-09-at-14.53.16.jpeg 640w, https:\/\/s2.glbimg.com\/pw9owMi1vNgqPy4cEvoyAzfaeAQ=\/0x0:1280x853\/600x0\/smart\/filters:strip_icc()\/i.s3.glbimg.com\/v1\/AUTH_59edd422c0c84a879bd37670ae4f538a\/internal_photos\/bs\/2023\/1\/8\/TiJO0mQNuFon6mDzpaKw\/whatsapp-image-2023-01-09-at-14.53.16.jpeg 600w\" alt=\"Aulas na rede p\u00fablica da Bahia come\u00e7am nesta segunda-feira (6) \u2014 Foto: Pedro Moraes\/SECBA\" \/><\/figure>\n<\/div>\n<p class=\"content-media__description \">Aulas na rede p\u00fablica da Bahia come\u00e7am nesta segunda-feira (6) \u2014 Foto: Pedro Moraes\/SECBA<\/p>\n<\/div>\n<\/div>\n<\/div>\n<div id=\"chunk-almsk\">\n<div class=\"mc-column content-text active-extra-styles \" data-block-type=\"unstyled\" data-block-weight=\"35\" data-block-id=\"8\">\n<p class=\"content-text__container \" data-track-category=\"Link no Texto\" data-track-links=\"\">A programa\u00e7\u00e3o est\u00e1 precista para ser iniciada ao som do Hino ao Dois de Julho. Em seguida, os apresentadores Mainha e Junior, personagens interpretados pelos atores Suliv\u00e3 Bispo e Thiago Almasy, conduzir\u00e3o a atividade.<\/p>\n<\/div>\n<\/div>\n<div id=\"chunk-c7p1s\">\n<div class=\"mc-column content-text active-extra-styles \" data-block-type=\"unstyled\" data-block-weight=\"45\" data-block-id=\"9\">\n<p class=\"content-text__container \" data-track-category=\"Link no Texto\" data-track-links=\"\">A professora B\u00e1rbara Karine vai ministrar uma aula com o tema &#8220;Descoloniza\u00e7\u00e3o&#8221; e o professor Matheus Buente vai falar sobre a &#8220;Independ\u00eancia da Bahia&#8221;, tema norteador do ano letivo, por causa dos 200 anos da Independ\u00eancia da Bahia. O encerramento ser\u00e1 com a Banda Afrocidade.<\/p>\n<\/div>\n<\/div>\n<div id=\"chunk-7q41t\">\n<div class=\"mc-column content-text active-extra-styles \" data-block-type=\"unstyled\" data-block-weight=\"42\" data-block-id=\"10\">\n<p class=\"content-text__container \" data-track-category=\"Link no Texto\" data-track-links=\"\">Al\u00e9m desse col\u00e9gio de Am\u00e9lia Rodrigues, outras sete novas escolas ser\u00e3o abertas nesta segunda-feira, nos munic\u00edpios de Itabuna, Tucano, Presidente Dutra, Iraquara, Jaguaripe, Jaguarari e Serrol\u00e2ndia. As entregas oficiais destas unidades ser\u00e3o realizadas ao longo do m\u00eas, pelo governador Jer\u00f4nimo Rodrigues.<\/p>\n<p class=\"content-text__container \" data-track-category=\"Link no Texto\" data-track-links=\"\"><span style=\"font-family: inherit; font-size: inherit; font-style: inherit; font-variant-ligatures: inherit; font-variant-caps: inherit; font-weight: inherit; text-align: center;\">Mesmo com o in\u00edcio das aulas, o governo do estado informa que a <\/span><span class=\"highlight highlighted\" style=\"font-family: inherit; font-size: inherit; font-style: inherit; font-variant-ligatures: inherit; font-variant-caps: inherit; font-weight: inherit; text-align: center;\">matr\u00edcula na rede estadual continua aberta.\u00a0<\/span><span style=\"font-family: inherit; font-size: inherit; font-style: inherit; font-variant-ligatures: inherit; font-variant-caps: inherit; font-weight: inherit; text-align: center;\">Para tanto, \u00e9 preciso que o estudante, m\u00e3es, pais ou respons\u00e1vel se dirijam a uma escola estadual.<\/span><\/p>\n<\/div>\n<\/div>\n<div id=\"chunk-4usu2\">\n<div class=\"mc-column content-text active-extra-styles \" data-block-type=\"unstyled\" data-block-weight=\"74\" data-block-id=\"13\">\n<p class=\"content-text__container \" data-track-category=\"Link no Texto\" data-track-links=\"\">Confira a documenta\u00e7\u00e3o necess\u00e1ria:\u00a0<span class=\"highlight highlighted\">hist\u00f3rico escolar; vias originais e c\u00f3pias leg\u00edveis da Carteira de Identidade (RG) ou Certid\u00e3o de Registro Civil, do Cadastro de Pessoal F\u00edsica (CPF), comprovante de resid\u00eancia (\u00e1gua, luz, telefone fixo ou m\u00f3vel, g\u00e1s encanado, Internet, contrato de aluguel, IPTU, cart\u00e3o de cr\u00e9dito ou TV por assinatura) e da carteira de vacina\u00e7\u00e3o devidamente atualizada; c\u00f3pia leg\u00edvel do RG e do CPF da pr\u00f3pria m\u00e3e do estudante e ou do respons\u00e1vel legal.<\/span><\/p>\n<\/div>\n<\/div>\n<div class=\"mc-column content-text active-extra-styles\" data-block-type=\"raw\" data-block-weight=\"1\" data-block-id=\"14\">\n<div class=\"content-intertitle\">\n<h2>Salvador<\/h2>\n<\/div>\n<\/div>\n<div id=\"chunk-dah9o\">\n<div class=\"row medium-uncollapsed content-media content-photo\" data-block-type=\"backstage-photo\" data-block-id=\"15\">\n<div class=\"mc-column content-media__container\">\n<div class=\"content-media-container glb-skeleton-box\">\n<figure class=\"content-media-figure\"><img class=\"i-amphtml-fill-content i-amphtml-replaced-content\" src=\"https:\/\/s2.glbimg.com\/_v62vLY-xtbrMDjgK81GKdionQE=\/0x0:1700x1065\/984x0\/smart\/filters:strip_icc()\/i.s3.glbimg.com\/v1\/AUTH_59edd422c0c84a879bd37670ae4f538a\/internal_photos\/bs\/2021\/q\/z\/7UU72eT4eHkE75w9pHJg\/a1.jpg\" sizes=\"(max-width: 1366px) 648px, 100vw\" srcset=\"https:\/\/s2.glbimg.com\/-BArHgu8eUrFDlEX6nnLJ-Z6ltE=\/0x0:1700x1065\/1000x0\/smart\/filters:strip_icc()\/i.s3.glbimg.com\/v1\/AUTH_59edd422c0c84a879bd37670ae4f538a\/internal_photos\/bs\/2021\/q\/z\/7UU72eT4eHkE75w9pHJg\/a1.jpg 1000w, https:\/\/s2.glbimg.com\/_v62vLY-xtbrMDjgK81GKdionQE=\/0x0:1700x1065\/984x0\/smart\/filters:strip_icc()\/i.s3.glbimg.com\/v1\/AUTH_59edd422c0c84a879bd37670ae4f538a\/internal_photos\/bs\/2021\/q\/z\/7UU72eT4eHkE75w9pHJg\/a1.jpg 984w, https:\/\/s2.glbimg.com\/G2quwIpA40vkJI-Muiw6zG4EZgA=\/0x0:1700x1065\/640x0\/smart\/filters:strip_icc()\/i.s3.glbimg.com\/v1\/AUTH_59edd422c0c84a879bd37670ae4f538a\/internal_photos\/bs\/2021\/q\/z\/7UU72eT4eHkE75w9pHJg\/a1.jpg 640w, https:\/\/s2.glbimg.com\/F6ngOJwJGAKUGF--w1T3NlOEAYE=\/0x0:1700x1065\/600x0\/smart\/filters:strip_icc()\/i.s3.glbimg.com\/v1\/AUTH_59edd422c0c84a879bd37670ae4f538a\/internal_photos\/bs\/2021\/q\/z\/7UU72eT4eHkE75w9pHJg\/a1.jpg 600w\" alt=\"Cmei Maria Rosa Palestina, unidade da rede municipal de ensino em Salvador   \u2014 Foto: Valter Pontes\/Secom Salvador\" \/><\/figure>\n<\/div>\n<p class=\"content-media__description \">Cmei Maria Rosa Palestina, unidade da rede municipal de ensino em Salvador \u2014 Foto: Valter Pontes\/Secom Salvador<\/p>\n<p class=\"content-media__description \"><span style=\"font-family: inherit; font-size: inherit; font-style: inherit; font-variant-ligatures: inherit; font-variant-caps: inherit; font-weight: inherit; text-align: center;\">Cerim\u00f4nia que abre ano letivo da rede municipal de ensino de Salvador tamb\u00e9m ser\u00e1 realizada na manh\u00e3 desta segunda-feira e est\u00e1 marcada para 9h. O evento ser\u00e1 no Centro Municipal de Educa\u00e7\u00e3o Infantil (Cmei) Castro Alves, localizado na Rua Professor Jairo Sim\u00f5es, no bairro do Imbu\u00ed<\/span><\/p>\n<\/div>\n<\/div>\n<\/div>\n<div id=\"chunk-49her\">\n<div class=\"mc-column content-text active-extra-styles \" data-block-type=\"unstyled\" data-block-weight=\"27\" data-block-id=\"18\">\n<p class=\"content-text__container \" data-track-category=\"Link no Texto\" data-track-links=\"\">O evento ter\u00e1 as presen\u00e7as do prefeito Bruno Reis e da vice, Ana Paula Matos, al\u00e9m do secret\u00e1rio municipal da Educa\u00e7\u00e3o (Smed), Thiago Dantas, dentre outras autoridades.<\/p>\n<\/div>\n<\/div>\n<div id=\"chunk-clbef\">\n<div class=\"mc-column content-text active-extra-styles \" data-block-type=\"unstyled\" data-block-weight=\"32\" data-block-id=\"19\">\n<p class=\"content-text__container \" data-track-category=\"Link no Texto\" data-track-links=\"\">Na ocasi\u00e3o ser\u00e3o apresentados os novos fardamentos, tablets e kits escolares, al\u00e9m de projetos como Busca Ativa, Ambiente Virtual de Aprendizagem (AVA), Educa\u00e7\u00e3o Esportiva e demais iniciativas para o ano de 2023.<\/p>\n<\/div>\n<\/div>\n<\/div>\n<\/article>\n<\/div>\n","protected":false},"excerpt":{"rendered":"<p>Eventos com aulas inaugurais ser\u00e3o realizados nesta segunda-feira (6) em escola de Am\u00e9lia Rodrigues e no bairro do Imbu\u00ed, na capital baiana. Por g1 BA Ap\u00f3s f\u00e9rias, estudantes da rede estadual da BA e municipal de Salvador retornam \u00e0s aulas nesta segunda \u2014 Foto: Pedro Moraes\/SECBA\/Valter Pontes\/Secom Salvador Os estudantes da rede p\u00fablica estadual da [&hellip;]<\/p>\n","protected":false},"author":2,"featured_media":0,"comment_status":"open","ping_status":"open","sticky":false,"template":"","format":"standard","meta":{"_links_to":"","_links_to_target":""},"categories":[7,9,8,1],"tags":[],"_links":{"self":[{"href":"https:\/\/www.ilheusnoticias.net.br\/v1\/wp-json\/wp\/v2\/posts\/30903"}],"collection":[{"href":"https:\/\/www.ilheusnoticias.net.br\/v1\/wp-json\/wp\/v2\/posts"}],"about":[{"href":"https:\/\/www.ilheusnoticias.net.br\/v1\/wp-json\/wp\/v2\/types\/post"}],"author":[{"embeddable":true,"href":"https:\/\/www.ilheusnoticias.net.br\/v1\/wp-json\/wp\/v2\/users\/2"}],"replies":[{"embeddable":true,"href":"https:\/\/www.ilheusnoticias.net.br\/v1\/wp-json\/wp\/v2\/comments?post=30903"}],"version-history":[{"count":1,"href":"https:\/\/www.ilheusnoticias.net.br\/v1\/wp-json\/wp\/v2\/posts\/30903\/revisions"}],"predecessor-version":[{"id":30904,"href":"https:\/\/www.ilheusnoticias.net.br\/v1\/wp-json\/wp\/v2\/posts\/30903\/revisions\/30904"}],"wp:attachment":[{"href":"https:\/\/www.ilheusnoticias.net.br\/v1\/wp-json\/wp\/v2\/media?parent=30903"}],"wp:term":[{"taxonomy":"category","embeddable":true,"href":"https:\/\/www.ilheusnoticias.net.br\/v1\/wp-json\/wp\/v2\/categories?post=30903"},{"taxonomy":"post_tag","embeddable":true,"href":"https:\/\/www.ilheusnoticias.net.br\/v1\/wp-json\/wp\/v2\/tags?post=30903"}],"curies":[{"name":"wp","href":"https:\/\/api.w.org\/{rel}","templated":true}]}}