{"id":30899,"date":"2023-02-06T08:10:45","date_gmt":"2023-02-06T11:10:45","guid":{"rendered":"https:\/\/www.ilheusnoticias.net.br\/v1\/?p=30899"},"modified":"2023-02-06T08:10:45","modified_gmt":"2023-02-06T11:10:45","slug":"corpo-do-professor-que-sumiu-foi-achado-em-ilheus-em-dedos-suspeito-do-desaparecimento-e-preso","status":"publish","type":"post","link":"https:\/\/www.ilheusnoticias.net.br\/v1\/2023\/02\/06\/corpo-do-professor-que-sumiu-foi-achado-em-ilheus-em-dedos-suspeito-do-desaparecimento-e-preso\/","title":{"rendered":"Corpo do professor que sumiu foi achado em Ilh\u00e9us, em dedos; suspeito do desaparecimento \u00e9 preso"},"content":{"rendered":"<h3 class=\"post-title entry-title\"><a style=\"font-size: 16px;\" href=\"https:\/\/blogger.googleusercontent.com\/img\/b\/R29vZ2xl\/AVvXsEic_leWrZVq5R81rcr_zRH9LuzIfHfImKtSbCXBiIMXWuxk8KNhxo8IfWi9Rw7RGbU2UyCWOhktJOsdrEI6_NiFpOIw51tHrLP911hyeQ1PPjs-HLh6zU6P0neMHE0JbWvCOWftu9kn6yTzxvvhvUU-WxArOFdunP46xeeyxmLMI2mSzRArWyiOs9cipA\/s640\/whatsapp-image-2023-01-30-at-16.15.48.webp\"><img src=\"https:\/\/blogger.googleusercontent.com\/img\/b\/R29vZ2xl\/AVvXsEic_leWrZVq5R81rcr_zRH9LuzIfHfImKtSbCXBiIMXWuxk8KNhxo8IfWi9Rw7RGbU2UyCWOhktJOsdrEI6_NiFpOIw51tHrLP911hyeQ1PPjs-HLh6zU6P0neMHE0JbWvCOWftu9kn6yTzxvvhvUU-WxArOFdunP46xeeyxmLMI2mSzRArWyiOs9cipA\/s600\/whatsapp-image-2023-01-30-at-16.15.48.webp\" alt=\"\" width=\"600\" border=\"0\" data-original-height=\"390\" data-original-width=\"640\" \/><\/a><\/h3>\n<div id=\"post-body-4505876478995401824\" class=\"post-body entry-content\">\n<p>Um homem foi preso neste domingo (5) em Ilh\u00e9us, no sul da Bahia, por ser suspeito do desaparecimento do professor Valdemir Queiroz de Amorim, de 65 anos, em janeiro deste ano. De acordo com a Pol\u00edcia Civil, um corpo foi encontrado, tamb\u00e9m em Ilh\u00e9us, no s\u00e1bado (4), e um irm\u00e3o do professor afirma tratar-se de Valdemir. A v\u00edtima estava sem os dedos indicadores.<\/p>\n<p>Apesar desse reconhecimento inicial do irm\u00e3o da v\u00edtima, a coordenadora regional de Ilh\u00e9us, delegada Katiana Amorim Teixeira, informou que est\u00e1 aguardando o resultado de exames. A pris\u00e3o do suspeito foi cumprida por equipes da Delegacia de Prote\u00e7\u00e3o ao Turista (Deltur) e da 7\u00aa Coordenadoria Regional de Pol\u00edcia do Interior (Coorpin).<\/p>\n<div class=\"google-auto-placed ap_container\"><ins class=\"adsbygoogle adsbygoogle-noablate\" data-ad-format=\"auto\" data-ad-client=\"ca-pub-1367172027914602\" data-adsbygoogle-status=\"done\" data-ad-status=\"unfilled\"><\/p>\n<div id=\"aswift_2_host\" tabindex=\"0\" title=\"Advertisement\" aria-label=\"Advertisement\">O professor, que atua na rede estadual de ensino de Itabuna, tamb\u00e9m no sul da Bahia, desapareceu ap\u00f3s ir passar o fim de semana na sua casa de praia, no Cururupe, em Ilh\u00e9us, no dia 27 de janeiro e, desde ent\u00e3o, n\u00e3o entrou mais em contato com a fam\u00edlia. O carro e os documentos da v\u00edtima foram encontrados com o suspeito do desaparecimento.<\/div>\n<p><\/ins><\/div>\n<p><a href=\"https:\/\/blogger.googleusercontent.com\/img\/b\/R29vZ2xl\/AVvXsEhs8eJwlG_nISM7PTlC7X5XYw-zYhbYV4tOR_ZAEtqR8hLlmv24G6-rtBlcpHU8cZTbjT9Y2n68vw11Im2tkYdAceD_kQiEbTt28YKU9hrIA9iPl7pLJaHFDFVsV7VT3kXworMTDMRCAlCsQxsCkw7ICcyUR03oqeYmSmTbBzyKjFUN_-Umbmr-5rgygw\/s640\/whatsapp-image-2023-02-05-at-15.07.55.webp\"><img src=\"https:\/\/blogger.googleusercontent.com\/img\/b\/R29vZ2xl\/AVvXsEhs8eJwlG_nISM7PTlC7X5XYw-zYhbYV4tOR_ZAEtqR8hLlmv24G6-rtBlcpHU8cZTbjT9Y2n68vw11Im2tkYdAceD_kQiEbTt28YKU9hrIA9iPl7pLJaHFDFVsV7VT3kXworMTDMRCAlCsQxsCkw7ICcyUR03oqeYmSmTbBzyKjFUN_-Umbmr-5rgygw\/s600\/whatsapp-image-2023-02-05-at-15.07.55.webp\" alt=\"\" width=\"600\" border=\"0\" data-original-height=\"476\" data-original-width=\"640\" \/><\/a><\/p>\n<p>Conforme detalhou a delegada Katiana Amorim, Valdemir saiu de Itabuna dirigindo o pr\u00f3prio carro na companhia do suspeito, com destino \u00e0 casa de praia.<\/p>\n<p>&#8220;Testemunhas informaram que os dois foram vistos no local e na madrugada seguinte viram o carro saindo. No s\u00e1bado pela manh\u00e3 j\u00e1 n\u00e3o viram mais Valdemir e o investigado&#8221;, detalhou a delegada.<\/p>\n<div class=\"google-auto-placed ap_container\"><ins class=\"adsbygoogle adsbygoogle-noablate\" data-ad-format=\"auto\" data-ad-client=\"ca-pub-1367172027914602\" data-adsbygoogle-status=\"done\" data-ad-status=\"unfilled\"><\/p>\n<div id=\"aswift_3_host\" tabindex=\"0\" title=\"Advertisement\" aria-label=\"Advertisement\"><iframe loading=\"lazy\" id=\"aswift_3\" src=\"https:\/\/googleads.g.doubleclick.net\/pagead\/ads?client=ca-pub-1367172027914602&amp;output=html&amp;h=280&amp;adk=2406018075&amp;adf=1756592871&amp;pi=t.aa~a.2215945394~i.7~rp.4&amp;w=651&amp;fwrn=4&amp;fwrnh=100&amp;lmt=1675681486&amp;num_ads=1&amp;rafmt=1&amp;armr=3&amp;sem=mc&amp;pwprc=1929538583&amp;ad_type=text_image&amp;format=651x280&amp;url=https%3A%2F%2Fwww.verdinhoitabuna.blog.br%2F&amp;host=ca-host-pub-1556223355139109&amp;fwr=0&amp;pra=3&amp;rh=163&amp;rw=651&amp;rpe=1&amp;resp_fmts=3&amp;wgl=1&amp;fa=27&amp;adsid=ChEIgOeCnwYQvp_XwuOKla_SARI5AL0fUaH96xesmgVfWpCGYTPvJL5Ujd_dcX3fmsIU7oT0lb2epeDn5foR4d0OHXPhsnvttRXFKlSO&amp;uach=WyJXaW5kb3dzIiwiMTAuMC4wIiwieDg2IiwiIiwiMTA5LjAuNTQxNC4xMjAiLFtdLGZhbHNlLG51bGwsIjY0IixbWyJOb3RfQSBCcmFuZCIsIjk5LjAuMC4wIl0sWyJHb29nbGUgQ2hyb21lIiwiMTA5LjAuNTQxNC4xMjAiXSxbIkNocm9taXVtIiwiMTA5LjAuNTQxNC4xMjAiXV0sZmFsc2Vd&amp;dt=1675681570160&amp;bpp=4&amp;bdt=14129&amp;idt=5&amp;shv=r20230201&amp;mjsv=m202301120101&amp;ptt=9&amp;saldr=aa&amp;abxe=1&amp;cookie=ID%3D3cd45ac09bcdb281-226a219d9ad60041%3AT%3D1662206477%3ART%3D1662206477%3AS%3DALNI_MalPAJsgoHVhhLmjSH3-M0qgb_skQ&amp;gpic=UID%3D0000092c2f406634%3AT%3D1662206477%3ART%3D1675681568%3AS%3DALNI_MYbdSiH9djBTXVyvtZxJSVb3bU7Ag&amp;prev_fmts=0x0%2C651x499%2C651x486%2C651x280%2C651x280&amp;nras=6&amp;correlator=4463180944964&amp;frm=20&amp;pv=1&amp;ga_vid=1950999748.1662206477&amp;ga_sid=1675681566&amp;ga_hid=1916909484&amp;ga_fc=1&amp;u_tz=-180&amp;u_his=1&amp;u_h=768&amp;u_w=1366&amp;u_ah=728&amp;u_aw=1366&amp;u_cd=24&amp;u_sd=1&amp;dmc=4&amp;adx=153&amp;ady=13409&amp;biw=1349&amp;bih=625&amp;scr_x=0&amp;scr_y=10917&amp;eid=44759876%2C44759927%2C44759842%2C31071721&amp;oid=2&amp;pvsid=2156991038112157&amp;tmod=1673204099&amp;uas=3&amp;nvt=1&amp;eae=0&amp;fc=1408&amp;brdim=0%2C0%2C0%2C0%2C1366%2C0%2C1366%2C728%2C1366%2C625&amp;vis=1&amp;rsz=%7C%7Cs%7C&amp;abl=NS&amp;fu=128&amp;bc=31&amp;jar=2023-02-04-11&amp;ifi=4&amp;uci=a!4&amp;btvi=5&amp;fsb=1&amp;xpc=O0PfFD6N9y&amp;p=https%3A\/\/www.verdinhoitabuna.blog.br&amp;dtd=M\" name=\"aswift_3\" width=\"651\" height=\"0\" frameborder=\"0\" marginwidth=\"0\" marginheight=\"0\" scrolling=\"no\" sandbox=\"allow-forms allow-popups allow-popups-to-escape-sandbox allow-same-origin allow-scripts allow-top-navigation-by-user-activation\" data-google-container-id=\"a!4\" data-google-query-id=\"CILy1-TggP0CFXHA_QUdCsQAXQ\" data-load-complete=\"true\" data-mce-fragment=\"1\"><\/iframe><\/div>\n<p><\/ins><\/div>\n<p>No dia 31 de janeiro foram realizados saques da conta banc\u00e1ria da v\u00edtima. A delegada informou que a equipe de investiga\u00e7\u00e3o analisou as imagens das c\u00e2meras de seguran\u00e7a do banco, que mostraram o suspeito realizando os saques ao lado de um homem, ainda n\u00e3o identificado.<\/p>\n<p>&#8220;As transa\u00e7\u00f5es foram feitas com a digital da v\u00edtima, o que nos faz acreditar que utilizaram o dedo de Valdemir ou fizeram um molde de silicone com as digitais&#8221;, explicou Katiana.<\/p>\n<p>A Pol\u00edcia Civil detalhou que o corpo encontrado no s\u00e1bado, al\u00e9m de estar sem os dedos indicadores, tinha estado de putrefa\u00e7\u00e3o e foi localizado em um matagal, no bairro Cidade Nova, em Ilh\u00e9us.<\/p>\n<p><a href=\"https:\/\/blogger.googleusercontent.com\/img\/b\/R29vZ2xl\/AVvXsEhIMjvFeKV0KgcucR_g5PkQ_zQJQ4s1M-t4C8jLHBLEIoAASPiAM_PDL6oo0DeQpqUqr49cDKxT1imn5pT5v0sZ-ss2Lu7sUPzFtkMH8gc4EQ5yoXWE3OUWl7AOFwxaR7VUDh1CTcjzSx3pZGERm6EvzIEN0q1CmMXeifLAAZmfTJ3F4jR1d5IUWHK91w\/s640\/whatsapp-image-2023-01-30-at-16.15.31.webp\"><img src=\"https:\/\/blogger.googleusercontent.com\/img\/b\/R29vZ2xl\/AVvXsEhIMjvFeKV0KgcucR_g5PkQ_zQJQ4s1M-t4C8jLHBLEIoAASPiAM_PDL6oo0DeQpqUqr49cDKxT1imn5pT5v0sZ-ss2Lu7sUPzFtkMH8gc4EQ5yoXWE3OUWl7AOFwxaR7VUDh1CTcjzSx3pZGERm6EvzIEN0q1CmMXeifLAAZmfTJ3F4jR1d5IUWHK91w\/s600\/whatsapp-image-2023-01-30-at-16.15.31.webp\" alt=\"\" width=\"600\" border=\"0\" data-original-height=\"351\" data-original-width=\"640\" \/><\/a><\/p>\n<p>A 1\u00aa Delegacia Territorial (DT) de Ilh\u00e9us foi acionada, expediu as guias periciais e o IML removeu o corpo, que vai passar por necr\u00f3psia e exames para identifica\u00e7\u00e3o.<\/p>\n<p>&#8220;Familiares v\u00e3o no DPT para tentar fazer o reconhecimento, por\u00e9m o irm\u00e3o de Valdemir esteve na Deltur [Delegacia de Prote\u00e7\u00e3o ao Turista] e, ao ver a foto do corpo, observou um dos p\u00e9s sem dois dedos e disse que a v\u00edtima j\u00e1 havia perdido o membro em decorr\u00eancia de complica\u00e7\u00f5es do diabetes&#8221;, explicou Katiana Amorim.<\/p>\n<div class=\"google-auto-placed ap_container\"><ins class=\"adsbygoogle adsbygoogle-noablate\" data-ad-format=\"auto\" data-ad-client=\"ca-pub-1367172027914602\" data-adsbygoogle-status=\"done\" data-ad-status=\"unfilled\"><\/p>\n<div id=\"aswift_4_host\" tabindex=\"0\" title=\"Advertisement\" aria-label=\"Advertisement\"><iframe loading=\"lazy\" id=\"aswift_4\" src=\"https:\/\/googleads.g.doubleclick.net\/pagead\/ads?client=ca-pub-1367172027914602&amp;output=html&amp;h=280&amp;adk=2406018075&amp;adf=1558215550&amp;pi=t.aa~a.2215945394~i.13~rp.4&amp;w=651&amp;fwrn=4&amp;fwrnh=100&amp;lmt=1675681486&amp;num_ads=1&amp;rafmt=1&amp;armr=3&amp;sem=mc&amp;pwprc=1929538583&amp;ad_type=text_image&amp;format=651x280&amp;url=https%3A%2F%2Fwww.verdinhoitabuna.blog.br%2F&amp;host=ca-host-pub-1556223355139109&amp;fwr=0&amp;pra=3&amp;rh=163&amp;rw=651&amp;rpe=1&amp;resp_fmts=3&amp;wgl=1&amp;fa=27&amp;adsid=ChEIgOeCnwYQvp_XwuOKla_SARI5AL0fUaH96xesmgVfWpCGYTPvJL5Ujd_dcX3fmsIU7oT0lb2epeDn5foR4d0OHXPhsnvttRXFKlSO&amp;uach=WyJXaW5kb3dzIiwiMTAuMC4wIiwieDg2IiwiIiwiMTA5LjAuNTQxNC4xMjAiLFtdLGZhbHNlLG51bGwsIjY0IixbWyJOb3RfQSBCcmFuZCIsIjk5LjAuMC4wIl0sWyJHb29nbGUgQ2hyb21lIiwiMTA5LjAuNTQxNC4xMjAiXSxbIkNocm9taXVtIiwiMTA5LjAuNTQxNC4xMjAiXV0sZmFsc2Vd&amp;dt=1675681570177&amp;bpp=3&amp;bdt=14147&amp;idt=3&amp;shv=r20230201&amp;mjsv=m202301120101&amp;ptt=9&amp;saldr=aa&amp;abxe=1&amp;cookie=ID%3D3cd45ac09bcdb281-226a219d9ad60041%3AT%3D1662206477%3ART%3D1662206477%3AS%3DALNI_MalPAJsgoHVhhLmjSH3-M0qgb_skQ&amp;gpic=UID%3D0000092c2f406634%3AT%3D1662206477%3ART%3D1675681568%3AS%3DALNI_MYbdSiH9djBTXVyvtZxJSVb3bU7Ag&amp;prev_fmts=0x0%2C651x499%2C651x486%2C651x280%2C651x280%2C651x280&amp;nras=7&amp;correlator=4463180944964&amp;frm=20&amp;pv=1&amp;ga_vid=1950999748.1662206477&amp;ga_sid=1675681566&amp;ga_hid=1916909484&amp;ga_fc=1&amp;u_tz=-180&amp;u_his=1&amp;u_h=768&amp;u_w=1366&amp;u_ah=728&amp;u_aw=1366&amp;u_cd=24&amp;u_sd=1&amp;dmc=4&amp;adx=153&amp;ady=14242&amp;biw=1349&amp;bih=625&amp;scr_x=0&amp;scr_y=11749&amp;eid=44759876%2C44759927%2C44759842%2C31071721&amp;oid=2&amp;pvsid=2156991038112157&amp;tmod=1673204099&amp;uas=3&amp;nvt=1&amp;eae=0&amp;fc=1408&amp;brdim=0%2C0%2C0%2C0%2C1366%2C0%2C1366%2C728%2C1366%2C625&amp;vis=1&amp;rsz=%7C%7Cs%7C&amp;abl=NS&amp;fu=128&amp;bc=31&amp;jar=2023-02-04-11&amp;ifi=5&amp;uci=a!5&amp;btvi=6&amp;fsb=1&amp;xpc=y48Y5EZfvS&amp;p=https%3A\/\/www.verdinhoitabuna.blog.br&amp;dtd=M\" name=\"aswift_4\" width=\"651\" height=\"0\" frameborder=\"0\" marginwidth=\"0\" marginheight=\"0\" scrolling=\"no\" sandbox=\"allow-forms allow-popups allow-popups-to-escape-sandbox allow-same-origin allow-scripts allow-top-navigation-by-user-activation\" data-google-container-id=\"a!5\" data-google-query-id=\"CMLM5-XggP0CFVLI_QUd1BMLHg\" data-load-complete=\"true\" data-mce-fragment=\"1\"><\/iframe><\/div>\n<p><\/ins><\/div>\n<p>A oitiva do suspeito foi realizada. Ele vai ser submetido ao exame de corpo de delito e posteriormente seguir\u00e1 para o sistema prisional.<\/p>\n<p>Valdemir Queiroz morava no bairro Santo Ant\u00f4nio, em Itabuna e ensinava no Col\u00e9gio Estadual Valdelice Soares Pinheiro. \/\/g1<\/p>\n<\/div>\n","protected":false},"excerpt":{"rendered":"<p>Um homem foi preso neste domingo (5) em Ilh\u00e9us, no sul da Bahia, por ser suspeito do desaparecimento do professor Valdemir Queiroz de Amorim, de 65 anos, em janeiro deste ano. De acordo com a Pol\u00edcia Civil, um corpo foi encontrado, tamb\u00e9m em Ilh\u00e9us, no s\u00e1bado (4), e um irm\u00e3o do professor afirma tratar-se de [&hellip;]<\/p>\n","protected":false},"author":2,"featured_media":0,"comment_status":"open","ping_status":"open","sticky":false,"template":"","format":"standard","meta":{"_links_to":"","_links_to_target":""},"categories":[7,9,8,1,5],"tags":[],"_links":{"self":[{"href":"https:\/\/www.ilheusnoticias.net.br\/v1\/wp-json\/wp\/v2\/posts\/30899"}],"collection":[{"href":"https:\/\/www.ilheusnoticias.net.br\/v1\/wp-json\/wp\/v2\/posts"}],"about":[{"href":"https:\/\/www.ilheusnoticias.net.br\/v1\/wp-json\/wp\/v2\/types\/post"}],"author":[{"embeddable":true,"href":"https:\/\/www.ilheusnoticias.net.br\/v1\/wp-json\/wp\/v2\/users\/2"}],"replies":[{"embeddable":true,"href":"https:\/\/www.ilheusnoticias.net.br\/v1\/wp-json\/wp\/v2\/comments?post=30899"}],"version-history":[{"count":1,"href":"https:\/\/www.ilheusnoticias.net.br\/v1\/wp-json\/wp\/v2\/posts\/30899\/revisions"}],"predecessor-version":[{"id":30900,"href":"https:\/\/www.ilheusnoticias.net.br\/v1\/wp-json\/wp\/v2\/posts\/30899\/revisions\/30900"}],"wp:attachment":[{"href":"https:\/\/www.ilheusnoticias.net.br\/v1\/wp-json\/wp\/v2\/media?parent=30899"}],"wp:term":[{"taxonomy":"category","embeddable":true,"href":"https:\/\/www.ilheusnoticias.net.br\/v1\/wp-json\/wp\/v2\/categories?post=30899"},{"taxonomy":"post_tag","embeddable":true,"href":"https:\/\/www.ilheusnoticias.net.br\/v1\/wp-json\/wp\/v2\/tags?post=30899"}],"curies":[{"name":"wp","href":"https:\/\/api.w.org\/{rel}","templated":true}]}}