{"id":30897,"date":"2023-02-06T08:08:02","date_gmt":"2023-02-06T11:08:02","guid":{"rendered":"https:\/\/www.ilheusnoticias.net.br\/v1\/?p=30897"},"modified":"2023-02-06T08:08:02","modified_gmt":"2023-02-06T11:08:02","slug":"pais-sao-presos-suspeitos-de-homicidio-e-ocultacao-de-cadaver-de-bebe-homem-teria-enterrado-crianca-viva","status":"publish","type":"post","link":"https:\/\/www.ilheusnoticias.net.br\/v1\/2023\/02\/06\/pais-sao-presos-suspeitos-de-homicidio-e-ocultacao-de-cadaver-de-bebe-homem-teria-enterrado-crianca-viva\/","title":{"rendered":"Pais s\u00e3o presos suspeitos de homic\u00eddio e oculta\u00e7\u00e3o de cad\u00e1ver de beb\u00ea; homem teria enterrado crian\u00e7a viva"},"content":{"rendered":"<h3 class=\"post-title entry-title\"><a style=\"font-size: 16px;\" href=\"https:\/\/blogger.googleusercontent.com\/img\/a\/AVvXsEjUD-ka1Af3kaKFJYrnJ8S0JRKud61ey1TXgXq_gk3RfM4OuHqyprQi3mtGedykxo5wBF7KfdmBJrqpH_IWAMBWiIqssJWKFyecnyKsFrD-7r1jlPr9xTVSr8kVtR7n9qGc4jmY0GXkxIRGTIhkL7maN1aZhIHQ9AN4V-UOlFg4HZFq-f9MJZy_fzmBmg\"><img loading=\"lazy\" src=\"https:\/\/blogger.googleusercontent.com\/img\/a\/AVvXsEjUD-ka1Af3kaKFJYrnJ8S0JRKud61ey1TXgXq_gk3RfM4OuHqyprQi3mtGedykxo5wBF7KfdmBJrqpH_IWAMBWiIqssJWKFyecnyKsFrD-7r1jlPr9xTVSr8kVtR7n9qGc4jmY0GXkxIRGTIhkL7maN1aZhIHQ9AN4V-UOlFg4HZFq-f9MJZy_fzmBmg=w457-h257\" alt=\"\" width=\"457\" height=\"257\" data-original-height=\"266\" data-original-width=\"474\" \/><\/a><\/h3>\n<div id=\"post-body-3562035506192744284\" class=\"post-body entry-content\">\n<div class=\"separator\">Imagem a\u00e9rea da cidade do Conde<\/div>\n<p>Um casal foi preso no s\u00e1bado (4), em um povoado de Conde, munic\u00edpio do Litoral Norte da Bahia, suspeito de homic\u00eddio e culta\u00e7\u00e3o de cad\u00e1ver do beb\u00ea que esperavam. De acordo com a Pol\u00edcia Civil, a m\u00e3e teria induzido o aborto fazendo uso de medica\u00e7\u00f5es. A crian\u00e7a nasceu e, em seguida, com o aux\u00edlio do pai, foi enterrada viva.&nbsp;<\/p>\n<p>Uma adolescente tamb\u00e9m \u00e9 suspeita de envolvimento no crime. N\u00e3o h\u00e1 detalhes se ela foi apreendida. Os mandados de pris\u00e3o preventiva do casal foram cumpridos por equipes da Delegacia de Prote\u00e7\u00e3o ao Turista (Deltur) de Conde, com o apoio da 2\u00aa Coordenadoria Regional de Pol\u00edcia do Interior (Coorpin) de Alagoinhas.<\/p>\n<p>Segundo testemunhas, o Conselho Tutelar da cidade recebeu uma den\u00fancia an\u00f4nima sobre o caso. Diante disso, o Conselho procurou a pol\u00edcia, que iniciou as investiga\u00e7\u00f5es. Informa\u00e7\u00f5es levantadas pelos policiais indicam os pais da crian\u00e7a, presos no povoado de S\u00e3o Francisco do Riacho Seco, em Conde, como respons\u00e1veis pela a\u00e7\u00e3o.<\/p>\n<\/div>\n","protected":false},"excerpt":{"rendered":"<p>Imagem a\u00e9rea da cidade do Conde Um casal foi preso no s\u00e1bado (4), em um povoado de Conde, munic\u00edpio do Litoral Norte da Bahia, suspeito de homic\u00eddio e culta\u00e7\u00e3o de cad\u00e1ver do beb\u00ea que esperavam. De acordo com a Pol\u00edcia Civil, a m\u00e3e teria induzido o aborto fazendo uso de medica\u00e7\u00f5es. A crian\u00e7a nasceu e, [&hellip;]<\/p>\n","protected":false},"author":2,"featured_media":0,"comment_status":"open","ping_status":"open","sticky":false,"template":"","format":"standard","meta":{"_links_to":"","_links_to_target":""},"categories":[7,9,8,1,5],"tags":[],"_links":{"self":[{"href":"https:\/\/www.ilheusnoticias.net.br\/v1\/wp-json\/wp\/v2\/posts\/30897"}],"collection":[{"href":"https:\/\/www.ilheusnoticias.net.br\/v1\/wp-json\/wp\/v2\/posts"}],"about":[{"href":"https:\/\/www.ilheusnoticias.net.br\/v1\/wp-json\/wp\/v2\/types\/post"}],"author":[{"embeddable":true,"href":"https:\/\/www.ilheusnoticias.net.br\/v1\/wp-json\/wp\/v2\/users\/2"}],"replies":[{"embeddable":true,"href":"https:\/\/www.ilheusnoticias.net.br\/v1\/wp-json\/wp\/v2\/comments?post=30897"}],"version-history":[{"count":1,"href":"https:\/\/www.ilheusnoticias.net.br\/v1\/wp-json\/wp\/v2\/posts\/30897\/revisions"}],"predecessor-version":[{"id":30898,"href":"https:\/\/www.ilheusnoticias.net.br\/v1\/wp-json\/wp\/v2\/posts\/30897\/revisions\/30898"}],"wp:attachment":[{"href":"https:\/\/www.ilheusnoticias.net.br\/v1\/wp-json\/wp\/v2\/media?parent=30897"}],"wp:term":[{"taxonomy":"category","embeddable":true,"href":"https:\/\/www.ilheusnoticias.net.br\/v1\/wp-json\/wp\/v2\/categories?post=30897"},{"taxonomy":"post_tag","embeddable":true,"href":"https:\/\/www.ilheusnoticias.net.br\/v1\/wp-json\/wp\/v2\/tags?post=30897"}],"curies":[{"name":"wp","href":"https:\/\/api.w.org\/{rel}","templated":true}]}}