{"id":30891,"date":"2023-02-05T09:24:51","date_gmt":"2023-02-05T12:24:51","guid":{"rendered":"https:\/\/www.ilheusnoticias.net.br\/v1\/?p=30891"},"modified":"2023-02-05T09:24:51","modified_gmt":"2023-02-05T12:24:51","slug":"entenda-a-reforma-nos-impostos-sobre-o-consumo-uma-das-prioridades-do-governo-lula-na-economia","status":"publish","type":"post","link":"https:\/\/www.ilheusnoticias.net.br\/v1\/2023\/02\/05\/entenda-a-reforma-nos-impostos-sobre-o-consumo-uma-das-prioridades-do-governo-lula-na-economia\/","title":{"rendered":"Entenda a reforma nos impostos sobre o consumo, uma das prioridades do governo Lula na economia"},"content":{"rendered":"<div class=\"row content-head non-featured \">\n<div class=\"title\" data-block-type=\"title\" data-block-id=\"0\">\n<h1 class=\"content-head__title\"><span style=\"font-size: 16px;\">Com a volta do Congresso, equipe econ\u00f4mica vai tentar emplacar proposta que prev\u00ea, entre outros itens, o Imposto sobre Valor Agregado (IVA). Um dos objetivos \u00e9 destravar investimentos e impulsionar a economia.<\/span><\/h1>\n<\/div>\n<\/div>\n<div class=\"content__signa-share\">\n<div class=\"content__signature\">\n<div class=\"content-publication-data\">\n<div class=\"content-publication-data__text\">\n<p class=\"content-publication-data__from\" title=\"Alexandro Martello, g1\">Por Alexandro Martello, g1\u00a0\u2014 Bras\u00edlia<\/p>\n<p class=\"content-publication-data__updated\">Com a <a href=\"https:\/\/g1.globo.com\/jornal-nacional\/noticia\/2022\/02\/02\/lira-e-pacheco-se-manifestam-em-defesa-da-ciencia-e-da-democracia-na-abertura-do-ano-legislativo.ghtml\">retomada dos trabalhos do\u00a0<\/a><a href=\"https:\/\/g1.globo.com\/jornal-nacional\/noticia\/2022\/02\/02\/lira-e-pacheco-se-manifestam-em-defesa-da-ciencia-e-da-democracia-na-abertura-do-ano-legislativo.ghtml\">Congresso<\/a>, a equipe econ\u00f4mica do governo Lula se\u00a0<a href=\"https:\/\/valor.globo.com\/politica\/noticia\/2023\/02\/02\/simone-tebet-se-reune-com-arthur-lira-para-discutir-reforma-tributaria.ghtml\">prepara para defender<\/a>\u00a0sua proposta de reforma tribut\u00e1ria sobre o consumo, ou seja, na forma como s\u00e3o cobrados os impostos sobre produtos e servi\u00e7os.<\/p>\n<\/div>\n<\/div>\n<\/div>\n<\/div>\n<div class=\"mc-article-body\">\n<article>\n<div class=\"wall protected-content\">\n<div id=\"chunk-bh9ld\">\n<div class=\"mc-column content-text active-extra-styles \" data-block-type=\"unstyled\" data-block-weight=\"39\" data-block-id=\"3\">\n<p class=\"content-text__container \" data-track-category=\"Link no Texto\" data-track-links=\"\">Discutido h\u00e1 d\u00e9cadas e muito aguardado pelo setor produtivo, o tema \u00e9\u00a0<a href=\"https:\/\/g1.globo.com\/economia\/noticia\/2023\/01\/30\/haddad-congresso-deve-voltar-a-abracar-reforma-tributaria.ghtml\">considerado priorit\u00e1rio pelo governo<\/a>\u00a0para aproximar as regras brasileiras do resto do mundo e reformar um\u00a0<a href=\"https:\/\/g1.globo.com\/economia\/noticia\/2021\/01\/22\/em-meio-a-sistema-tributario-caotico-estado-e-contribuintes-disputam-r-54-trilhoes-na-justica.ghtml\">sistema que \u00e9 tido como ca\u00f3tico por empres\u00e1rios e investidores.<\/a><\/p>\n<\/div>\n<\/div>\n<div id=\"chunk-8ns4k\">\n<div class=\"mc-column content-text active-extra-styles \" data-block-type=\"unstyled\" data-block-weight=\"9\" data-block-id=\"4\">\n<p class=\"content-text__container \" data-track-category=\"Link no Texto\" data-track-links=\"\"><strong>Neste primeiro momento<\/strong>, ser\u00e3o discutidas mudan\u00e7as em tributos como:<\/p>\n<\/div>\n<\/div>\n<div class=\"mc-column content-text active-extra-styles\" data-block-type=\"raw\" data-block-weight=\"8\" data-block-id=\"5\">\n<p class=\"content-text__container\">\n<ul class=\"content-unordered-list\">\n<li><strong><span class=\"highlight highlighted\">ICMS (estadual)<\/span><\/strong><\/li>\n<li><strong><span class=\"highlight highlighted\">PIS\/Cofins e IPI (federais)<\/span><\/strong><\/li>\n<li><strong><span class=\"highlight highlighted\">ISS municipal<\/span><\/strong><\/li>\n<\/ul>\n<p>&nbsp;<\/p>\n<\/div>\n<div id=\"chunk-vjkj\">\n<div class=\"mc-column content-text active-extra-styles \" data-block-type=\"unstyled\" data-block-weight=\"33\" data-block-id=\"6\">\n<p class=\"content-text__container \" data-track-category=\"Link no Texto\" data-track-links=\"\">A escolha por esses tributos \u00e9 porque eles est\u00e3o embutidos nos pre\u00e7os de produtos e servi\u00e7os. Seriam substitu\u00eddos por um Imposto Sobre Valor Agregado (IVA), como ocorre em grande parte das economias desenvolvidas.<\/p>\n<\/div>\n<\/div>\n<div id=\"chunk-ak2ke\">\n<div class=\"mc-column content-text active-extra-styles \" data-block-type=\"unstyled\" data-block-weight=\"33\" data-block-id=\"7\">\n<p class=\"content-text__container \" data-track-category=\"Link no Texto\" data-track-links=\"\">Mais adiante, o governo informou que tamb\u00e9m buscar\u00e1 reformar as regras do Imposto de Renda. A forma de tributar o patrim\u00f4nio e a folha de pagamentos tamb\u00e9m poder\u00e1 ser rediscutida nos pr\u00f3ximos anos.<\/p>\n<\/div>\n<\/div>\n<div class=\"mc-column content-text active-extra-styles\" data-block-type=\"raw\" data-block-weight=\"4\" data-block-id=\"8\">\n<p class=\"content-text__container\">\n<div class=\"content-intertitle\">\n<h2>O que pode mudar<\/h2>\n<\/div>\n<\/div>\n<div class=\"mc-column content-text active-extra-styles\" data-block-type=\"raw\" data-block-weight=\"3\" data-block-id=\"9\">\n<p>&nbsp;<\/p>\n<\/div>\n<div id=\"chunk-f12ei\">\n<div class=\"mc-column content-text active-extra-styles \" data-block-type=\"unstyled\" data-block-weight=\"34\" data-block-id=\"10\">\n<p class=\"content-text__container \" data-track-category=\"Link no Texto\" data-track-links=\"\">Com a implementa\u00e7\u00e3o do IVA, os tributos passariam a ser n\u00e3o cumulativos. Isso significa que, ao longo da cadeia de produ\u00e7\u00e3o, os impostos seriam pagos uma s\u00f3 vez por todos os participantes do processo.<\/p>\n<\/div>\n<\/div>\n<div id=\"chunk-qveq\">\n<div class=\"mc-column content-text active-extra-styles \" data-block-type=\"unstyled\" data-block-weight=\"38\" data-block-id=\"12\">\n<p class=\"content-text__container \" data-track-category=\"Link no Texto\" data-track-links=\"\"><strong>Por exemplo<\/strong>: se o IVA for de\u00a0<span class=\"highlight highlighted\">20%<\/span>, um produto vendido ao consumidor final por R$ 100 ter\u00e1 imposto de R$ 20, que dever\u00e1 ser dividido por toda a cadeia de produ\u00e7\u00e3o (produtor, atacadista, distribuidor, varejista).<\/p>\n<\/div>\n<\/div>\n<div id=\"chunk-abt4d\">\n<div class=\"mc-column content-text active-extra-styles \" data-block-type=\"unstyled\" data-block-weight=\"20\" data-block-id=\"13\">\n<p class=\"content-text__container \" data-track-category=\"Link no Texto\" data-track-links=\"\">Hoje, cada etapa da cadeia paga os impostos individualmente, e eles v\u00e3o se acumulando at\u00e9 o consumidor final.<\/p>\n<\/div>\n<\/div>\n<div id=\"chunk-fse0q\">\n<div class=\"mc-column content-text active-extra-styles \" data-block-type=\"unstyled\" data-block-weight=\"30\" data-block-id=\"14\">\n<p class=\"content-text__container \" data-track-category=\"Link no Texto\" data-track-links=\"\">Com o IVA, as empresas poderiam abater, no recolhimento do imposto, o valor pago anteriormente na cadeia produtiva. S\u00f3 recolheriam o imposto incidente sobre o valor agregado ao produto final.<\/p>\n<\/div>\n<\/div>\n<div id=\"chunk-gnba\">\n<div class=\"mc-column content-text active-extra-styles \" data-block-type=\"unstyled\" data-block-weight=\"31\" data-block-id=\"16\">\n<p class=\"content-text__container \" data-track-category=\"Link no Texto\" data-track-links=\"\">Outra mudan\u00e7a \u00e9 que o tributo sobre o consumo (IVA) seria cobrado no &#8220;destino&#8221;, ou seja, no local onde os produtos s\u00e3o consumidos, e n\u00e3o mais onde eles s\u00e3o produzidos.<\/p>\n<\/div>\n<\/div>\n<div id=\"chunk-7s2av\">\n<div class=\"mc-column content-text active-extra-styles \" data-block-type=\"unstyled\" data-block-weight=\"31\" data-block-id=\"17\">\n<p class=\"content-text__container \" data-track-category=\"Link no Texto\" data-track-links=\"\">Isso contribuiria para combater a chamada &#8220;guerra fiscal&#8221;, nome dado a disputa entre os estados para que empresas se instalem em seus territ\u00f3rios. Para isso, intensificam a concess\u00e3o de benef\u00edcios fiscais.<\/p>\n<\/div>\n<\/div>\n<div id=\"chunk-e6k3r\">\n<div class=\"bs-video-block mc-column  content-media content-video\" data-block-type=\"backstage-video\" data-block-id=\"18\">\n<div class=\"content-media__container\">\n<div class=\"content-video__bigger-player-description-fixer\">\n<article class=\"content-video\">\n<section class=\"content-video__video-container\">\n<div class=\"content-video__video\">\n<div class=\"content-video__placeholder\" data-video-id=\"11325233\" data-video-has-viewport-play=\"True\"><img class=\"content-video__placeholder__thumb\" title=\"Ministro da Fazenda volta a defender reforma tribut\u00e1ria e medidas pra baratear cr\u00e9dito\" src=\"https:\/\/s02.video.glbimg.com\/x240\/11325233.jpg\" alt=\"Ministro da Fazenda volta a defender reforma tribut\u00e1ria e medidas pra baratear cr\u00e9dito\" \/><\/div>\n<div id=\"wp3-player-1\" class=\"clappr-player\" tabindex=\"9999\" data-player=\"\">\n<div class=\"dfp-ad-overlay dfp-ad-overlay--poster-mode\">\n<div><\/div>\n<\/div>\n<div class=\"media-control touch media-control-hide h720 w960\">\n<div class=\"media-control-panel\">\n<div class=\"media-control-panel__lower\" data-controls=\"\">\n<div class=\"opposites-container\">\n<div class=\"media-control-position__right\">Ministro da Fazenda volta a defender reforma tribut\u00e1ria e medidas pra baratear cr\u00e9dito<\/div>\n<\/div>\n<\/div>\n<\/div>\n<\/div>\n<\/div>\n<\/div>\n<\/section>\n<\/article>\n<\/div>\n<\/div>\n<\/div>\n<\/div>\n<div class=\"mc-column content-text active-extra-styles\" data-block-type=\"raw\" data-block-weight=\"1\" data-block-id=\"20\">\n<div class=\"content-intertitle\">\n<h2>Objetivos<\/h2>\n<\/div>\n<p>&nbsp;<\/p>\n<\/div>\n<div id=\"chunk-88g2e\">\n<div class=\"mc-column content-text active-extra-styles \" data-block-type=\"unstyled\" data-block-weight=\"33\" data-block-id=\"21\">\n<p class=\"content-text__container \" data-track-category=\"Link no Texto\" data-track-links=\"\">O principal objetivo da reforma \u00e9 simplificar e facilitar a cobran\u00e7a dos impostos. Essa medida \u00e9 considerada fundamental para destravar a economia e impulsionar o crescimento do pa\u00eds e a gera\u00e7\u00e3o de empregos.<\/p>\n<\/div>\n<\/div>\n<div class=\"mc-column content-text active-extra-styles\" data-block-type=\"raw\" data-block-weight=\"168\" data-block-id=\"22\">\n<p class=\"content-text__container\">\n<ul class=\"content-unordered-list\">\n<li>Investidores reclamam do\u00a0<span class=\"highlight highlighted\">elevado n\u00famero de tributos<\/span>\u00a0e da\u00a0<span class=\"highlight highlighted\">complexidade do sistema tribut\u00e1rio brasileiro.\u00a0<\/span>Eles avaliam que isso afasta investimentos. No caso do ICMS estadual, por exemplo, h\u00e1 27 diferentes legisla\u00e7\u00f5es vigentes no pa\u00eds \u2013 uma para cada estado, incluindo o Distrito Federal. Com o IVA, haveria uma legisla\u00e7\u00e3o \u00fanica.<\/li>\n<li>A<a href=\"https:\/\/g1.globo.com\/economia\/noticia\/2021\/01\/22\/em-meio-a-sistema-tributario-caotico-estado-e-contribuintes-disputam-r-54-trilhoes-na-justica.ghtml\">\u00a0disputa judicial entre Estado e contribuintes j\u00e1 soma R$ 5,4 trilh\u00f5es (dados de 2021),<\/a>\u00a0montante que equivale a 75% do Produto Interno Bruto (PIB). Um dos objetivos da reforma tribut\u00e1ria \u00e9 reduzir, em consequ\u00eancia de regras mais simples, as disputas na justi\u00e7a.<\/li>\n<li>Analistas estimam que a reforma tribut\u00e1ria sobre o consumo\u00a0<a href=\"https:\/\/g1.globo.com\/economia\/noticia\/uma-boa-reforma-tributaria-pode-aumentar-o-pib-potencial-do-pais-em-10-diz-bernard-appy.ghtml\">tem potencial para elevar o PIB potencial do Brasil em no m\u00ednimo 10% nas pr\u00f3ximas d\u00e9cadas.<\/a><\/li>\n<li>Em um momento que<a href=\"https:\/\/g1.globo.com\/politica\/ao-vivo\/pec-da-transicao.ghtml\">\u00a0foi aprovado aumento de gastos<\/a>\u00a0para custear o Bolsa Fam\u00edlia e recompor verbas para \u00e1reas como sa\u00fade e educa\u00e7\u00e3o, analistas apontam que a reforma tribut\u00e1ria tamb\u00e9m pode ser um caminho para ajudar a conter o crescimento da d\u00edvida p\u00fablica \u2014\u00a0<a href=\"https:\/\/g1.globo.com\/economia\/noticia\/2023\/01\/22\/governo-quer-estabilizar-divida-e-obter-selo-de-bom-pagador-ate-2026-diz-secretario-do-tesouro.ghtml\">objetivo declarado da \u00e1rea econ\u00f4mica.<\/a><\/li>\n<\/ul>\n<p>&nbsp;<\/p>\n<\/div>\n<div class=\"mc-column content-text active-extra-styles\" data-block-type=\"raw\" data-block-weight=\"2\" data-block-id=\"24\">\n<div class=\"content-intertitle\">\n<h2>Pontos pol\u00eamicos<\/h2>\n<\/div>\n<\/div>\n<div id=\"chunk-4oit5\">\n<div class=\"mc-column content-text active-extra-styles \" data-block-type=\"unstyled\" data-block-weight=\"42\" data-block-id=\"25\">\n<p class=\"content-text__container \" data-track-category=\"Link no Texto\" data-track-links=\"\"><strong>Imposto alto:<\/strong>\u00a0as propostas em discuss\u00e3o no Congresso\u00a0<a href=\"https:\/\/g1.globo.com\/economia\/noticia\/2019\/08\/25\/propostas-de-reforma-tributaria-mantem-inalterado-peso-dos-impostos-sobre-o-consumo.ghtml\">mant\u00e9m a carga tribut\u00e1ria sobre o consumo est\u00e1vel, algo que penaliza os mais pobres<\/a>. Isso porque, proporcionalmente, o custo do consumo \u00e9 maior para a popula\u00e7\u00e3o mais vulner\u00e1vel do que para a mais abastada<\/p>\n<\/div>\n<\/div>\n<div id=\"chunk-o9ob\">\n<div class=\"mc-column content-text active-extra-styles \" data-block-type=\"unstyled\" data-block-weight=\"55\" data-block-id=\"26\">\n<p class=\"content-text__container \" data-track-category=\"Link no Texto\" data-track-links=\"\">Com a manuten\u00e7\u00e3o do peso dos impostos, a al\u00edquota total do IVA em discuss\u00e3o\u00a0<a href=\"https:\/\/g1.globo.com\/economia\/noticia\/2020\/08\/07\/criacao-de-imposto-unico-nacional-sobre-consumo-exigira-aliquota-elevada-diz-secretario-da-receita.ghtml\">estava pr\u00f3xima 30% \u2014 que seria o patamar mais alto do mundo.\u00a0<\/a>O ministro da Fazenda, Fernando Haddad, por\u00e9m, tem falado em reduzir o peso dos impostos sobre o consumo, o que resultar\u00e1, se implementado, em uma al\u00edquota abaixo desse n\u00edvel.<\/p>\n<\/div>\n<\/div>\n<div id=\"chunk-3936f\">\n<div class=\"mc-column content-text active-extra-styles \" data-block-type=\"unstyled\" data-block-weight=\"64\" data-block-id=\"27\">\n<p class=\"content-text__container \" data-track-category=\"Link no Texto\" data-track-links=\"\"><strong>Aumento na tributa\u00e7\u00e3o sobre servi\u00e7os<\/strong>: Enquanto o novo sistema favoreceria, em tese a ind\u00fastria, que tem v\u00e1rias etapas de produ\u00e7\u00e3o e poderia fazer abatimentos, alguns setores, como de\u00a0<strong><span class=\"highlight highlighted\">com\u00e9rcio e servi\u00e7os<\/span><\/strong>, afirmam que a\u00a0<a href=\"https:\/\/g1.globo.com\/economia\/noticia\/2020\/07\/21\/pouco-tributado-setor-de-servicos-deve-pagar-mais-imposto-com-proposta-do-governo.ghtml\">ado\u00e7\u00e3o de um IVA geraria um aumento da sua carga tribut\u00e1ria<\/a>. Isso porque, por ser o elo final da cadeia (antes do consumidor), n\u00e3o teriam como abater nenhum valor.<\/p>\n<\/div>\n<\/div>\n<div id=\"chunk-9jfqn\">\n<div class=\"mc-column content-text active-extra-styles \" data-block-type=\"unstyled\" data-block-weight=\"30\" data-block-id=\"28\">\n<p class=\"content-text__container \" data-track-category=\"Link no Texto\" data-track-links=\"\">O setor entende que isso poderia ser repassado aos consumidores, elevando o pre\u00e7os de\u00a0<a href=\"https:\/\/g1.globo.com\/economia\/noticia\/2020\/08\/26\/assessora-de-guedes-defende-tributar-mais-quem-consome-saude-educacao-e-livros.ghtml\">servi\u00e7os de sa\u00fade (hospitais e laborat\u00f3rios), assim como as escolas e universidades particulares, entre outros.<\/a><\/p>\n<\/div>\n<\/div>\n<div id=\"chunk-4p0n7\">\n<div class=\"mc-column content-text active-extra-styles \" data-block-type=\"unstyled\" data-block-weight=\"72\" data-block-id=\"29\">\n<p class=\"content-text__container \" data-track-category=\"Link no Texto\" data-track-links=\"\"><strong>Compensa\u00e7\u00e3o para estados<\/strong>: ao longo das discuss\u00f5es da reforma tribut\u00e1ria em 2021, os governos estaduais pediram ao governo federal\u00a0<a href=\"https:\/\/g1.globo.com\/economia\/noticia\/2020\/07\/30\/reforma-tributaria-estados-reivindicam-da-uniao-r-480-bi-em-dez-anos-para-abastecer-fundos.ghtml\">R$ 480 bilh\u00f5es ao longo de dez anos<\/a>\u00a0para abastecer os fundos de desenvolvimento regional e de compensa\u00e7\u00f5es das exporta\u00e7\u00f5es. O pedido foi<a href=\"https:\/\/g1.globo.com\/economia\/noticia\/2020\/10\/06\/acordo-fracassa-e-congresso-deve-decidir-sobre-repasse-a-fundos-de-estados-e-municipios.ghtml\">\u00a0negado pelo ent\u00e3o ministro da Economia, Paulo Guedes.<\/a>\u00a0Os estados chegaram a concordar em\u00a0<a href=\"https:\/\/g1.globo.com\/economia\/noticia\/2021\/08\/20\/na-reforma-tributaria-estados-ja-aceitam-rediscutir-formato-do-iva-e-de-fundos-de-desenvolvimento.ghtml\">discutir o assunto, sem abocanhar recursos do governo federal,<\/a>\u00a0mas o tema pode ser renegociado.<\/p>\n<\/div>\n<\/div>\n<div id=\"chunk-5e2gr\">\n<div class=\"content-ads content-ads--reveal\" data-block-type=\"ads\" data-block-id=\"30\">\n<div id=\"banner_materia__083b6468-69aa-4a01-9ea1-51c5a5f62469\" class=\"tag-manager-publicidade-container mc-has-reveal mc-has-ad-lazyload tag-manager-publicidade-banner_materia__083b6468-69aa-4a01-9ea1-51c5a5f62469 tag-manager-publicidade-container--carregado tag-manager-publicidade-container--visivel\" data-id=\"banner_materia__083b6468-69aa-4a01-9ea1-51c5a5f62469\" data-google-query-id=\"CO-61ZOv_vwCFXKRlQId3zYAxg\">\n<div id=\"google_ads_iframe_\/95377733\/tvg_G1\/Economia_6__container__\"><\/div>\n<\/div>\n<\/div>\n<\/div>\n<div id=\"chunk-6bui\">\n<div class=\"mc-column content-text active-extra-styles \" data-block-type=\"unstyled\" data-block-weight=\"77\" data-block-id=\"31\">\n<p class=\"content-text__container \" data-track-category=\"Link no Texto\" data-track-links=\"\"><strong>Resist\u00eancia dos maiores munic\u00edpios do pa\u00eds:<\/strong>\u00a0temendo perda de arrecada\u00e7\u00e3o<strong>,\u00a0<\/strong>a Frente Nacional de Prefeitos (FNP), que re\u00fane todas as capitais do pa\u00eds e os munic\u00edpios com mais de 80 mil habitantes, se posiciona pela &#8220;manuten\u00e7\u00e3o da autonomia municipal&#8221; na gest\u00e3o do ISS, ou seja, se manifesta contra a inclus\u00e3o desse tributo municipal dentro do futuro IVA. &#8220;O ISS tem que ficar na m\u00e3o dos munic\u00edpios&#8221;, defende a FNP. Essa proposta j\u00e1 foi enviada ao Congresso Nacional.<\/p>\n<\/div>\n<\/div>\n<div id=\"chunk-e5j1t\">\n<div class=\"mc-column content-text active-extra-styles \" data-block-type=\"unstyled\" data-block-weight=\"59\" data-block-id=\"32\">\n<p class=\"content-text__container \" data-track-category=\"Link no Texto\" data-track-links=\"\"><strong>Comit\u00ea Gestor do IVA:\u00a0<\/strong>a representatividade dos estados, munic\u00edpios e do governo federal na governan\u00e7a do Comit\u00ea Gestor do futuro IVA foi um ponto de tens\u00e3o nos \u00faltimos anos. O antigo Minist\u00e9rio da Economia, sob o comando de Paulo Guedes, n\u00e3o aceitava ter uma participa\u00e7\u00e3o menor no colegiado que ficaria respons\u00e1vel por gerir IVA nacional, proposta pelos estados.<\/p>\n<\/div>\n<\/div>\n<div id=\"chunk-fkdmc\">\n<div class=\"mc-column content-text active-extra-styles \" data-block-type=\"unstyled\" data-block-weight=\"87\" data-block-id=\"33\">\n<p class=\"content-text__container \" data-track-category=\"Link no Texto\" data-track-links=\"\"><strong>Imposto sobre aplicativos e com\u00e9rcio eletr\u00f4nico<\/strong>: a ind\u00fastria brasileira defende a cria\u00e7\u00e3o de um imposto sobre o com\u00e9rcio eletr\u00f4nico, alegando que algumas plataformas de m\u00fasicas e filmes faturam bilh\u00f5es de reais e n\u00e3o sofrem tributa\u00e7\u00e3o. Outra discuss\u00e3o \u00e9 que as plataformas de internet (intermedi\u00e1rias conhecidas como &#8220;marketplaces&#8221;) sejam respons\u00e1veis pelo recolhimento de tributos dos vendedores. A forma de recolher imposto de empresas varejistas da internet de pa\u00edses como a China tamb\u00e9m pode ser debatida. Se implementado, esse custo tende a ser repassado aos clientes dessas plataformas.<\/p>\n<\/div>\n<\/div>\n<div id=\"chunk-fl366\">\n<div class=\"content-ads content-ads--reveal\" data-block-type=\"ads\" data-block-id=\"34\">\n<div id=\"banner_materia__c68ddd87-3932-4d23-a0f7-ca5c23bcc5be\" class=\"tag-manager-publicidade-container mc-has-reveal mc-has-ad-lazyload tag-manager-publicidade-banner_materia__c68ddd87-3932-4d23-a0f7-ca5c23bcc5be tag-manager-publicidade-container--carregado tag-manager-publicidade-container--visivel\" data-id=\"banner_materia__c68ddd87-3932-4d23-a0f7-ca5c23bcc5be\" data-google-query-id=\"CO-BgJSv_vwCFYmelQIdKwsExA\">\n<div id=\"google_ads_iframe_\/95377733\/tvg_G1\/Economia_7__container__\"><\/div>\n<\/div>\n<\/div>\n<\/div>\n<div id=\"chunk-1fi4m\">\n<div class=\"mc-column content-text active-extra-styles \" data-block-type=\"unstyled\" data-block-weight=\"85\" data-block-id=\"35\">\n<p class=\"content-text__container \" data-track-category=\"Link no Texto\" data-track-links=\"\"><strong>IPI e imposto seletivo:\u00a0<\/strong>a gest\u00e3o de Paulo Guedes na economia defendia o fim do Imposto Sobre Produtos Industrializados (IPI) e sua troca por um imposto seletivo,\u00a0<a href=\"https:\/\/g1.globo.com\/economia\/noticia\/2020\/07\/23\/reforma-tributaria-etapa-futura-vai-prever-taxacao-seletiva-de-cigarro-e-bebida-diz-assessora.ghtml\">apelidado de imposto sobre o pecado<\/a>. Seriam taxados pelo imposto seletivo apenas produtos nocivos \u00e0 sa\u00fade (que geram gastos ao Estado), como cigarros e bebidas alco\u00f3licas. Resistente \u00e0 perda de arrecada\u00e7\u00e3o, o atual ministro Fernando Haddad fala em\u00a0<a href=\"https:\/\/g1.globo.com\/jornal-nacional\/noticia\/2023\/01\/16\/haddad-afirma-que-pretende-fazer-uma-reforma-tributaria-ainda-no-primeiro-semestre-de-2023.ghtml\">rediscutir o IPI, mas ainda n\u00e3o deu detalhes<\/a>. Geraldo Alckmin, vice-presidente e ministro do Desenvolvimento,\u00a0<a href=\"https:\/\/g1.globo.com\/sp\/sao-paulo\/noticia\/2023\/01\/16\/alckmin-diz-que-meta-do-governo-e-acabar-com-imposto-sobre-produtos-industrializados.ghtml\">quer acabar com esse imposto.<\/a><\/p>\n<\/div>\n<\/div>\n<div id=\"chunk-4ntdk\">\n<div class=\"mc-column content-text active-extra-styles \" data-block-type=\"unstyled\" data-block-weight=\"94\" data-block-id=\"36\">\n<p class=\"content-text__container \" data-track-category=\"Link no Texto\" data-track-links=\"\"><strong>Redu\u00e7\u00e3o de benef\u00edcios fiscais:\u00a0<\/strong>a PEC 45 que tramita no Legislativo, de autoria de Bernard Appy, atual secret\u00e1rio especial do Minist\u00e9rio da Fazenda para a reforma tribut\u00e1ria, previa o fim de todos os benef\u00edcios fiscais, entre eles a Zona Franca de Manaus e o Simples Nacional. A proposta, por\u00e9m, n\u00e3o \u00e9 considerada fact\u00edvel. Atualmente, o governo deixa de arrecadar mais de R$ 400 bilh\u00f5es por ano com benef\u00edcios para setores e segmentos da sociedade. O debate sobre a redu\u00e7\u00e3o de benef\u00edcios fiscais costuma dificultar o andamento da reforma tribut\u00e1ria, pois setores &#8220;perdedores&#8221; mostram resist\u00eancia.<\/p>\n<\/div>\n<\/div>\n<div class=\"mc-column content-text active-extra-styles\" data-block-type=\"raw\" data-block-weight=\"2\" data-block-id=\"37\">\n<p class=\"content-text__container\">\n<div class=\"content-intertitle\">\n<h2>Dificuldades pol\u00edticas<\/h2>\n<\/div>\n<p>&nbsp;<\/p>\n<\/div>\n<div id=\"chunk-3trgc\">\n<div class=\"mc-column content-text active-extra-styles \" data-block-type=\"unstyled\" data-block-weight=\"13\" data-block-id=\"38\">\n<p class=\"content-text__container \" data-track-category=\"Link no Texto\" data-track-links=\"\">Apesar de priorit\u00e1ria, a reforma \u00e9 considerada complexa do ponto de vista pol\u00edtico.<\/p>\n<\/div>\n<\/div>\n<div id=\"chunk-im54\">\n<div class=\"mc-column content-text active-extra-styles \" data-block-type=\"unstyled\" data-block-weight=\"20\" data-block-id=\"39\">\n<p class=\"content-text__container \" data-track-category=\"Link no Texto\" data-track-links=\"\">Diferentes governos tentaram, sem sucesso, fazer a reforma tribut\u00e1ria nas \u00faltimas d\u00e9cadas, focados principalmente na tributa\u00e7\u00e3o sobre o consumo.<\/p>\n<\/div>\n<\/div>\n<div id=\"chunk-3gqu0\">\n<div class=\"mc-column content-text active-extra-styles \" data-block-type=\"unstyled\" data-block-weight=\"19\" data-block-id=\"41\">\n<p class=\"content-text__container \" data-track-category=\"Link no Texto\" data-track-links=\"\">As propostas esbarraram em resist\u00eancias de car\u00e1ter regional, partid\u00e1rio e de diferentes setores produtivos, todos representados no Congresso Nacional.<\/p>\n<\/div>\n<\/div>\n<div id=\"chunk-9m7a9\">\n<div class=\"mc-column content-text active-extra-styles \" data-block-type=\"unstyled\" data-block-weight=\"41\" data-block-id=\"42\">\n<p class=\"content-text__container \" data-track-category=\"Link no Texto\" data-track-links=\"\">Enquanto os estados reclamam da perda de arrecada\u00e7\u00e3o em 2022 com a redu\u00e7\u00e3o dos tributos sobre combust\u00edveis e energia el\u00e9trica, a\u00a0<a href=\"https:\/\/g1.globo.com\/economia\/noticia\/2023\/01\/24\/arrecadacao-federal-soma-r-221-trilhoes-em-2022-e-bate-novo-recorde-historico.ghtml\">arrecada\u00e7\u00e3o do governo federal bateu recorde<\/a>. Isso aumenta a resist\u00eancia dos estados a propostas do governo na \u00e1rea tribut\u00e1ria.<\/p>\n<\/div>\n<\/div>\n<\/div>\n<\/article>\n<\/div>\n","protected":false},"excerpt":{"rendered":"<p>Com a volta do Congresso, equipe econ\u00f4mica vai tentar emplacar proposta que prev\u00ea, entre outros itens, o Imposto sobre Valor Agregado (IVA). Um dos objetivos \u00e9 destravar investimentos e impulsionar a economia. Por Alexandro Martello, g1\u00a0\u2014 Bras\u00edlia Com a retomada dos trabalhos do\u00a0Congresso, a equipe econ\u00f4mica do governo Lula se\u00a0prepara para defender\u00a0sua proposta de reforma [&hellip;]<\/p>\n","protected":false},"author":2,"featured_media":0,"comment_status":"open","ping_status":"open","sticky":false,"template":"","format":"standard","meta":{"_links_to":"","_links_to_target":""},"categories":[7,9,8,1],"tags":[],"_links":{"self":[{"href":"https:\/\/www.ilheusnoticias.net.br\/v1\/wp-json\/wp\/v2\/posts\/30891"}],"collection":[{"href":"https:\/\/www.ilheusnoticias.net.br\/v1\/wp-json\/wp\/v2\/posts"}],"about":[{"href":"https:\/\/www.ilheusnoticias.net.br\/v1\/wp-json\/wp\/v2\/types\/post"}],"author":[{"embeddable":true,"href":"https:\/\/www.ilheusnoticias.net.br\/v1\/wp-json\/wp\/v2\/users\/2"}],"replies":[{"embeddable":true,"href":"https:\/\/www.ilheusnoticias.net.br\/v1\/wp-json\/wp\/v2\/comments?post=30891"}],"version-history":[{"count":1,"href":"https:\/\/www.ilheusnoticias.net.br\/v1\/wp-json\/wp\/v2\/posts\/30891\/revisions"}],"predecessor-version":[{"id":30892,"href":"https:\/\/www.ilheusnoticias.net.br\/v1\/wp-json\/wp\/v2\/posts\/30891\/revisions\/30892"}],"wp:attachment":[{"href":"https:\/\/www.ilheusnoticias.net.br\/v1\/wp-json\/wp\/v2\/media?parent=30891"}],"wp:term":[{"taxonomy":"category","embeddable":true,"href":"https:\/\/www.ilheusnoticias.net.br\/v1\/wp-json\/wp\/v2\/categories?post=30891"},{"taxonomy":"post_tag","embeddable":true,"href":"https:\/\/www.ilheusnoticias.net.br\/v1\/wp-json\/wp\/v2\/tags?post=30891"}],"curies":[{"name":"wp","href":"https:\/\/api.w.org\/{rel}","templated":true}]}}