{"id":30889,"date":"2023-02-04T09:29:52","date_gmt":"2023-02-04T12:29:52","guid":{"rendered":"https:\/\/www.ilheusnoticias.net.br\/v1\/?p=30889"},"modified":"2023-02-04T09:29:52","modified_gmt":"2023-02-04T12:29:52","slug":"menino-com-ossos-de-vidro-passa-por-cirurgia-inedita-em-ilheus","status":"publish","type":"post","link":"https:\/\/www.ilheusnoticias.net.br\/v1\/2023\/02\/04\/menino-com-ossos-de-vidro-passa-por-cirurgia-inedita-em-ilheus\/","title":{"rendered":"Menino com \u201cossos de vidro\u201d passa por cirurgia in\u00e9dita em Ilh\u00e9us"},"content":{"rendered":"<h3 class=\"post-title entry-title\"><\/h3>\n<div id=\"post-body-5354716121437123954\" class=\"post-body entry-content\">\n<div class=\"separator\"><a href=\"https:\/\/blogger.googleusercontent.com\/img\/a\/AVvXsEj9ukEEQ5NqDwYqfu3WERiRC4ocw5nIZR5jfjtDUsKiFJny2TYk-HCf_oMwpaIqVAVe2mtvJZAyGRLSDu13pPcZbyLhLEfGzwcTrIyXF2g8YKmfYBghPUTEWAuubpGfpCd1T0htJyedLb0Lsr9LxDFsKSh5Eg3shaN27fH6e5sqOHrUVjwHtK2DKYW3iQ\"><img loading=\"lazy\" src=\"https:\/\/blogger.googleusercontent.com\/img\/a\/AVvXsEj9ukEEQ5NqDwYqfu3WERiRC4ocw5nIZR5jfjtDUsKiFJny2TYk-HCf_oMwpaIqVAVe2mtvJZAyGRLSDu13pPcZbyLhLEfGzwcTrIyXF2g8YKmfYBghPUTEWAuubpGfpCd1T0htJyedLb0Lsr9LxDFsKSh5Eg3shaN27fH6e5sqOHrUVjwHtK2DKYW3iQ=w574-h366\" alt=\"\" width=\"574\" height=\"366\" data-original-height=\"506\" data-original-width=\"794\" \/><\/a><\/div>\n<p>&nbsp;<\/p>\n<p>O pequeno Davi Santos Souza ganhou a oportunidade que o pai e o av\u00f4 n\u00e3o tiveram para lutar contra a mesma doen\u00e7a, a osteog\u00eanese imperfeita. O mal heredit\u00e1rio tamb\u00e9m \u00e9 conhecido como \u201cossos de vidro\u201d, segundo o m\u00e9dico ortopedista Gustavo Bahia, do Hospital Materno-Infantil Dr. Joaquim Sampaio, em Ilh\u00e9us. Internado na unidade, o menino se recupera da cirurgia a que foi submetido para prevenir les\u00f5es decorrentes da fragilidade de seu tecido \u00f3sseo. Com nove anos, ele j\u00e1 sofreu nove fraturas na regi\u00e3o dos quadris e das pernas.<\/p>\n<p>A primeira foi aos quatro anos, no p\u00e9. Seis meses depois, jogando bola, fraturou a t\u00edbia. Com cinco anos, o f\u00eamur. J\u00e1 quebrou a perna ao tentar vestir uma simples bermuda. Seria uma fratura exposta n\u00e3o fosse a agilidade da m\u00e3e ao socorr\u00ea-lo. Davi sofre de osteog\u00eanese imperfeita, uma doen\u00e7a rara e heredit\u00e1ria que prejudica a forma\u00e7\u00e3o dos ossos e os torna fr\u00e1geis. O pai \u00e9 cadeirante e sofre da mesma altera\u00e7\u00e3o \u00f3ssea. O av\u00f4, tamb\u00e9m sofria. Ela \u00e9 causada por genes defeituosos que afetam o modo como o corpo produz col\u00e1geno, uma prote\u00edna que ajuda a fortalecer os ossos.<\/p>\n<div class=\"google-auto-placed ap_container\"><ins class=\"adsbygoogle adsbygoogle-noablate\" data-ad-format=\"auto\" data-ad-client=\"ca-pub-1367172027914602\" data-adsbygoogle-status=\"done\" data-ad-status=\"filled\"><\/p>\n<div id=\"aswift_1_host\" tabindex=\"0\" title=\"Advertisement\" aria-label=\"Advertisement\">Davi est\u00e1 internado desde o dia 11 no Hospital Materno-Infantil Dr. Joaquim Sampaio, em Ilh\u00e9us. Ele precisou implantar uma haste telescopada na perna esquerda. \u00c9 um m\u00e9todo de preven\u00e7\u00e3o de fraturas em crian\u00e7as e adolescentes em fase de crescimento. Um diagn\u00f3stico de interven\u00e7\u00e3o cir\u00fargica que n\u00e3o \u00e9 t\u00e3o recente assim. Mas que a fam\u00edlia vinha lutando para conseguir realizar. O Sistema \u00danico de Sa\u00fade (SUS) n\u00e3o paga pela haste.<\/div>\n<p><\/ins><\/div>\n<p>Desde que a m\u00e3e suspeitou da doen\u00e7a, foram in\u00fameras as idas e vindas ao hospital especializado, no Sub\u00farbio de Salvador, onde realizou consultas de rotina. O sofrimento da crian\u00e7a \u2013 explica Luana dos Santos, de 25 anos -, come\u00e7ava desde o transporte na ambul\u00e2ncia. \u201cEle sentia muitas dores at\u00e9 quando passava por um quebra-molas. Havia tamb\u00e9m o risco dele sofrer novas fraturas\u201d, revela. Esta semana ele fez mais uma viagem para uma consulta em Salvador. A fam\u00edlia chegou a ser aconselhada a ingressar na justi\u00e7a para garantir a aquisi\u00e7\u00e3o da haste e a cirurgia do filho. Mas sempre teve a consci\u00eancia de que o processo seria lento demais para um caso que exige rapidez na solu\u00e7\u00e3o.<\/p>\n<p><b>CHEGADA<\/b><\/p>\n<p>&nbsp;<\/p>\n<div class=\"separator\"><a href=\"https:\/\/blogger.googleusercontent.com\/img\/a\/AVvXsEjYjvZK-UDg7XuYcNS_OjcwcNqBR_p3fR7wjpgAyPfIFor6Q7bjCidgzg3_LmtCBlekNKhSw9DYLKWaPmNXsZpplyK3lmt9q-FpWLuLfWGgV7bt6UmIq9z_6HMu76ktPXz42fS5ZLYMCQuGEmVfpETSXMBFkdCRb8kBxKaeksLhgypLQ3W5cnSeSbx0PA\"><img loading=\"lazy\" src=\"https:\/\/blogger.googleusercontent.com\/img\/a\/AVvXsEjYjvZK-UDg7XuYcNS_OjcwcNqBR_p3fR7wjpgAyPfIFor6Q7bjCidgzg3_LmtCBlekNKhSw9DYLKWaPmNXsZpplyK3lmt9q-FpWLuLfWGgV7bt6UmIq9z_6HMu76ktPXz42fS5ZLYMCQuGEmVfpETSXMBFkdCRb8kBxKaeksLhgypLQ3W5cnSeSbx0PA=w531-h315\" alt=\"\" width=\"531\" height=\"315\" data-original-height=\"457\" data-original-width=\"768\" \/><\/a><\/div>\n<p>&nbsp;<\/p>\n<p>A hist\u00f3ria de Davi come\u00e7ou a mudar no mais recente acidente ocorrido com ele. Na nona fratura ocasionada ao tentar descer do sof\u00e1, Davi precisou ser socorrido pelo Samu, que o trouxe pela primeira vez para o HMIJS. O hospital n\u00e3o conta com um centro de ortopedia pedi\u00e1trica, mas acolheu Davi e o colocou na tela do sistema de regula\u00e7\u00e3o do estado. O prov\u00e1vel destino seria, mais uma vez, a capital, Salvador. \u201cN\u00e3o sei explicar. Logo que cheguei percebi que aqui era um lugar diferente, acolhedor, humanizado. Senti a energia positiva das pessoas e percebia que algo de bom iria acontecer\u201d, disse a m\u00e3e de Davi.<\/p>\n<p>A energia sentida por Luana resultou em uma grande corrente de solidariedade. A Funda\u00e7\u00e3o Estatal Sa\u00fade da Fam\u00edlia (FESF SUS) e o Governo da Bahia, atrav\u00e9s da Superintend\u00eancia de Aten\u00e7\u00e3o Integral \u00e0 Sa\u00fade, departamento respons\u00e1vel pela \u00e1rea hospitalar da Sesab, firmaram um acordo para que a haste pudesse ser adquirida e a cirurgia realizada no pr\u00f3prio Hospital Materno-Infantil. Uma equipe m\u00e9dica foi contratada para a realiza\u00e7\u00e3o da interven\u00e7\u00e3o cir\u00fargica, sob a responsabilidade do ortopedista pedi\u00e1trico Gustavo Bahia. Na \u00faltima quarta-feira, o hospital recebeu um \u201cArco Cir\u00fargico\u201d, equipamento fundamental para este tipo de cirurgia, que garante aos profissionais executores uma maior compreens\u00e3o das estruturas e precis\u00e3o dos movimentos.<\/p>\n<div class=\"google-auto-placed ap_container\"><ins class=\"adsbygoogle adsbygoogle-noablate\" data-ad-format=\"auto\" data-ad-client=\"ca-pub-1367172027914602\" data-adsbygoogle-status=\"done\" data-ad-status=\"filled\"><\/p>\n<div id=\"aswift_2_host\" tabindex=\"0\" title=\"Advertisement\" aria-label=\"Advertisement\"><iframe loading=\"lazy\" id=\"aswift_2\" src=\"https:\/\/googleads.g.doubleclick.net\/pagead\/ads?client=ca-pub-1367172027914602&amp;output=html&amp;h=280&amp;adk=2213327508&amp;adf=3537240640&amp;pi=t.aa~a.3068835297~i.13~rp.4&amp;w=651&amp;fwrn=4&amp;fwrnh=100&amp;lmt=1675512781&amp;num_ads=1&amp;rafmt=1&amp;armr=3&amp;sem=mc&amp;pwprc=7171702208&amp;ad_type=text_image&amp;format=651x280&amp;url=https%3A%2F%2Fwww.verdinhoitabuna.blog.br%2F&amp;host=ca-host-pub-1556223355139109&amp;fwr=0&amp;pra=3&amp;rh=163&amp;rw=651&amp;rpe=1&amp;resp_fmts=3&amp;wgl=1&amp;fa=27&amp;adsid=ChEIgKH4ngYQ-Ou9yeiG9cGQARI5AF-ypDBekWaZPP4BIgu8xp-ih6npQ4cbXRV5SkmvTCuBTUX-pE5wq3K2Io74BtFOyrUSjLyuRPLW&amp;uach=WyJXaW5kb3dzIiwiMTAuMC4wIiwieDg2IiwiIiwiMTA5LjAuNTQxNC4xMjAiLFtdLGZhbHNlLG51bGwsIjY0IixbWyJOb3RfQSBCcmFuZCIsIjk5LjAuMC4wIl0sWyJHb29nbGUgQ2hyb21lIiwiMTA5LjAuNTQxNC4xMjAiXSxbIkNocm9taXVtIiwiMTA5LjAuNTQxNC4xMjAiXV0sZmFsc2Vd&amp;dt=1675513597175&amp;bpp=5&amp;bdt=2416&amp;idt=5&amp;shv=r20230201&amp;mjsv=m202301230101&amp;ptt=9&amp;saldr=aa&amp;abxe=1&amp;cookie=ID%3D3cd45ac09bcdb281-226a219d9ad60041%3AT%3D1662206477%3ART%3D1662206477%3AS%3DALNI_MalPAJsgoHVhhLmjSH3-M0qgb_skQ&amp;gpic=UID%3D0000092c2f406634%3AT%3D1662206477%3ART%3D1675513599%3AS%3DALNI_MYbdSiH9djBTXVyvtZxJSVb3bU7Ag&amp;prev_fmts=0x0%2C651x280&amp;nras=3&amp;correlator=2145928183517&amp;frm=20&amp;pv=1&amp;ga_vid=1950999748.1662206477&amp;ga_sid=1675513596&amp;ga_hid=384423910&amp;ga_fc=1&amp;u_tz=-180&amp;u_his=2&amp;u_h=768&amp;u_w=1366&amp;u_ah=728&amp;u_aw=1366&amp;u_cd=24&amp;u_sd=1&amp;dmc=4&amp;adx=153&amp;ady=4483&amp;biw=1349&amp;bih=625&amp;scr_x=0&amp;scr_y=1988&amp;eid=44759875%2C44759926%2C44759842%2C31071756%2C31071854&amp;oid=2&amp;pvsid=1908842222299570&amp;tmod=782386731&amp;uas=3&amp;nvt=1&amp;eae=0&amp;fc=1408&amp;brdim=0%2C0%2C0%2C0%2C1366%2C0%2C1366%2C728%2C1366%2C625&amp;vis=1&amp;rsz=%7C%7Cs%7C&amp;abl=NS&amp;fu=128&amp;bc=31&amp;ifi=3&amp;uci=a!3&amp;btvi=2&amp;fsb=1&amp;xpc=1vpBJZgdcN&amp;p=https%3A\/\/www.verdinhoitabuna.blog.br&amp;dtd=6880\" name=\"aswift_2\" width=\"651\" height=\"280\" frameborder=\"0\" marginwidth=\"0\" marginheight=\"0\" scrolling=\"no\" sandbox=\"allow-forms allow-popups allow-popups-to-escape-sandbox allow-same-origin allow-scripts allow-top-navigation-by-user-activation\" data-google-container-id=\"a!3\" data-google-query-id=\"CMzR9cru-_wCFV0JuQYdiskH1g\" data-load-complete=\"true\" data-mce-fragment=\"1\"><\/iframe><\/div>\n<p><\/ins><\/div>\n<p>Nos \u00faltimos dias, foram in\u00fameros os encontros com paciente, familiares e equipe m\u00e9dica, planejando todo o procedimento. \u201c\u00c9 um milagre. N\u00e3o t\u00ednhamos perspectiva da cirurgia nem mesmo em outro lugar por que ela \u00e9 muito cara. E ele a teve perto de casa, sem custo\u201d, revela Luana. Nesta ter\u00e7a-feira (03), pela manh\u00e3, o centro cir\u00fargico do hospital viveu um momento hist\u00f3rico. Realizou tr\u00eas interven\u00e7\u00f5es cir\u00fargicas ortop\u00e9dicas. Dentre elas, a primeira, a de Davi.<\/p>\n<p><b>LIMITES COM DIAS CONTADOS<\/b><\/p>\n<p>Luana, a m\u00e3e de Davi, lembra que durante todo este tempo em que lutou pela cirurgia do filho, ele estudou apenas dois anos em um ambiente f\u00edsico de escola. \u201cDavi aprendeu a ler e a escrever em casa, sozinho, sem professor. A sala de aula dele \u00e9 na cama. Quando tinha uma d\u00favida ele acionava a professora pelo celular\u201d, revela. Brincadeiras com as outras duas irm\u00e3s e com os amigos da rua, eram imposs\u00edveis de acontecer. \u201cVez por outra a gente colocava ele numa cadeira de rodas e levava rapidamente \u00e0 porta de casa\u201d, explica a m\u00e3e de Davi. Mas era sempre uma iniciativa tensa, por conta dos cuidados que todos precisavam ter.<\/p>\n<p>\u201cEle sofria muito. Toda vez que fraturava um osso ele me perguntava: por que isso s\u00f3 comigo? Eu tinha medo que tudo voltasse a acontecer\u201d, esclarece. Luana e Davi n\u00e3o v\u00eaem a hora de voltar a uma rotina de normalidade. \u201cDavi est\u00e1 feliz. Tem confian\u00e7a de que vai voltar a andar. O que ele quer mesmo \u00e9 ser uma crian\u00e7a normal. S\u00f3 isso\u201d, resume, emocionada.<\/p>\n<\/div>\n","protected":false},"excerpt":{"rendered":"<p>&nbsp; O pequeno Davi Santos Souza ganhou a oportunidade que o pai e o av\u00f4 n\u00e3o tiveram para lutar contra a mesma doen\u00e7a, a osteog\u00eanese imperfeita. O mal heredit\u00e1rio tamb\u00e9m \u00e9 conhecido como \u201cossos de vidro\u201d, segundo o m\u00e9dico ortopedista Gustavo Bahia, do Hospital Materno-Infantil Dr. Joaquim Sampaio, em Ilh\u00e9us. Internado na unidade, o menino [&hellip;]<\/p>\n","protected":false},"author":2,"featured_media":0,"comment_status":"open","ping_status":"open","sticky":false,"template":"","format":"standard","meta":{"_links_to":"","_links_to_target":""},"categories":[7,9,8,1],"tags":[],"_links":{"self":[{"href":"https:\/\/www.ilheusnoticias.net.br\/v1\/wp-json\/wp\/v2\/posts\/30889"}],"collection":[{"href":"https:\/\/www.ilheusnoticias.net.br\/v1\/wp-json\/wp\/v2\/posts"}],"about":[{"href":"https:\/\/www.ilheusnoticias.net.br\/v1\/wp-json\/wp\/v2\/types\/post"}],"author":[{"embeddable":true,"href":"https:\/\/www.ilheusnoticias.net.br\/v1\/wp-json\/wp\/v2\/users\/2"}],"replies":[{"embeddable":true,"href":"https:\/\/www.ilheusnoticias.net.br\/v1\/wp-json\/wp\/v2\/comments?post=30889"}],"version-history":[{"count":1,"href":"https:\/\/www.ilheusnoticias.net.br\/v1\/wp-json\/wp\/v2\/posts\/30889\/revisions"}],"predecessor-version":[{"id":30890,"href":"https:\/\/www.ilheusnoticias.net.br\/v1\/wp-json\/wp\/v2\/posts\/30889\/revisions\/30890"}],"wp:attachment":[{"href":"https:\/\/www.ilheusnoticias.net.br\/v1\/wp-json\/wp\/v2\/media?parent=30889"}],"wp:term":[{"taxonomy":"category","embeddable":true,"href":"https:\/\/www.ilheusnoticias.net.br\/v1\/wp-json\/wp\/v2\/categories?post=30889"},{"taxonomy":"post_tag","embeddable":true,"href":"https:\/\/www.ilheusnoticias.net.br\/v1\/wp-json\/wp\/v2\/tags?post=30889"}],"curies":[{"name":"wp","href":"https:\/\/api.w.org\/{rel}","templated":true}]}}