{"id":30887,"date":"2023-02-04T09:25:49","date_gmt":"2023-02-04T12:25:49","guid":{"rendered":"https:\/\/www.ilheusnoticias.net.br\/v1\/?p=30887"},"modified":"2023-02-04T09:25:49","modified_gmt":"2023-02-04T12:25:49","slug":"mais-de-10-mil-aposentados-e-pensionistas-sao-convocados-para-prova-de-vida-no-mes-de-fevereiro-saiba-como-fazer","status":"publish","type":"post","link":"https:\/\/www.ilheusnoticias.net.br\/v1\/2023\/02\/04\/mais-de-10-mil-aposentados-e-pensionistas-sao-convocados-para-prova-de-vida-no-mes-de-fevereiro-saiba-como-fazer\/","title":{"rendered":"Mais de 10 mil aposentados e pensionistas s\u00e3o convocados para prova de vida no m\u00eas de fevereiro; saiba como fazer"},"content":{"rendered":"<div class=\"row content-head non-featured \">\n<div class=\"title\" data-block-type=\"title\" data-block-id=\"0\">\n<h1 class=\"content-head__title\"><span style=\"font-size: 16px;\">Aniversariantes de fevereiro t\u00eam at\u00e9 o fim do m\u00eas para fazer o procedimento sem correr o risco de ter seus benef\u00edcios suspensos.<\/span><\/h1>\n<\/div>\n<\/div>\n<div class=\"content__signa-share\">\n<div class=\"content__signature\">\n<div class=\"content-publication-data\">\n<div class=\"content-publication-data__text\">\n<p class=\"content-publication-data__from\" title=\"g1 BA\">Por g1 BA<\/p>\n<\/div>\n<\/div>\n<\/div>\n<\/div>\n<div class=\"mc-article-body\">\n<article>\n<div id=\"chunk-cktu6\">\n<div class=\"row medium-uncollapsed content-media content-photo\" data-block-type=\"backstage-photo\" data-block-id=\"1\">\n<div class=\"mc-column content-media__container\">\n<div class=\"content-media-container glb-skeleton-box\">\n<figure class=\"content-media-figure\"><img loading=\"lazy\" class=\"i-amphtml-fill-content i-amphtml-replaced-content\" src=\"https:\/\/s2.glbimg.com\/PpxaeKKK2YPPNzaBr4rw98mW6Xk=\/0x0:779x659\/984x0\/smart\/filters:strip_icc()\/i.s3.glbimg.com\/v1\/AUTH_59edd422c0c84a879bd37670ae4f538a\/internal_photos\/bs\/2023\/Y\/L\/HJhd31SSSg9isS7vgFkw\/1639674871whatsapp-image-20211216-at-14.03.17.jpeg\" sizes=\"(max-width: 1366px) 648px, 100vw\" srcset=\"https:\/\/s2.glbimg.com\/6P8HFelMs8KheqTj-9N_JVWRIjg=\/0x0:779x659\/1000x0\/smart\/filters:strip_icc()\/i.s3.glbimg.com\/v1\/AUTH_59edd422c0c84a879bd37670ae4f538a\/internal_photos\/bs\/2023\/Y\/L\/HJhd31SSSg9isS7vgFkw\/1639674871whatsapp-image-20211216-at-14.03.17.jpeg 1000w, https:\/\/s2.glbimg.com\/PpxaeKKK2YPPNzaBr4rw98mW6Xk=\/0x0:779x659\/984x0\/smart\/filters:strip_icc()\/i.s3.glbimg.com\/v1\/AUTH_59edd422c0c84a879bd37670ae4f538a\/internal_photos\/bs\/2023\/Y\/L\/HJhd31SSSg9isS7vgFkw\/1639674871whatsapp-image-20211216-at-14.03.17.jpeg 984w, https:\/\/s2.glbimg.com\/qOQjoPd5TRKNanWRx-Mi123d3Xk=\/0x0:779x659\/640x0\/smart\/filters:strip_icc()\/i.s3.glbimg.com\/v1\/AUTH_59edd422c0c84a879bd37670ae4f538a\/internal_photos\/bs\/2023\/Y\/L\/HJhd31SSSg9isS7vgFkw\/1639674871whatsapp-image-20211216-at-14.03.17.jpeg 640w, https:\/\/s2.glbimg.com\/gEjlIm0fwBYTk9xZHMfzU3ImCp0=\/0x0:779x659\/600x0\/smart\/filters:strip_icc()\/i.s3.glbimg.com\/v1\/AUTH_59edd422c0c84a879bd37670ae4f538a\/internal_photos\/bs\/2023\/Y\/L\/HJhd31SSSg9isS7vgFkw\/1639674871whatsapp-image-20211216-at-14.03.17.jpeg 600w\" alt=\"Mais de 10 mil aposentados e pensionistas s\u00e3o convocados para prova de vida no m\u00eas de fevereiro \u2014 Foto: Divulga\u00e7\u00e3o\/Saeb\" width=\"406\" height=\"343\" \/><\/figure>\n<\/div>\n<p class=\"content-media__description \">Mais de 10 mil aposentados e pensionistas s\u00e3o convocados para prova de vida no m\u00eas de fevereiro \u2014 Foto: Divulga\u00e7\u00e3o\/Saeb<\/p>\n<p class=\"content-media__description \"><span style=\"font-family: inherit; font-size: inherit; font-style: inherit; font-variant-ligatures: inherit; font-variant-caps: inherit; font-weight: inherit; text-align: center;\">A Superintend\u00eancia de Previd\u00eancia da Bahia (Suprev) convocou os aposentados e pensionistas que fazem anivers\u00e1rio ao longo do m\u00eas de fevereiro para realizar a prova de vida. Foram chamados 10.290 benefici\u00e1rios do Poder Executivo Estadual e 335 servidores inativos do Minist\u00e9rio P\u00fablico e do Tribunal de Justi\u00e7a.<\/span><\/p>\n<\/div>\n<\/div>\n<\/div>\n<div class=\"wall protected-content\">\n<div id=\"chunk-9tijg\">\n<div class=\"mc-column content-text active-extra-styles \" data-block-type=\"unstyled\" data-block-weight=\"23\" data-block-id=\"4\">\n<p class=\"content-text__container \" data-track-category=\"Link no Texto\" data-track-links=\"\">O grupo tem at\u00e9 28 de fevereiro para realizar o procedimento e n\u00e3o correr o risco de ter o seu benef\u00edcio suspenso.<\/p>\n<\/div>\n<\/div>\n<div id=\"chunk-2beqa\">\n<div class=\"mc-column content-text active-extra-styles \" data-block-type=\"unstyled\" data-block-weight=\"32\" data-block-id=\"5\">\n<p class=\"content-text__container \" data-track-category=\"Link no Texto\" data-track-links=\"\">Em paralelo, a Previd\u00eancia Estadual faz um alerta tamb\u00e9m aos 2.235 benefici\u00e1rios aniversariantes de janeiro que ainda n\u00e3o atenderam ao chamado e podem ter seus pagamentos interrompidos a qualquer momento.<\/p>\n<\/div>\n<\/div>\n<\/div>\n<\/article>\n<\/div>\n","protected":false},"excerpt":{"rendered":"<p>Aniversariantes de fevereiro t\u00eam at\u00e9 o fim do m\u00eas para fazer o procedimento sem correr o risco de ter seus benef\u00edcios suspensos. Por g1 BA Mais de 10 mil aposentados e pensionistas s\u00e3o convocados para prova de vida no m\u00eas de fevereiro \u2014 Foto: Divulga\u00e7\u00e3o\/Saeb A Superintend\u00eancia de Previd\u00eancia da Bahia (Suprev) convocou os aposentados [&hellip;]<\/p>\n","protected":false},"author":2,"featured_media":0,"comment_status":"open","ping_status":"open","sticky":false,"template":"","format":"standard","meta":{"_links_to":"","_links_to_target":""},"categories":[7,9,8,1],"tags":[],"_links":{"self":[{"href":"https:\/\/www.ilheusnoticias.net.br\/v1\/wp-json\/wp\/v2\/posts\/30887"}],"collection":[{"href":"https:\/\/www.ilheusnoticias.net.br\/v1\/wp-json\/wp\/v2\/posts"}],"about":[{"href":"https:\/\/www.ilheusnoticias.net.br\/v1\/wp-json\/wp\/v2\/types\/post"}],"author":[{"embeddable":true,"href":"https:\/\/www.ilheusnoticias.net.br\/v1\/wp-json\/wp\/v2\/users\/2"}],"replies":[{"embeddable":true,"href":"https:\/\/www.ilheusnoticias.net.br\/v1\/wp-json\/wp\/v2\/comments?post=30887"}],"version-history":[{"count":1,"href":"https:\/\/www.ilheusnoticias.net.br\/v1\/wp-json\/wp\/v2\/posts\/30887\/revisions"}],"predecessor-version":[{"id":30888,"href":"https:\/\/www.ilheusnoticias.net.br\/v1\/wp-json\/wp\/v2\/posts\/30887\/revisions\/30888"}],"wp:attachment":[{"href":"https:\/\/www.ilheusnoticias.net.br\/v1\/wp-json\/wp\/v2\/media?parent=30887"}],"wp:term":[{"taxonomy":"category","embeddable":true,"href":"https:\/\/www.ilheusnoticias.net.br\/v1\/wp-json\/wp\/v2\/categories?post=30887"},{"taxonomy":"post_tag","embeddable":true,"href":"https:\/\/www.ilheusnoticias.net.br\/v1\/wp-json\/wp\/v2\/tags?post=30887"}],"curies":[{"name":"wp","href":"https:\/\/api.w.org\/{rel}","templated":true}]}}