{"id":30885,"date":"2023-02-04T09:22:39","date_gmt":"2023-02-04T12:22:39","guid":{"rendered":"https:\/\/www.ilheusnoticias.net.br\/v1\/?p=30885"},"modified":"2023-02-04T09:22:39","modified_gmt":"2023-02-04T12:22:39","slug":"cao-farejador-da-prf-encontra-cocaina-escondida-em-bagagens-de-onibus-na-br-116","status":"publish","type":"post","link":"https:\/\/www.ilheusnoticias.net.br\/v1\/2023\/02\/04\/cao-farejador-da-prf-encontra-cocaina-escondida-em-bagagens-de-onibus-na-br-116\/","title":{"rendered":"C\u00e3o farejador da PRF encontra coca\u00edna escondida em bagagens de \u00f4nibus na BR-116"},"content":{"rendered":"<div class=\"row content-head non-featured \">\n<div class=\"title\" data-block-type=\"title\" data-block-id=\"0\">\n<h1 class=\"content-head__title\"><span style=\"font-size: 16px;\">Droga havia sido despachada em bagagem para ser entregue em Olindina, cidade baiana que fica a cerca de 280 km de Salvador.<\/span><\/h1>\n<\/div>\n<\/div>\n<div class=\"content__signa-share\">\n<div class=\"content__signature\">\n<div class=\"content-publication-data\">\n<div class=\"content-publication-data__text\">\n<p class=\"content-publication-data__from\" title=\"g1 BA\">Por g1 BA<\/p>\n<\/div>\n<\/div>\n<\/div>\n<\/div>\n<div class=\"mc-article-body\">\n<article>\n<div id=\"chunk-5f1ca\">\n<div class=\"row medium-uncollapsed content-media content-photo\" data-block-type=\"backstage-photo\" data-block-id=\"1\">\n<div class=\"mc-column content-media__container\">\n<div class=\"content-media-container glb-skeleton-box\">\n<figure class=\"content-media-figure\"><img loading=\"lazy\" class=\"i-amphtml-fill-content i-amphtml-replaced-content\" src=\"https:\/\/s2.glbimg.com\/jefn3rblXHOdDdyR1LJnL5jMnqU=\/0x68:576x636\/984x0\/smart\/filters:strip_icc()\/i.s3.glbimg.com\/v1\/AUTH_59edd422c0c84a879bd37670ae4f538a\/internal_photos\/bs\/2023\/E\/x\/8rBbARQreemamjS71WAA\/5bfd6f40-c4c0-4f85-953b-9b7917957077.jpeg\" sizes=\"(max-width: 1366px) 648px, 100vw\" srcset=\"https:\/\/s2.glbimg.com\/hekYtRORZLXYDPZe992B1XOCa6o=\/0x68:576x636\/1000x0\/smart\/filters:strip_icc()\/i.s3.glbimg.com\/v1\/AUTH_59edd422c0c84a879bd37670ae4f538a\/internal_photos\/bs\/2023\/E\/x\/8rBbARQreemamjS71WAA\/5bfd6f40-c4c0-4f85-953b-9b7917957077.jpeg 1000w, https:\/\/s2.glbimg.com\/jefn3rblXHOdDdyR1LJnL5jMnqU=\/0x68:576x636\/984x0\/smart\/filters:strip_icc()\/i.s3.glbimg.com\/v1\/AUTH_59edd422c0c84a879bd37670ae4f538a\/internal_photos\/bs\/2023\/E\/x\/8rBbARQreemamjS71WAA\/5bfd6f40-c4c0-4f85-953b-9b7917957077.jpeg 984w, https:\/\/s2.glbimg.com\/9JRoBw2lL8wKrRE2l3N-52A4fxE=\/0x68:576x636\/640x0\/smart\/filters:strip_icc()\/i.s3.glbimg.com\/v1\/AUTH_59edd422c0c84a879bd37670ae4f538a\/internal_photos\/bs\/2023\/E\/x\/8rBbARQreemamjS71WAA\/5bfd6f40-c4c0-4f85-953b-9b7917957077.jpeg 640w, https:\/\/s2.glbimg.com\/NxQDwpKtKmz5XQbYH-yiAiSr1mM=\/0x68:576x636\/600x0\/smart\/filters:strip_icc()\/i.s3.glbimg.com\/v1\/AUTH_59edd422c0c84a879bd37670ae4f538a\/internal_photos\/bs\/2023\/E\/x\/8rBbARQreemamjS71WAA\/5bfd6f40-c4c0-4f85-953b-9b7917957077.jpeg 600w\" alt=\"C\u00e3o farejador da PRF encontra coca\u00edna escondida em bagagens de \u00f4nibus na BR-116 \u2014 Foto: Divulga\u00e7\u00e3o\/PRF\" width=\"193\" height=\"190\" \/><\/figure>\n<\/div>\n<p class=\"content-media__description \">C\u00e3o farejador da PRF encontra coca\u00edna escondida em bagagens de \u00f4nibus na BR-116 \u2014 Foto: Divulga\u00e7\u00e3o\/PRF<\/p>\n<\/div>\n<\/div>\n<\/div>\n<div id=\"chunk-bdnij\">\n<div class=\"mc-column content-text active-extra-styles \" data-block-type=\"unstyled\" data-block-weight=\"35\" data-block-id=\"3\">\n<p class=\"content-text__container \" data-track-category=\"Link no Texto\" data-track-links=\"\">Um c\u00e3o farejador da Pol\u00edcia Rodovi\u00e1ria Federal (PRF) encontrou cerca de dois quilos de coca\u00edna dentro da bagagem dele, em um \u00f4nibus na BR-116, no trecho da cidade de\u00a0<a href=\"https:\/\/g1.globo.com\/ba\/bahia\/cidade\/vitoria-da-conquista\/\">Vit\u00f3ria da Conquista<\/a>, sudoeste da Bahia.<\/p>\n<\/div>\n<\/div>\n<div class=\"wall protected-content\">\n<div id=\"chunk-9fmar\">\n<div class=\"mc-column content-text active-extra-styles \" data-block-type=\"unstyled\" data-block-weight=\"34\" data-block-id=\"4\">\n<p class=\"content-text__container \" data-track-category=\"Link no Texto\" data-track-links=\"\">O caso aconteceu no final da tarde de sexta-feira (3), no trecho do km 830. A pol\u00edcia parou o ve\u00edculo, que havia sa\u00eddo de\u00a0<a href=\"https:\/\/g1.globo.com\/sp\/sao-paulo\/cidade\/sao-paulo\/\">S\u00e3o Paulo<\/a>\u00a0com destino a\u00a0<a href=\"https:\/\/g1.globo.com\/se\/sergipe\/cidade\/aracaju\/\">Aracaju<\/a>, para fazer uma fiscaliza\u00e7\u00e3o.<\/p>\n<\/div>\n<\/div>\n<div id=\"chunk-143cj\">\n<div class=\"mc-column content-text active-extra-styles \" data-block-type=\"unstyled\" data-block-weight=\"34\" data-block-id=\"5\">\n<p class=\"content-text__container \" data-track-category=\"Link no Texto\" data-track-links=\"\">Durante a vistoria \u00e0s bagagens, um dos c\u00e3es da PRF sinalizaram aos agentes que havia droga dentro de um compartimento de papel\u00e3o. Ao abrirem o material, os policiais encontraram os tabletes de coca\u00edna.<\/p>\n<p class=\"content-text__container \" data-track-category=\"Link no Texto\" data-track-links=\"\"><span style=\"font-family: inherit; font-size: inherit; font-style: inherit; font-variant-ligatures: inherit; font-variant-caps: inherit; font-weight: inherit; text-align: center;\">Questionado pela presen\u00e7a da droga no coletivo, o motorista informou que a bagagem foi embarcada na capital paulista e que o destino final da encomenda seria a cidade de <\/span><a style=\"font-family: inherit; font-size: inherit; font-style: inherit; font-variant-ligatures: inherit; font-variant-caps: inherit; font-weight: inherit; text-align: center;\" href=\"https:\/\/g1.globo.com\/ba\/bahia\/cidade\/olindina\/\">Olindina<\/a><span style=\"font-family: inherit; font-size: inherit; font-style: inherit; font-variant-ligatures: inherit; font-variant-caps: inherit; font-weight: inherit; text-align: center;\">, que fica a cerca de 280 km de\u00a0<\/span><a style=\"font-family: inherit; font-size: inherit; font-style: inherit; font-variant-ligatures: inherit; font-variant-caps: inherit; font-weight: inherit; text-align: center;\" href=\"https:\/\/g1.globo.com\/ba\/bahia\/cidade\/salvador\/\">Salvador<\/a><span style=\"font-family: inherit; font-size: inherit; font-style: inherit; font-variant-ligatures: inherit; font-variant-caps: inherit; font-weight: inherit; text-align: center;\">, e a pouco mais de 175 km da capital sergipana, destino do \u00f4nibus.<\/span><\/p>\n<\/div>\n<\/div>\n<div id=\"chunk-63kes\">\n<div class=\"mc-column content-text active-extra-styles \" data-block-type=\"unstyled\" data-block-weight=\"24\" data-block-id=\"8\">\n<p class=\"content-text__container \" data-track-category=\"Link no Texto\" data-track-links=\"\">A droga foi levada para a Delegacia de Vit\u00f3ria da Conquista e a Pol\u00edcia Civil vai investigar quem despachou a coca\u00edna no coletivo.<\/p>\n<\/div>\n<\/div>\n<\/div>\n<\/article>\n<\/div>\n","protected":false},"excerpt":{"rendered":"<p>Droga havia sido despachada em bagagem para ser entregue em Olindina, cidade baiana que fica a cerca de 280 km de Salvador. Por g1 BA C\u00e3o farejador da PRF encontra coca\u00edna escondida em bagagens de \u00f4nibus na BR-116 \u2014 Foto: Divulga\u00e7\u00e3o\/PRF Um c\u00e3o farejador da Pol\u00edcia Rodovi\u00e1ria Federal (PRF) encontrou cerca de dois quilos de [&hellip;]<\/p>\n","protected":false},"author":2,"featured_media":0,"comment_status":"open","ping_status":"open","sticky":false,"template":"","format":"standard","meta":{"_links_to":"","_links_to_target":""},"categories":[7,9,8,1],"tags":[],"_links":{"self":[{"href":"https:\/\/www.ilheusnoticias.net.br\/v1\/wp-json\/wp\/v2\/posts\/30885"}],"collection":[{"href":"https:\/\/www.ilheusnoticias.net.br\/v1\/wp-json\/wp\/v2\/posts"}],"about":[{"href":"https:\/\/www.ilheusnoticias.net.br\/v1\/wp-json\/wp\/v2\/types\/post"}],"author":[{"embeddable":true,"href":"https:\/\/www.ilheusnoticias.net.br\/v1\/wp-json\/wp\/v2\/users\/2"}],"replies":[{"embeddable":true,"href":"https:\/\/www.ilheusnoticias.net.br\/v1\/wp-json\/wp\/v2\/comments?post=30885"}],"version-history":[{"count":1,"href":"https:\/\/www.ilheusnoticias.net.br\/v1\/wp-json\/wp\/v2\/posts\/30885\/revisions"}],"predecessor-version":[{"id":30886,"href":"https:\/\/www.ilheusnoticias.net.br\/v1\/wp-json\/wp\/v2\/posts\/30885\/revisions\/30886"}],"wp:attachment":[{"href":"https:\/\/www.ilheusnoticias.net.br\/v1\/wp-json\/wp\/v2\/media?parent=30885"}],"wp:term":[{"taxonomy":"category","embeddable":true,"href":"https:\/\/www.ilheusnoticias.net.br\/v1\/wp-json\/wp\/v2\/categories?post=30885"},{"taxonomy":"post_tag","embeddable":true,"href":"https:\/\/www.ilheusnoticias.net.br\/v1\/wp-json\/wp\/v2\/tags?post=30885"}],"curies":[{"name":"wp","href":"https:\/\/api.w.org\/{rel}","templated":true}]}}