{"id":30881,"date":"2023-02-04T09:14:36","date_gmt":"2023-02-04T12:14:36","guid":{"rendered":"https:\/\/www.ilheusnoticias.net.br\/v1\/?p=30881"},"modified":"2023-02-04T09:14:36","modified_gmt":"2023-02-04T12:14:36","slug":"itacare-jeronimo-rodrigues-faz-lancamento-oficial-do-carnaval-do-interior-do-estado","status":"publish","type":"post","link":"https:\/\/www.ilheusnoticias.net.br\/v1\/2023\/02\/04\/itacare-jeronimo-rodrigues-faz-lancamento-oficial-do-carnaval-do-interior-do-estado\/","title":{"rendered":"Itacar\u00e9, Jer\u00f4nimo Rodrigues faz lan\u00e7amento oficial do Carnaval do interior do estado"},"content":{"rendered":"<div class=\"PostHeaderIcons metadata-icons\"><img loading=\"lazy\" class=\"\" src=\"http:\/\/www.blogdothame.blog.br\/v1\/wp-content\/uploads\/2023\/01\/Jeronimo-Rodrigues.jpeg\" width=\"297\" height=\"198\" \/><\/div>\n<div class=\"PostContent\">\n<p>O governador Jer\u00f4nimo Rodrigues, ao lado do vice-governador Geraldo J\u00fanior e de secret\u00e1rios estaduais, participa neste s\u00e1bado (4), \u00e0s 18h, do an\u00fancio de investimentos do Governo da Bahia para o Carnaval 2023 no interior do estado. O evento ser\u00e1 realizado no Hotel Aldeia do Mar, em Itacar\u00e9, um dos munic\u00edpios com programa\u00e7\u00e3o especial na festa mais conhecida da Bahia.<\/p>\n<p>&nbsp;<\/p>\n<p>O ato vai promover a\u00e7\u00f5es estaduais do Carnaval no interior ap\u00f3s dois anos de suspens\u00e3o da festa por causa da pandemia da covid-19.<\/p>\n<\/div>\n","protected":false},"excerpt":{"rendered":"<p>O governador Jer\u00f4nimo Rodrigues, ao lado do vice-governador Geraldo J\u00fanior e de secret\u00e1rios estaduais, participa neste s\u00e1bado (4), \u00e0s 18h, do an\u00fancio de investimentos do Governo da Bahia para o Carnaval 2023 no interior do estado. O evento ser\u00e1 realizado no Hotel Aldeia do Mar, em Itacar\u00e9, um dos munic\u00edpios com programa\u00e7\u00e3o especial na festa [&hellip;]<\/p>\n","protected":false},"author":2,"featured_media":0,"comment_status":"open","ping_status":"open","sticky":false,"template":"","format":"standard","meta":{"_links_to":"","_links_to_target":""},"categories":[7,9,8,1],"tags":[],"_links":{"self":[{"href":"https:\/\/www.ilheusnoticias.net.br\/v1\/wp-json\/wp\/v2\/posts\/30881"}],"collection":[{"href":"https:\/\/www.ilheusnoticias.net.br\/v1\/wp-json\/wp\/v2\/posts"}],"about":[{"href":"https:\/\/www.ilheusnoticias.net.br\/v1\/wp-json\/wp\/v2\/types\/post"}],"author":[{"embeddable":true,"href":"https:\/\/www.ilheusnoticias.net.br\/v1\/wp-json\/wp\/v2\/users\/2"}],"replies":[{"embeddable":true,"href":"https:\/\/www.ilheusnoticias.net.br\/v1\/wp-json\/wp\/v2\/comments?post=30881"}],"version-history":[{"count":1,"href":"https:\/\/www.ilheusnoticias.net.br\/v1\/wp-json\/wp\/v2\/posts\/30881\/revisions"}],"predecessor-version":[{"id":30882,"href":"https:\/\/www.ilheusnoticias.net.br\/v1\/wp-json\/wp\/v2\/posts\/30881\/revisions\/30882"}],"wp:attachment":[{"href":"https:\/\/www.ilheusnoticias.net.br\/v1\/wp-json\/wp\/v2\/media?parent=30881"}],"wp:term":[{"taxonomy":"category","embeddable":true,"href":"https:\/\/www.ilheusnoticias.net.br\/v1\/wp-json\/wp\/v2\/categories?post=30881"},{"taxonomy":"post_tag","embeddable":true,"href":"https:\/\/www.ilheusnoticias.net.br\/v1\/wp-json\/wp\/v2\/tags?post=30881"}],"curies":[{"name":"wp","href":"https:\/\/api.w.org\/{rel}","templated":true}]}}