{"id":30879,"date":"2023-02-04T09:12:19","date_gmt":"2023-02-04T12:12:19","guid":{"rendered":"https:\/\/www.ilheusnoticias.net.br\/v1\/?p=30879"},"modified":"2023-02-04T09:12:19","modified_gmt":"2023-02-04T12:12:19","slug":"visita-do-ministro-de-portos-e-aeroportos-a-ilheus-e-adiada-informa-prefeitura","status":"publish","type":"post","link":"https:\/\/www.ilheusnoticias.net.br\/v1\/2023\/02\/04\/visita-do-ministro-de-portos-e-aeroportos-a-ilheus-e-adiada-informa-prefeitura\/","title":{"rendered":"Visita do ministro de Portos e Aeroportos a Ilh\u00e9us \u00e9 adiada, informa Prefeitura"},"content":{"rendered":"<p class=\"ds_chamada\">M\u00e1rcio Fran\u00e7a visitaria a cidade nesta ter\u00e7a-feira (7), a convite do prefeito M\u00e1rio Alexandre e do vice-prefeito Bebeto Galv\u00e3o<\/p>\n<div class=\"imagem thumbnail col-xs-12 col-sm-8 col-md-6 col-lg-6 imagem-materia\"><a class=\"fresco\" title=\"\" href=\"https:\/\/portalfacilarquivos.blob.core.windows.net\/uploads\/ILHEUS\/imgOrig\/%7B36DA582A-AECA-4864-CBBA-A3BAEECAD45B%7D.jpg\" data-fresco-caption=\"\"><img loading=\"lazy\" class=\"\" title=\"\" src=\"https:\/\/portalfacilarquivos.blob.core.windows.net\/uploads\/ILHEUS\/img\/%7B36DA582A-AECA-4864-CBBA-A3BAEECAD45B%7D\/%7B36DA582A-AECA-4864-CBBA-A3BAEECAD45B%7D_650X450.jpg\" alt=\"m\u00e1rcio fran\u00e7a; ministro; portos e aeroportos\" width=\"438\" height=\"303\" \/><\/a><\/p>\n<p class=\"bg-primary\">A viagem do ministro de Portos e Aeroportos a Ilh\u00e9us foi adiada para os pr\u00f3ximos dias, de acordo com informa\u00e7\u00f5es repassadas \u00e0 Prefeitura. M\u00e1rcio Fran\u00e7a visitaria a cidade nesta ter\u00e7a-feira (7), a convite do prefeito M\u00e1rio Alexandre e do vice-prefeito Bebeto Galv\u00e3o. O motivo do adiamento foi em raz\u00e3o de altera\u00e7\u00f5es na agenda ministerial. A nova data ainda deve ser definida.<\/p>\n<\/div>\n<p>O ministro vem ao munic\u00edpio para vistoriar o Aeroporto Jorge Amado, em atendimento ao pleito do poder p\u00fablico local no que se refere \u00e0 infraestrutura do terminal. A demanda inclui a instala\u00e7\u00e3o e opera\u00e7\u00e3o por instrumento que garante seguran\u00e7a em pouso e decolagens, permitindo o recebimento de aeronaves de grande porte.<\/p>\n<p>Fran\u00e7a tamb\u00e9m vai visitar o Porto do Malhado, que tem recebido apenas dragagem de manuten\u00e7\u00e3o, a exemplo da \u00faltima realizada pela Companhia das Docas do Estado da Bahia (CODEBA). \u201cN\u00f3s precisamos de uma dragagem de aprofundamento do canal, visando navios de grande porte e amplia\u00e7\u00e3o de toda a log\u00edstica\u201d, explicou Bebeto.<\/p>\n<p>Na ocasi\u00e3o, o ministro tamb\u00e9m vai verificar a constru\u00e7\u00e3o do Porto Sul e avaliar o andamento das obras do complexo intermodal, que impactam social e economicamente toda a regi\u00e3o.<\/p>\n<p>Quando assumiu o comando da pasta, M\u00e1rcio Fran\u00e7a declarou que sua gest\u00e3o ser\u00e1 pautada pelo di\u00e1logo com categorias de trabalhadores de portos e aeroportos do pa\u00eds, reiterando que vai atuar na administra\u00e7\u00e3o de 35 portos p\u00fablicos, mais de 200 terminais privados, al\u00e9m da fiscaliza\u00e7\u00e3o de aeroportos, aer\u00f3dromos e helipontos.<\/p>\n","protected":false},"excerpt":{"rendered":"<p>M\u00e1rcio Fran\u00e7a visitaria a cidade nesta ter\u00e7a-feira (7), a convite do prefeito M\u00e1rio Alexandre e do vice-prefeito Bebeto Galv\u00e3o A viagem do ministro de Portos e Aeroportos a Ilh\u00e9us foi adiada para os pr\u00f3ximos dias, de acordo com informa\u00e7\u00f5es repassadas \u00e0 Prefeitura. M\u00e1rcio Fran\u00e7a visitaria a cidade nesta ter\u00e7a-feira (7), a convite do prefeito M\u00e1rio [&hellip;]<\/p>\n","protected":false},"author":2,"featured_media":0,"comment_status":"open","ping_status":"open","sticky":false,"template":"","format":"standard","meta":{"_links_to":"","_links_to_target":""},"categories":[7,9,8,1],"tags":[],"_links":{"self":[{"href":"https:\/\/www.ilheusnoticias.net.br\/v1\/wp-json\/wp\/v2\/posts\/30879"}],"collection":[{"href":"https:\/\/www.ilheusnoticias.net.br\/v1\/wp-json\/wp\/v2\/posts"}],"about":[{"href":"https:\/\/www.ilheusnoticias.net.br\/v1\/wp-json\/wp\/v2\/types\/post"}],"author":[{"embeddable":true,"href":"https:\/\/www.ilheusnoticias.net.br\/v1\/wp-json\/wp\/v2\/users\/2"}],"replies":[{"embeddable":true,"href":"https:\/\/www.ilheusnoticias.net.br\/v1\/wp-json\/wp\/v2\/comments?post=30879"}],"version-history":[{"count":1,"href":"https:\/\/www.ilheusnoticias.net.br\/v1\/wp-json\/wp\/v2\/posts\/30879\/revisions"}],"predecessor-version":[{"id":30880,"href":"https:\/\/www.ilheusnoticias.net.br\/v1\/wp-json\/wp\/v2\/posts\/30879\/revisions\/30880"}],"wp:attachment":[{"href":"https:\/\/www.ilheusnoticias.net.br\/v1\/wp-json\/wp\/v2\/media?parent=30879"}],"wp:term":[{"taxonomy":"category","embeddable":true,"href":"https:\/\/www.ilheusnoticias.net.br\/v1\/wp-json\/wp\/v2\/categories?post=30879"},{"taxonomy":"post_tag","embeddable":true,"href":"https:\/\/www.ilheusnoticias.net.br\/v1\/wp-json\/wp\/v2\/tags?post=30879"}],"curies":[{"name":"wp","href":"https:\/\/api.w.org\/{rel}","templated":true}]}}