{"id":30877,"date":"2023-02-04T09:10:53","date_gmt":"2023-02-04T12:10:53","guid":{"rendered":"https:\/\/www.ilheusnoticias.net.br\/v1\/?p=30877"},"modified":"2023-02-04T09:10:53","modified_gmt":"2023-02-04T12:10:53","slug":"prefeitura-de-ilheus-reativa-conselho-de-transporte-e-dialoga-sobre-demandas-do-setor","status":"publish","type":"post","link":"https:\/\/www.ilheusnoticias.net.br\/v1\/2023\/02\/04\/prefeitura-de-ilheus-reativa-conselho-de-transporte-e-dialoga-sobre-demandas-do-setor\/","title":{"rendered":"Prefeitura de Ilh\u00e9us reativa Conselho de Transporte e dialoga sobre demandas do setor"},"content":{"rendered":"<p class=\"ds_chamada\">Na ocasi\u00e3o, foi realizada a elei\u00e7\u00e3o para escolha dos membros respons\u00e1veis por conduzir os trabalhos, em cumprimento \u00e0 legisla\u00e7\u00e3o<\/p>\n<div class=\"imagem thumbnail col-xs-12 col-sm-8 col-md-6 col-lg-6 imagem-materia\"><a class=\"fresco\" title=\"\" href=\"https:\/\/portalfacilarquivos.blob.core.windows.net\/uploads\/ILHEUS\/imgOrig\/%7B76CB50E5-C8EC-DC2E-6CD3-A0BA0DE8BDDC%7D.jpeg\" data-fresco-caption=\"\"><img loading=\"lazy\" class=\"\" title=\"\" src=\"https:\/\/portalfacilarquivos.blob.core.windows.net\/uploads\/ILHEUS\/img\/%7B76CB50E5-C8EC-DC2E-6CD3-A0BA0DE8BDDC%7D\/%7B76CB50E5-C8EC-DC2E-6CD3-A0BA0DE8BDDC%7D_650X450.jpeg\" alt=\"transito\" width=\"355\" height=\"246\" \/><\/a><\/div>\n<div class=\"imagem thumbnail col-xs-12 col-sm-8 col-md-6 col-lg-6 imagem-materia\">Por determina\u00e7\u00e3o do prefeito M\u00e1rio Alexandre, representantes do Executivo e do setor de transporte se reuniram na \u00faltima segunda-feira (30) para dialogar sobre a atual situa\u00e7\u00e3o do transporte p\u00fablico no munic\u00edpio. A pauta girou em torno das principais demandas apresentadas para garantir o bom funcionamento do servi\u00e7o, bem como uma atua\u00e7\u00e3o en\u00e9rgica, tendo em vista as mudan\u00e7as necess\u00e1rias ao sistema de transporte coletivo.<\/div>\n<p>Na ocasi\u00e3o, foi realizada a elei\u00e7\u00e3o para escolha dos membros respons\u00e1veis por conduzir os trabalhos, em cumprimento \u00e0 legisla\u00e7\u00e3o. Sancionada em 2018, a Lei n\u00ba 3.979, que altera Lei n\u00b0 3.730\/2015, estabelece fun\u00e7\u00f5es inerentes ao \u00f3rg\u00e3o, cujas modifica\u00e7\u00f5es acrescentam car\u00e1ter de assessoria e deliberativo, sem direito a remunera\u00e7\u00e3o por suas atividades, \u00e0s compet\u00eancias atribu\u00eddas ao Conselho Municipal de Tr\u00e2nsito e Transporte (COMUTRAN).<\/p>\n<p>O COMUTRAN \u00e9 incumbido de atuar em todas as \u00e1reas de transporte e tr\u00e2nsito do munic\u00edpio. Durante a reuni\u00e3o, a nova diretoria foi eleita e tomou posse para o bi\u00eanio 2023-2024, tendo Jailson Nascimento no cargo de presidente, Hermano Fahning como vice-presidente e Fernanda Reis \u00e0 frente da secretaria.<\/p>\n<p>\u201cA reativa\u00e7\u00e3o do Conselho Municipal de Transporte de Ilh\u00e9us \u00e9 crucial, porque muitas coisas est\u00e3o acontecendo na cidade e precisam ser discutidas pelas entidades de classe e associa\u00e7\u00f5es. O prefeito M\u00e1rio Alexandre tem esse olhar atento e se preocupa em oferecer um servi\u00e7o de qualidade \u00e0 popula\u00e7\u00e3o\u201d, disse Jailson Nascimento.<\/p>\n<p>Na pr\u00f3xima semana ser\u00e1 convocada nova reuni\u00e3o do COMUTRAN, dando in\u00edcio \u00e0s atividades. O presidente reitera que a partir de agora as necessidades do munic\u00edpio ser\u00e3o discutidas e avaliadas em prol de melhoria da circula\u00e7\u00e3o do transporte p\u00fablico em todas as localidades. \u201cAl\u00e9m de ser uma ferramenta de participa\u00e7\u00e3o de todos os setores da sociedade nos debates sobre transporte, o conselho ser\u00e1 recriado sem \u00f4nus para a administra\u00e7\u00e3o p\u00fablica\u201d.<\/p>\n<p>Participaram do encontro os secret\u00e1rios \u00c1tila Docio (Infraestrutura); Mozart Arag\u00e3o (Casa Civil); o assessor t\u00e9cnico especial, Diego Danton; e representantes das empresas de transporte p\u00fablico do munic\u00edpio e demais entidades ligadas ao setor.<\/p>\n","protected":false},"excerpt":{"rendered":"<p>Na ocasi\u00e3o, foi realizada a elei\u00e7\u00e3o para escolha dos membros respons\u00e1veis por conduzir os trabalhos, em cumprimento \u00e0 legisla\u00e7\u00e3o Por determina\u00e7\u00e3o do prefeito M\u00e1rio Alexandre, representantes do Executivo e do setor de transporte se reuniram na \u00faltima segunda-feira (30) para dialogar sobre a atual situa\u00e7\u00e3o do transporte p\u00fablico no munic\u00edpio. A pauta girou em torno [&hellip;]<\/p>\n","protected":false},"author":2,"featured_media":0,"comment_status":"open","ping_status":"open","sticky":false,"template":"","format":"standard","meta":{"_links_to":"","_links_to_target":""},"categories":[7,9,8,1],"tags":[],"_links":{"self":[{"href":"https:\/\/www.ilheusnoticias.net.br\/v1\/wp-json\/wp\/v2\/posts\/30877"}],"collection":[{"href":"https:\/\/www.ilheusnoticias.net.br\/v1\/wp-json\/wp\/v2\/posts"}],"about":[{"href":"https:\/\/www.ilheusnoticias.net.br\/v1\/wp-json\/wp\/v2\/types\/post"}],"author":[{"embeddable":true,"href":"https:\/\/www.ilheusnoticias.net.br\/v1\/wp-json\/wp\/v2\/users\/2"}],"replies":[{"embeddable":true,"href":"https:\/\/www.ilheusnoticias.net.br\/v1\/wp-json\/wp\/v2\/comments?post=30877"}],"version-history":[{"count":1,"href":"https:\/\/www.ilheusnoticias.net.br\/v1\/wp-json\/wp\/v2\/posts\/30877\/revisions"}],"predecessor-version":[{"id":30878,"href":"https:\/\/www.ilheusnoticias.net.br\/v1\/wp-json\/wp\/v2\/posts\/30877\/revisions\/30878"}],"wp:attachment":[{"href":"https:\/\/www.ilheusnoticias.net.br\/v1\/wp-json\/wp\/v2\/media?parent=30877"}],"wp:term":[{"taxonomy":"category","embeddable":true,"href":"https:\/\/www.ilheusnoticias.net.br\/v1\/wp-json\/wp\/v2\/categories?post=30877"},{"taxonomy":"post_tag","embeddable":true,"href":"https:\/\/www.ilheusnoticias.net.br\/v1\/wp-json\/wp\/v2\/tags?post=30877"}],"curies":[{"name":"wp","href":"https:\/\/api.w.org\/{rel}","templated":true}]}}