{"id":30873,"date":"2023-02-02T08:57:46","date_gmt":"2023-02-02T11:57:46","guid":{"rendered":"https:\/\/www.ilheusnoticias.net.br\/v1\/?p=30873"},"modified":"2023-02-02T08:57:46","modified_gmt":"2023-02-02T11:57:46","slug":"jeronimo-rodrigues-participa-da-posse-dos-deputados-eleitos-para-a-assembleia-legislativa-da-bahia","status":"publish","type":"post","link":"https:\/\/www.ilheusnoticias.net.br\/v1\/2023\/02\/02\/jeronimo-rodrigues-participa-da-posse-dos-deputados-eleitos-para-a-assembleia-legislativa-da-bahia\/","title":{"rendered":"Jer\u00f4nimo Rodrigues participa da posse dos deputados eleitos para a Assembleia Legislativa da Bahia"},"content":{"rendered":"<div class=\"Post\">\n<div class=\"Post-body\">\n<div class=\"Post-inner article\"><\/div>\n<\/div>\n<\/div>\n<div class=\"Post\">\n<div class=\"Post-body\">\n<div class=\"Post-inner article\">\n<div class=\"PostHeaderIcons metadata-icons\"><img loading=\"lazy\" class=\"\" src=\"http:\/\/www.blogdothame.blog.br\/v1\/wp-content\/uploads\/2023\/02\/assembleia-jer-22.jpg\" width=\"357\" height=\"238\" \/><\/div>\n<div class=\"PostContent\">\n<p>\u201cPol\u00edtica se faz com gesto. A vinda aqui fortalece o que a diz a Constitui\u00e7\u00e3o. Os poderes s\u00e3o aut\u00f4nomos e precisam andar bem articulados\u201d, declarou Jer\u00f4nimo Rodrigues, governador da Bahia, durante participa\u00e7\u00e3o na cerim\u00f4nia de posse dos deputados estaduais eleitos. Jer\u00f4nimo foi recebido pelo presidente da Assembleia Legislativa da Bahia (Alba), Adolfo Menezes, nesta quarta-feira (1\u00ba), para a 1\u00aa Sess\u00e3o Solene da casa, de abertura da 20\u00aa Legislatura, na qual foram empossados os 63 deputados estaduais eleitos em outubro, ap\u00f3s assumirem o compromisso de obedecer \u00e0s constitui\u00e7\u00f5es federal e estadual, al\u00e9m de promover o bem geral do Estado, respeitando as suas leis.\u201cDa mesma forma que os deputados e esta casa me nomearam, me deram o cargo de governador no dia 1\u00ba de janeiro, eu vim aqui hoje retribuir, desejar boa sorte, fazer o gesto de desejar boa sorte a cada um dos deputados e deputadas, como, daqui a pouco, \u00e0s mesas diretoras e \u00e0s comiss\u00f5es de trabalho\u201d, afirmou o governador.<\/p>\n<\/div>\n<\/div>\n<\/div>\n<\/div>\n","protected":false},"excerpt":{"rendered":"<p>\u201cPol\u00edtica se faz com gesto. A vinda aqui fortalece o que a diz a Constitui\u00e7\u00e3o. Os poderes s\u00e3o aut\u00f4nomos e precisam andar bem articulados\u201d, declarou Jer\u00f4nimo Rodrigues, governador da Bahia, durante participa\u00e7\u00e3o na cerim\u00f4nia de posse dos deputados estaduais eleitos. Jer\u00f4nimo foi recebido pelo presidente da Assembleia Legislativa da Bahia (Alba), Adolfo Menezes, nesta quarta-feira [&hellip;]<\/p>\n","protected":false},"author":2,"featured_media":0,"comment_status":"open","ping_status":"open","sticky":false,"template":"","format":"standard","meta":{"_links_to":"","_links_to_target":""},"categories":[7,9,8,1],"tags":[],"_links":{"self":[{"href":"https:\/\/www.ilheusnoticias.net.br\/v1\/wp-json\/wp\/v2\/posts\/30873"}],"collection":[{"href":"https:\/\/www.ilheusnoticias.net.br\/v1\/wp-json\/wp\/v2\/posts"}],"about":[{"href":"https:\/\/www.ilheusnoticias.net.br\/v1\/wp-json\/wp\/v2\/types\/post"}],"author":[{"embeddable":true,"href":"https:\/\/www.ilheusnoticias.net.br\/v1\/wp-json\/wp\/v2\/users\/2"}],"replies":[{"embeddable":true,"href":"https:\/\/www.ilheusnoticias.net.br\/v1\/wp-json\/wp\/v2\/comments?post=30873"}],"version-history":[{"count":1,"href":"https:\/\/www.ilheusnoticias.net.br\/v1\/wp-json\/wp\/v2\/posts\/30873\/revisions"}],"predecessor-version":[{"id":30874,"href":"https:\/\/www.ilheusnoticias.net.br\/v1\/wp-json\/wp\/v2\/posts\/30873\/revisions\/30874"}],"wp:attachment":[{"href":"https:\/\/www.ilheusnoticias.net.br\/v1\/wp-json\/wp\/v2\/media?parent=30873"}],"wp:term":[{"taxonomy":"category","embeddable":true,"href":"https:\/\/www.ilheusnoticias.net.br\/v1\/wp-json\/wp\/v2\/categories?post=30873"},{"taxonomy":"post_tag","embeddable":true,"href":"https:\/\/www.ilheusnoticias.net.br\/v1\/wp-json\/wp\/v2\/tags?post=30873"}],"curies":[{"name":"wp","href":"https:\/\/api.w.org\/{rel}","templated":true}]}}