{"id":30864,"date":"2023-02-01T08:19:47","date_gmt":"2023-02-01T11:19:47","guid":{"rendered":"https:\/\/www.ilheusnoticias.net.br\/v1\/?p=30864"},"modified":"2023-02-01T08:19:47","modified_gmt":"2023-02-01T11:19:47","slug":"sinebahia-oferece-600-vagas-para-cursos-online-e-gratuitos-de-capacitacao-profissional","status":"publish","type":"post","link":"https:\/\/www.ilheusnoticias.net.br\/v1\/2023\/02\/01\/sinebahia-oferece-600-vagas-para-cursos-online-e-gratuitos-de-capacitacao-profissional\/","title":{"rendered":"SineBahia oferece 600 vagas para cursos online e gratuitos de capacita\u00e7\u00e3o profissional"},"content":{"rendered":"<div class=\"row content-head non-featured \">\n<div class=\"title\" data-block-type=\"title\" data-block-id=\"0\">\n<h1 class=\"content-head__title\"><span style=\"font-size: 16px;\">Interessados devem preencher, at\u00e9 o dia 6 de fevereiro, um formul\u00e1rio de inscri\u00e7\u00e3o dispon\u00edveis na internet.<\/span><\/h1>\n<\/div>\n<\/div>\n<div class=\"content__signa-share\">\n<div class=\"content__signature\">\n<div class=\"content-publication-data\">\n<div class=\"content-publication-data__text\">\n<p class=\"content-publication-data__from\" title=\"g1 BA \">Por g1 BA<\/p>\n<p class=\"content-publication-data__updated\"><img loading=\"lazy\" class=\"i-amphtml-fill-content i-amphtml-replaced-content\" src=\"https:\/\/s2.glbimg.com\/xPnBhg3bvGjvRlk1HHRlJCXy4TM=\/0x0:6240x4160\/984x0\/smart\/filters:strip_icc()\/i.s3.glbimg.com\/v1\/AUTH_59edd422c0c84a879bd37670ae4f538a\/internal_photos\/bs\/2020\/A\/v\/qrdBPiRKSdN9QJdTNauQ\/adobestock-316253397.jpeg\" sizes=\"(max-width: 1366px) 648px, 100vw\" srcset=\"https:\/\/s2.glbimg.com\/CQ68LbXaOcDCmBZ_KGU6by748xw=\/0x0:6240x4160\/1000x0\/smart\/filters:strip_icc()\/i.s3.glbimg.com\/v1\/AUTH_59edd422c0c84a879bd37670ae4f538a\/internal_photos\/bs\/2020\/A\/v\/qrdBPiRKSdN9QJdTNauQ\/adobestock-316253397.jpeg 1000w, https:\/\/s2.glbimg.com\/xPnBhg3bvGjvRlk1HHRlJCXy4TM=\/0x0:6240x4160\/984x0\/smart\/filters:strip_icc()\/i.s3.glbimg.com\/v1\/AUTH_59edd422c0c84a879bd37670ae4f538a\/internal_photos\/bs\/2020\/A\/v\/qrdBPiRKSdN9QJdTNauQ\/adobestock-316253397.jpeg 984w, https:\/\/s2.glbimg.com\/XsS7A711KqNXPGoIxhu8DfQ994M=\/0x0:6240x4160\/640x0\/smart\/filters:strip_icc()\/i.s3.glbimg.com\/v1\/AUTH_59edd422c0c84a879bd37670ae4f538a\/internal_photos\/bs\/2020\/A\/v\/qrdBPiRKSdN9QJdTNauQ\/adobestock-316253397.jpeg 640w, https:\/\/s2.glbimg.com\/O8QNCp6uTZCK88g69cl7VEiaycs=\/0x0:6240x4160\/600x0\/smart\/filters:strip_icc()\/i.s3.glbimg.com\/v1\/AUTH_59edd422c0c84a879bd37670ae4f538a\/internal_photos\/bs\/2020\/A\/v\/qrdBPiRKSdN9QJdTNauQ\/adobestock-316253397.jpeg 600w\" alt=\"AdobeStock \u2014 Foto: AdobeStock\" width=\"338\" height=\"225\" \/><\/p>\n<\/div>\n<\/div>\n<\/div>\n<\/div>\n<div class=\"mc-article-body\">\n<article>\n<div id=\"chunk-f5dbb\">\n<div class=\"row medium-uncollapsed content-media content-photo\" data-block-type=\"backstage-photo\" data-block-id=\"1\">\n<div class=\"mc-column content-media__container\">\n<p class=\"content-media__description \">AdobeStock \u2014 Foto: AdobeStock<\/p>\n<\/div>\n<\/div>\n<\/div>\n<div id=\"chunk-7fvum\">\n<div class=\"mc-column mc-side-item__container\" data-block-type=\"ads\" data-block-id=\"2\">\n<div class=\"mc-side-item mc-side-item--right content-ads content-ads--side-ad\">\n<div id=\"banner_materia1\" class=\"tag-manager-publicidade-container tag-manager-publicidade-banner_materia1 tag-manager-publicidade-container--carregado tag-manager-publicidade-container--visivel\" data-google-query-id=\"CJO1oLOZ9PwCFVFMuAQdcEAFgw\">\n<div id=\"google_ads_iframe_\/95377733\/tvg_G1\/Sua_Regiao&gt;Nordeste&gt;Bahia_0__container__\" style=\"box-sizing: inherit; margin: auto; padding: 0px; border: 0pt none; font: inherit; vertical-align: initial; text-align: center; width: 300px; height: 250px;\"><iframe id=\"google_ads_iframe_\/95377733\/tvg_G1\/Sua_Regiao&gt;Nordeste&gt;Bahia_0\" style=\"box-sizing: inherit; margin: 0px; padding: 0px; border: 0px; font: inherit; vertical-align: bottom;\" tabindex=\"0\" title=\"3rd party ad content\" role=\"region\" name=\"google_ads_iframe_\/95377733\/tvg_G1\/Sua_Regiao&gt;Nordeste&gt;Bahia_0\" width=\"300\" height=\"250\" frameborder=\"0\" marginwidth=\"0\" marginheight=\"0\" scrolling=\"no\" aria-label=\"Advertisement\" data-load-complete=\"true\" data-google-container-id=\"1\" data-mce-fragment=\"1\"><\/iframe><\/div>\n<\/div>\n<\/div>\n<\/div>\n<\/div>\n<div id=\"chunk-a9l12\">\n<div class=\"mc-column content-text active-extra-styles \" data-block-type=\"unstyled\" data-block-weight=\"35\" data-block-id=\"3\">\n<p class=\"content-text__container \" data-track-category=\"Link no Texto\" data-track-links=\"\">O SineBahia, \u00f3rg\u00e3o estadual de intermedia\u00e7\u00e3o de m\u00e3o-de-obra, est\u00e1 com inscri\u00e7\u00f5es abertas para 600 vagas em cursos e palestras de capacita\u00e7\u00e3o profissionais. Interessados devem preencher, at\u00e9 o dia 6 de fevereiro, um\u00a0<a href=\"https:\/\/outlook.office.com\/mail\/safelink.html?url=https:\/\/forms.office.com\/r\/peCyBBzVUd&amp;corid=e315ffbe-04b1-7247-f08c-2723e5932712\" target=\"_blank\" rel=\"noopener\">formul\u00e1rio de inscri\u00e7\u00e3o.<\/a><\/p>\n<\/div>\n<\/div>\n<div class=\"wall protected-content\">\n<div id=\"chunk-gsm8\">\n<div class=\"mc-column content-text active-extra-styles \" data-block-type=\"unstyled\" data-block-weight=\"29\" data-block-id=\"4\">\n<p class=\"content-text__container \" data-track-category=\"Link no Texto\" data-track-links=\"\">As atividades s\u00e3o gratuitas e ser\u00e3o realizadas \u00e0 dist\u00e2ncia. As confirma\u00e7\u00f5es das inscri\u00e7\u00f5es ser\u00e3o informadas atrav\u00e9s do e-mail cadastrado na pr\u00e9-inscri\u00e7\u00e3o. Os participantes podem residir em qualquer cidade baiana.<\/p>\n<\/div>\n<\/div>\n<div id=\"chunk-o0s4\">\n<div class=\"mc-column content-text active-extra-styles \" data-block-type=\"unstyled\" data-block-weight=\"44\" data-block-id=\"5\">\n<p class=\"content-text__container \" data-track-category=\"Link no Texto\" data-track-links=\"\">Os cursos s\u00e3o de Orat\u00f3ria, Atendimento ao P\u00fablico e Libras e as palestras com os temas Orienta\u00e7\u00e3o para o Trabalho, Empregabilidade, Empregabilidade para as Mulheres, Compet\u00eancias Socioemocionais no Mercado de Trabalho, Fevereiro Roxo &#8211; Doen\u00e7as Cr\u00f4nicas e Fevereiro Laranja &#8211; Doen\u00e7as do Sangue<\/p>\n<\/div>\n<\/div>\n<div id=\"chunk-9m7fk\">\n<div class=\"mc-column content-text active-extra-styles \" data-block-type=\"unstyled\" data-block-weight=\"34\" data-block-id=\"7\">\n<p class=\"content-text__container \" data-track-category=\"Link no Texto\" data-track-links=\"\">E as palestras com os temas Orienta\u00e7\u00e3o para o Trabalho, Empregabilidade, Empregabilidade para as Mulheres, Compet\u00eancias Socioemocionais no Mercado de Trabalho, Fevereiro Roxo &#8211; Doen\u00e7as Cr\u00f4nicas e Fevereiro Laranja &#8211; Doen\u00e7as do Sangue.<\/p>\n<\/div>\n<\/div>\n<div class=\"mc-column content-text active-extra-styles\" data-block-type=\"raw\" data-block-weight=\"1\" data-block-id=\"8\">\n<div class=\"content-intertitle\">\n<h2>Cursos<\/h2>\n<\/div>\n<\/div>\n<div class=\"mc-column content-text active-extra-styles\" data-block-type=\"raw\" data-block-weight=\"5\" data-block-id=\"9\">\n<ul class=\"content-unordered-list\">\n<li>Orat\u00f3ria<\/li>\n<li>Atendimento ao P\u00fablico<\/li>\n<li>Libras<\/li>\n<\/ul>\n<p>&nbsp;<\/p>\n<\/div>\n<div class=\"mc-column content-text active-extra-styles\" data-block-type=\"raw\" data-block-weight=\"1\" data-block-id=\"10\">\n<p class=\"content-text__container\">\n<div class=\"content-intertitle\">\n<h2>Palestras:<\/h2>\n<\/div>\n<p>&nbsp;<\/p>\n<\/div>\n<div class=\"mc-column content-text active-extra-styles\" data-block-type=\"raw\" data-block-weight=\"24\" data-block-id=\"11\">\n<p class=\"content-text__container\">\n<ul class=\"content-unordered-list\">\n<li>Orienta\u00e7\u00e3o para o Trabalho<\/li>\n<li>Empregabilidade<\/li>\n<li>Empregabilidade para as mulheres<\/li>\n<li>Compet\u00eancias socioemocionais no mercado de trabalho<\/li>\n<li>Fevereiro roxo<\/li>\n<li>Doen\u00e7as Cr\u00f4nicas<\/li>\n<li>Fevereiro Laranja<\/li>\n<li>Doen\u00e7as do Sangue<\/li>\n<\/ul>\n<\/div>\n<\/div>\n<\/article>\n<\/div>\n","protected":false},"excerpt":{"rendered":"<p>Interessados devem preencher, at\u00e9 o dia 6 de fevereiro, um formul\u00e1rio de inscri\u00e7\u00e3o dispon\u00edveis na internet. Por g1 BA AdobeStock \u2014 Foto: AdobeStock O SineBahia, \u00f3rg\u00e3o estadual de intermedia\u00e7\u00e3o de m\u00e3o-de-obra, est\u00e1 com inscri\u00e7\u00f5es abertas para 600 vagas em cursos e palestras de capacita\u00e7\u00e3o profissionais. Interessados devem preencher, at\u00e9 o dia 6 de fevereiro, um\u00a0formul\u00e1rio [&hellip;]<\/p>\n","protected":false},"author":2,"featured_media":0,"comment_status":"open","ping_status":"open","sticky":false,"template":"","format":"standard","meta":{"_links_to":"","_links_to_target":""},"categories":[7,9,8,1],"tags":[],"_links":{"self":[{"href":"https:\/\/www.ilheusnoticias.net.br\/v1\/wp-json\/wp\/v2\/posts\/30864"}],"collection":[{"href":"https:\/\/www.ilheusnoticias.net.br\/v1\/wp-json\/wp\/v2\/posts"}],"about":[{"href":"https:\/\/www.ilheusnoticias.net.br\/v1\/wp-json\/wp\/v2\/types\/post"}],"author":[{"embeddable":true,"href":"https:\/\/www.ilheusnoticias.net.br\/v1\/wp-json\/wp\/v2\/users\/2"}],"replies":[{"embeddable":true,"href":"https:\/\/www.ilheusnoticias.net.br\/v1\/wp-json\/wp\/v2\/comments?post=30864"}],"version-history":[{"count":1,"href":"https:\/\/www.ilheusnoticias.net.br\/v1\/wp-json\/wp\/v2\/posts\/30864\/revisions"}],"predecessor-version":[{"id":30865,"href":"https:\/\/www.ilheusnoticias.net.br\/v1\/wp-json\/wp\/v2\/posts\/30864\/revisions\/30865"}],"wp:attachment":[{"href":"https:\/\/www.ilheusnoticias.net.br\/v1\/wp-json\/wp\/v2\/media?parent=30864"}],"wp:term":[{"taxonomy":"category","embeddable":true,"href":"https:\/\/www.ilheusnoticias.net.br\/v1\/wp-json\/wp\/v2\/categories?post=30864"},{"taxonomy":"post_tag","embeddable":true,"href":"https:\/\/www.ilheusnoticias.net.br\/v1\/wp-json\/wp\/v2\/tags?post=30864"}],"curies":[{"name":"wp","href":"https:\/\/api.w.org\/{rel}","templated":true}]}}