{"id":30861,"date":"2023-02-01T08:14:28","date_gmt":"2023-02-01T11:14:28","guid":{"rendered":"https:\/\/www.ilheusnoticias.net.br\/v1\/?p=30861"},"modified":"2023-02-01T08:14:28","modified_gmt":"2023-02-01T11:14:28","slug":"gas-de-cozinha-sofre-primeiro-reajuste-do-ano-na-bahia-com-aumento-de-82","status":"publish","type":"post","link":"https:\/\/www.ilheusnoticias.net.br\/v1\/2023\/02\/01\/gas-de-cozinha-sofre-primeiro-reajuste-do-ano-na-bahia-com-aumento-de-82\/","title":{"rendered":"G\u00e1s de cozinha sofre primeiro reajuste do ano na Bahia com aumento de 8,2%"},"content":{"rendered":"<div class=\"row content-head non-featured \">\n<div class=\"title\" data-block-type=\"title\" data-block-id=\"0\">\n<h1 class=\"content-head__title\"><span style=\"font-size: 16px;\">Reajuste passa a valer a partir de quarta-feira (1\u00ba) e botij\u00e3o deve fica at\u00e9 R$ 7 mais caro.<\/span><\/h1>\n<\/div>\n<\/div>\n<div class=\"content__signa-share\">\n<div class=\"content__signature\">\n<div class=\"content-publication-data\">\n<div class=\"content-publication-data__text\">\n<p class=\"content-publication-data__from\" title=\"g1 BA\">Por g1 BA<\/p>\n<\/div>\n<\/div>\n<\/div>\n<\/div>\n<div class=\"mc-article-body\">\n<article>\n<div id=\"chunk-92fo6\">\n<div class=\"bs-video-block mc-column  content-media content-video\" data-block-type=\"backstage-video\" data-block-id=\"1\">\n<div class=\"content-media__container\">\n<div class=\"content-video__bigger-player-description-fixer\">\n<article class=\"content-video\">\n<section class=\"content-video__video-container\">\n<div class=\"content-video__video\">\n<div id=\"wp3-player-2\" class=\"clappr-player\" tabindex=\"9999\" data-player=\"\">\n<div class=\"media-control media-control-hide h720 w960\">\n<div class=\"media-control-panel\">\n<div class=\"media-control-panel__lower\" data-controls=\"\">\n<div class=\"opposites-container\">\n<div class=\"media-control-position__right\">G\u00e1s de cozinha tem primeiro aumento do ano<\/div>\n<\/div>\n<\/div>\n<\/div>\n<\/div>\n<\/div>\n<\/div>\n<\/section>\n<\/article>\n<\/div>\n<\/div>\n<\/div>\n<\/div>\n<div id=\"chunk-3vbik\">\n<div class=\"mc-column content-text active-extra-styles \" data-block-type=\"unstyled\" data-block-weight=\"34\" data-block-id=\"3\">\n<p class=\"content-text__container \" data-track-category=\"Link no Texto\" data-track-links=\"\">O pre\u00e7o do g\u00e1s de cozinha teve reajuste de 8,2% e o aumento passa a valer a partir de quarta-feira (1\u00ba), conforme informou em nota a Acelen, empresa que administra a Refinaria Mataripe.<\/p>\n<\/div>\n<\/div>\n<div class=\"wall protected-content\">\n<div id=\"chunk-dki6t\">\n<div class=\"mc-column content-text active-extra-styles \" data-block-type=\"unstyled\" data-block-weight=\"27\" data-block-id=\"4\">\n<p class=\"content-text__container \" data-track-category=\"Link no Texto\" data-track-links=\"\">Este \u00e9 o primeiro reajuste do g\u00e1s no ano e vai deixar o botij\u00e3o de g\u00e1s em torno de R$ 5 a R$ 7 mais caro.<\/p>\n<\/div>\n<\/div>\n<div id=\"chunk-1n6gh\">\n<div class=\"mc-column content-text active-extra-styles \" data-block-type=\"unstyled\" data-block-weight=\"35\" data-block-id=\"5\">\n<p class=\"content-text__container \" data-track-category=\"Link no Texto\" data-track-links=\"\">A Acelen informou ainda que que os pre\u00e7os dos combust\u00edveis produzidos na refinaria seguem crit\u00e9rios de mercado, que levam em considera\u00e7\u00e3o vari\u00e1veis como custo do petr\u00f3leo, que \u00e9 adquirido a pre\u00e7os internacionais, d\u00f3lar e frete.<\/p>\n<\/div>\n<\/div>\n<div id=\"chunk-8bvtb\">\n<div class=\"mc-column content-text active-extra-styles \" data-block-type=\"unstyled\" data-block-weight=\"21\" data-block-id=\"6\">\n<p class=\"content-text__container \" data-track-category=\"Link no Texto\" data-track-links=\"\">A empresa detalhou que acredita em uma pol\u00edtica transparente, amparada por crit\u00e9rios t\u00e9cnicos, em conson\u00e2ncia com as pr\u00e1ticas internacionais de mercado.<\/p>\n<\/div>\n<\/div>\n<div id=\"chunk-40pbo\">\n<div class=\"row medium-uncollapsed content-media content-photo\" data-block-type=\"backstage-photo\" data-block-id=\"8\">\n<div class=\"mc-column content-media__container\">\n<div class=\"content-media-container glb-skeleton-box\">\n<figure class=\"content-media-figure\"><img class=\"i-amphtml-fill-content i-amphtml-replaced-content\" src=\"https:\/\/s2.glbimg.com\/AX8pNKrDtlV1VvDv1eOHf7Vv_wQ=\/0x0:2560x1707\/984x0\/smart\/filters:strip_icc()\/i.s3.glbimg.com\/v1\/AUTH_59edd422c0c84a879bd37670ae4f538a\/internal_photos\/bs\/2021\/6\/f\/wV35m8Q9eOaRtVmuJ7Cg\/200506-gas-cozinha-niu-8872-scaled.jpg\" sizes=\"(max-width: 1366px) 648px, 100vw\" srcset=\"https:\/\/s2.glbimg.com\/IJyaSdtK0-UTff1jpNeJ3k06O8o=\/0x0:2560x1707\/1000x0\/smart\/filters:strip_icc()\/i.s3.glbimg.com\/v1\/AUTH_59edd422c0c84a879bd37670ae4f538a\/internal_photos\/bs\/2021\/6\/f\/wV35m8Q9eOaRtVmuJ7Cg\/200506-gas-cozinha-niu-8872-scaled.jpg 1000w, https:\/\/s2.glbimg.com\/AX8pNKrDtlV1VvDv1eOHf7Vv_wQ=\/0x0:2560x1707\/984x0\/smart\/filters:strip_icc()\/i.s3.glbimg.com\/v1\/AUTH_59edd422c0c84a879bd37670ae4f538a\/internal_photos\/bs\/2021\/6\/f\/wV35m8Q9eOaRtVmuJ7Cg\/200506-gas-cozinha-niu-8872-scaled.jpg 984w, https:\/\/s2.glbimg.com\/VimwO7o3ojszZ9d9yk45iU-5VJc=\/0x0:2560x1707\/640x0\/smart\/filters:strip_icc()\/i.s3.glbimg.com\/v1\/AUTH_59edd422c0c84a879bd37670ae4f538a\/internal_photos\/bs\/2021\/6\/f\/wV35m8Q9eOaRtVmuJ7Cg\/200506-gas-cozinha-niu-8872-scaled.jpg 640w, https:\/\/s2.glbimg.com\/Bg33_DybD8gVUPnEsrWtFaRw7F0=\/0x0:2560x1707\/600x0\/smart\/filters:strip_icc()\/i.s3.glbimg.com\/v1\/AUTH_59edd422c0c84a879bd37670ae4f538a\/internal_photos\/bs\/2021\/6\/f\/wV35m8Q9eOaRtVmuJ7Cg\/200506-gas-cozinha-niu-8872-scaled.jpg 600w\" alt=\"G\u00e1s de cozinha sofre primeiro reajuste do ano na Bahia \u2014 Foto: Nivia Uchoa\" \/><\/figure>\n<\/div>\n<p class=\"content-media__description \">G\u00e1s de cozinha sofre primeiro reajuste do ano na Bahia \u2014 Foto: Nivia Uchoa<\/p>\n<\/div>\n<\/div>\n<\/div>\n<\/div>\n<\/article>\n<\/div>\n","protected":false},"excerpt":{"rendered":"<p>Reajuste passa a valer a partir de quarta-feira (1\u00ba) e botij\u00e3o deve fica at\u00e9 R$ 7 mais caro. Por g1 BA G\u00e1s de cozinha tem primeiro aumento do ano O pre\u00e7o do g\u00e1s de cozinha teve reajuste de 8,2% e o aumento passa a valer a partir de quarta-feira (1\u00ba), conforme informou em nota a [&hellip;]<\/p>\n","protected":false},"author":2,"featured_media":0,"comment_status":"open","ping_status":"open","sticky":false,"template":"","format":"standard","meta":{"_links_to":"","_links_to_target":""},"categories":[7,9,8,1],"tags":[],"_links":{"self":[{"href":"https:\/\/www.ilheusnoticias.net.br\/v1\/wp-json\/wp\/v2\/posts\/30861"}],"collection":[{"href":"https:\/\/www.ilheusnoticias.net.br\/v1\/wp-json\/wp\/v2\/posts"}],"about":[{"href":"https:\/\/www.ilheusnoticias.net.br\/v1\/wp-json\/wp\/v2\/types\/post"}],"author":[{"embeddable":true,"href":"https:\/\/www.ilheusnoticias.net.br\/v1\/wp-json\/wp\/v2\/users\/2"}],"replies":[{"embeddable":true,"href":"https:\/\/www.ilheusnoticias.net.br\/v1\/wp-json\/wp\/v2\/comments?post=30861"}],"version-history":[{"count":1,"href":"https:\/\/www.ilheusnoticias.net.br\/v1\/wp-json\/wp\/v2\/posts\/30861\/revisions"}],"predecessor-version":[{"id":30862,"href":"https:\/\/www.ilheusnoticias.net.br\/v1\/wp-json\/wp\/v2\/posts\/30861\/revisions\/30862"}],"wp:attachment":[{"href":"https:\/\/www.ilheusnoticias.net.br\/v1\/wp-json\/wp\/v2\/media?parent=30861"}],"wp:term":[{"taxonomy":"category","embeddable":true,"href":"https:\/\/www.ilheusnoticias.net.br\/v1\/wp-json\/wp\/v2\/categories?post=30861"},{"taxonomy":"post_tag","embeddable":true,"href":"https:\/\/www.ilheusnoticias.net.br\/v1\/wp-json\/wp\/v2\/tags?post=30861"}],"curies":[{"name":"wp","href":"https:\/\/api.w.org\/{rel}","templated":true}]}}