{"id":30859,"date":"2023-02-01T08:10:19","date_gmt":"2023-02-01T11:10:19","guid":{"rendered":"https:\/\/www.ilheusnoticias.net.br\/v1\/?p=30859"},"modified":"2023-02-01T08:10:19","modified_gmt":"2023-02-01T11:10:19","slug":"ha-relatos-de-criancas-soltando-vermes-pela-boca-sonia-bridi-se-emociona-ao-descrever-aldeias-yanomami-ilhadas-pelo-garimpo","status":"publish","type":"post","link":"https:\/\/www.ilheusnoticias.net.br\/v1\/2023\/02\/01\/ha-relatos-de-criancas-soltando-vermes-pela-boca-sonia-bridi-se-emociona-ao-descrever-aldeias-yanomami-ilhadas-pelo-garimpo\/","title":{"rendered":"&#8216;H\u00e1 relatos de crian\u00e7as soltando vermes pela boca&#8217;: S\u00f4nia Bridi se emociona ao descrever aldeias Yanomami ilhadas pelo garimpo"},"content":{"rendered":"<div class=\"row content-head non-featured \">\n<div class=\"title\" data-block-type=\"title\" data-block-id=\"0\">\n<h1 class=\"content-head__title\"><span style=\"font-size: 16px;\">Jornalista tamb\u00e9m contou hist\u00f3ria por tr\u00e1s da foto em que aparece segurando uma crian\u00e7a ind\u00edgena nos bra\u00e7os.<\/span><\/h1>\n<\/div>\n<\/div>\n<div class=\"content__signa-share\">\n<div class=\"content__signature\">\n<div class=\"content-publication-data\">\n<div class=\"content-publication-data__text\">\n<p class=\"content-publication-data__from\" title=\"g1\">Por g1<\/p>\n<p class=\"content-publication-data__updated\"><a href=\"https:\/\/g1.globo.com\/podcast\/o-assunto\/noticia\/2023\/01\/24\/territorio-yanomami-tem-28-mil-indigenas-e-foi-tomado-por-mais-de-20-mil-garimpeiros-no-governo-bolsonaro.ghtml\">A maior reserva ind\u00edgena do Brasil em extens\u00e3o, o territ\u00f3rio Yanomami,\u00a0<\/a>tem sido palco de uma trag\u00e9dia humanit\u00e1ria, com a morte dos povos origin\u00e1rios, v\u00edtimas da desnutri\u00e7\u00e3o e da mal\u00e1ria \u2013 resultado da invas\u00e3o dos garimpeiros na regi\u00e3o.<\/p>\n<\/div>\n<\/div>\n<\/div>\n<\/div>\n<div class=\"mc-article-body\">\n<article>\n<div class=\"wall protected-content\">\n<div id=\"chunk-52n8e\">\n<div class=\"mc-column content-text active-extra-styles \" data-block-type=\"unstyled\" data-block-weight=\"17\" data-block-id=\"4\">\n<p class=\"content-text__container \" data-track-category=\"Link no Texto\" data-track-links=\"\">A jornalista S\u00f4nia Bridi detalha,\u00a0<a href=\"https:\/\/g1.globo.com\/podcast\/o-assunto\/noticia\/2023\/02\/01\/o-assunto-892-como-acabar-com-o-garimpo-na-terra-yanomami.ghtml\">em entrevista a Natuza Nery<\/a>, o cen\u00e1rio de desolamento na regi\u00e3o.<\/p>\n<\/div>\n<\/div>\n<div id=\"chunk-eea8u\">\n<div class=\"row medium-uncollapsed content-media content-photo\" data-block-type=\"backstage-photo\" data-block-id=\"5\">\n<div class=\"mc-column content-media__container\">\n<div class=\"content-media-container glb-skeleton-box\">\n<figure class=\"content-media-figure\"><img loading=\"lazy\" class=\"i-amphtml-fill-content i-amphtml-replaced-content\" src=\"https:\/\/s2.glbimg.com\/0zh_ISnCKUccwJy_gyvnNzeKszM=\/0x339:1094x1484\/984x0\/smart\/filters:strip_icc()\/i.s3.glbimg.com\/v1\/AUTH_59edd422c0c84a879bd37670ae4f538a\/internal_photos\/bs\/2023\/C\/m\/oWULSkS1GNUAobmP2RQQ\/fnvyrwuwyashdis.jpg\" sizes=\"(max-width: 1366px) 648px, 100vw\" srcset=\"https:\/\/s2.glbimg.com\/REQaTa8e_qkgmRMA3VGfNiv64hI=\/0x339:1094x1484\/1000x0\/smart\/filters:strip_icc()\/i.s3.glbimg.com\/v1\/AUTH_59edd422c0c84a879bd37670ae4f538a\/internal_photos\/bs\/2023\/C\/m\/oWULSkS1GNUAobmP2RQQ\/fnvyrwuwyashdis.jpg 1000w, https:\/\/s2.glbimg.com\/0zh_ISnCKUccwJy_gyvnNzeKszM=\/0x339:1094x1484\/984x0\/smart\/filters:strip_icc()\/i.s3.glbimg.com\/v1\/AUTH_59edd422c0c84a879bd37670ae4f538a\/internal_photos\/bs\/2023\/C\/m\/oWULSkS1GNUAobmP2RQQ\/fnvyrwuwyashdis.jpg 984w, https:\/\/s2.glbimg.com\/QkBIzxPBxDHZ6zkDHNg5M5uKQ4s=\/0x339:1094x1484\/640x0\/smart\/filters:strip_icc()\/i.s3.glbimg.com\/v1\/AUTH_59edd422c0c84a879bd37670ae4f538a\/internal_photos\/bs\/2023\/C\/m\/oWULSkS1GNUAobmP2RQQ\/fnvyrwuwyashdis.jpg 640w, https:\/\/s2.glbimg.com\/IFJVJQ8ZiGboHPGrOd3M6jSviVA=\/0x339:1094x1484\/600x0\/smart\/filters:strip_icc()\/i.s3.glbimg.com\/v1\/AUTH_59edd422c0c84a879bd37670ae4f538a\/internal_photos\/bs\/2023\/C\/m\/oWULSkS1GNUAobmP2RQQ\/fnvyrwuwyashdis.jpg 600w\" alt=\"S\u00f4nia Bridi  \u2014 Foto: Reprodu\u00e7\u00e3o: Fant\u00e1stico \" width=\"309\" height=\"323\" \/><\/figure>\n<\/div>\n<p class=\"content-media__description \">S\u00f4nia Bridi \u2014 Foto: Reprodu\u00e7\u00e3o: Fant\u00e1stico<\/p>\n<\/div>\n<\/div>\n<\/div>\n<div id=\"chunk-6g2bj\">\n<div class=\"mc-column content-text active-extra-styles \" data-block-type=\"unstyled\" data-block-weight=\"31\" data-block-id=\"7\">\n<p class=\"content-text__container \" data-track-category=\"Link no Texto\" data-track-links=\"\">&#8220;Desci em duas aldeias que estavam ilhadas pelo garimpo \u2013 n\u00e3o \u00e9 que o garimpo estava a 500 metros, 1 km da aldeia \u2013 estava dentro da aldeia&#8221;, descreve a rep\u00f3rter.<\/p>\n<\/div>\n<\/div>\n<div class=\"mc-column content-text active-extra-styles\" data-block-type=\"raw\" data-block-weight=\"28\" data-block-id=\"8\">\n<p class=\"content-text__container\">\n<blockquote class=\"content-blockquote theme-border-color-primary-before\"><p>&#8220;Eles [os garimpeiros] dizimaram toda a ca\u00e7a, que \u00e9 o recurso alimentar dos Yanomami&#8230; H\u00e1 relatos de crian\u00e7as soltando vermes pela boca e viol\u00eancia sexual contra as meninas.&#8221;<\/p><\/blockquote>\n<p>S\u00f4nia conta ainda a hist\u00f3ria <a href=\"https:\/\/g1.globo.com\/fantastico\/podcast\/isso-e-fantastico\/noticia\/2023\/01\/29\/isso-e-fantastico-o-testemunho-de-sonia-bridi-e-paulo-zero-sobre-a-tragedia-yanomami.ghtml\">da imagem na qual aparece carregando uma crian\u00e7a Yanomami nos bra\u00e7os.<\/a><\/p>\n<\/div>\n<div id=\"chunk-95hps\">\n<div class=\"mc-column content-text active-extra-styles \" data-block-type=\"unstyled\" data-block-weight=\"61\" data-block-id=\"10\">\n<p class=\"content-text__container \" data-track-category=\"Link no Texto\" data-track-links=\"\">&#8220;Foi me dando uma dor no cora\u00e7\u00e3o de pensar que a gente permitiu que isso acontecesse no nosso tempo no nosso pa\u00eds, debaixo da nossa guarda porque todos n\u00f3s, brasileiros, n\u00f3s somos respons\u00e1veis pelo que est\u00e1 acontecendo. A gente tem \u00e9 que agora juntar os peda\u00e7os e correr atr\u00e1s de resolver essa situa\u00e7\u00e3o e salvar os que est\u00e3o ainda l\u00e1.&#8221;<\/p>\n<\/div>\n<\/div>\n<\/div>\n<\/article>\n<\/div>\n","protected":false},"excerpt":{"rendered":"<p>Jornalista tamb\u00e9m contou hist\u00f3ria por tr\u00e1s da foto em que aparece segurando uma crian\u00e7a ind\u00edgena nos bra\u00e7os. Por g1 A maior reserva ind\u00edgena do Brasil em extens\u00e3o, o territ\u00f3rio Yanomami,\u00a0tem sido palco de uma trag\u00e9dia humanit\u00e1ria, com a morte dos povos origin\u00e1rios, v\u00edtimas da desnutri\u00e7\u00e3o e da mal\u00e1ria \u2013 resultado da invas\u00e3o dos garimpeiros na [&hellip;]<\/p>\n","protected":false},"author":2,"featured_media":0,"comment_status":"open","ping_status":"open","sticky":false,"template":"","format":"standard","meta":{"_links_to":"","_links_to_target":""},"categories":[7,9,8,1],"tags":[],"_links":{"self":[{"href":"https:\/\/www.ilheusnoticias.net.br\/v1\/wp-json\/wp\/v2\/posts\/30859"}],"collection":[{"href":"https:\/\/www.ilheusnoticias.net.br\/v1\/wp-json\/wp\/v2\/posts"}],"about":[{"href":"https:\/\/www.ilheusnoticias.net.br\/v1\/wp-json\/wp\/v2\/types\/post"}],"author":[{"embeddable":true,"href":"https:\/\/www.ilheusnoticias.net.br\/v1\/wp-json\/wp\/v2\/users\/2"}],"replies":[{"embeddable":true,"href":"https:\/\/www.ilheusnoticias.net.br\/v1\/wp-json\/wp\/v2\/comments?post=30859"}],"version-history":[{"count":1,"href":"https:\/\/www.ilheusnoticias.net.br\/v1\/wp-json\/wp\/v2\/posts\/30859\/revisions"}],"predecessor-version":[{"id":30860,"href":"https:\/\/www.ilheusnoticias.net.br\/v1\/wp-json\/wp\/v2\/posts\/30859\/revisions\/30860"}],"wp:attachment":[{"href":"https:\/\/www.ilheusnoticias.net.br\/v1\/wp-json\/wp\/v2\/media?parent=30859"}],"wp:term":[{"taxonomy":"category","embeddable":true,"href":"https:\/\/www.ilheusnoticias.net.br\/v1\/wp-json\/wp\/v2\/categories?post=30859"},{"taxonomy":"post_tag","embeddable":true,"href":"https:\/\/www.ilheusnoticias.net.br\/v1\/wp-json\/wp\/v2\/tags?post=30859"}],"curies":[{"name":"wp","href":"https:\/\/api.w.org\/{rel}","templated":true}]}}