{"id":30856,"date":"2023-02-01T08:04:48","date_gmt":"2023-02-01T11:04:48","guid":{"rendered":"https:\/\/www.ilheusnoticias.net.br\/v1\/?p=30856"},"modified":"2023-02-01T08:04:48","modified_gmt":"2023-02-01T11:04:48","slug":"primeiro-mes-do-governo-lula-tem-revogaco-de-medidas-adotadas-por-bolsonaro-veja","status":"publish","type":"post","link":"https:\/\/www.ilheusnoticias.net.br\/v1\/2023\/02\/01\/primeiro-mes-do-governo-lula-tem-revogaco-de-medidas-adotadas-por-bolsonaro-veja\/","title":{"rendered":"Primeiro m\u00eas do governo Lula tem &#8216;revoga\u00e7o&#8217; de medidas adotadas por Bolsonaro; veja"},"content":{"rendered":"<div class=\"row content-head non-featured \">\n<div class=\"title\" data-block-type=\"title\" data-block-id=\"0\">\n<h1 class=\"content-head__title\"><span style=\"font-size: 16px;\">Foram revogadas a\u00e7\u00f5es em \u00e1reas como sa\u00fade, educa\u00e7\u00e3o, meio ambiente, economia, transpar\u00eancia e seguran\u00e7a p\u00fablica.<\/span><\/h1>\n<\/div>\n<\/div>\n<div class=\"content__signa-share\">\n<div class=\"content__signature\">\n<div class=\"content-publication-data\">\n<div class=\"content-publication-data__text\">\n<p class=\"content-publication-data__from\" title=\"Filipe Matoso e Kevin Lima, g1\">Por Filipe Matoso e Kevin Lima, g1\u00a0\u2014 Bras\u00edlia<\/p>\n<\/div>\n<\/div>\n<\/div>\n<\/div>\n<div class=\"mc-article-body\">\n<article>\n<div id=\"chunk-2mpig\">\n<div class=\"mc-column content-text active-extra-styles active-capital-letter\" data-block-type=\"unstyled\" data-block-weight=\"40\" data-block-id=\"2\">\n<p class=\"content-text__container theme-color-primary-first-letter\" data-track-category=\"Link no Texto\" data-track-links=\"\">O governo do presidente Luiz In\u00e1cio\u00a0<a href=\"https:\/\/g1.globo.com\/politica\/politico\/lula\/\">Lula<\/a>\u00a0da Silva (PT) completa um m\u00eas nesta quarta-feira (1\u00ba) e, ao longo das \u00faltimas semanas, a nova gest\u00e3o promoveu uma s\u00e9rie de medidas a fim de revogar atos do governo\u00a0<a href=\"https:\/\/g1.globo.com\/politica\/politico\/jair-bolsonaro\/\">Jair Bolsonaro<\/a>\u00a0(PL).<\/p>\n<\/div>\n<\/div>\n<div class=\"wall protected-content\">\n<div id=\"chunk-eppv8\">\n<div class=\"mc-column content-text active-extra-styles \" data-block-type=\"unstyled\" data-block-weight=\"19\" data-block-id=\"3\">\n<p class=\"content-text__container \" data-track-category=\"Link no Texto\" data-track-links=\"\">Essas medidas foram adotadas em diversas \u00e1reas, entre as quais sa\u00fade, educa\u00e7\u00e3o, meio ambiente, economia, transpar\u00eancia e seguran\u00e7a p\u00fablica.<\/p>\n<\/div>\n<\/div>\n<div id=\"chunk-7qg3u\">\n<div class=\"mc-column content-text active-extra-styles \" data-block-type=\"unstyled\" data-block-weight=\"21\" data-block-id=\"4\">\n<p class=\"content-text__container \" data-track-category=\"Link no Texto\" data-track-links=\"\">Ainda durante a campanha eleitoral de 2022, o ent\u00e3o candidato Lula j\u00e1 havia dito que, se eleito, revogaria atos de Bolsonaro.<\/p>\n<\/div>\n<\/div>\n<div id=\"chunk-4imf6\">\n<div class=\"mc-column content-text active-extra-styles \" data-block-type=\"unstyled\" data-block-weight=\"52\" data-block-id=\"5\">\n<p class=\"content-text__container \" data-track-category=\"Link no Texto\" data-track-links=\"\">Lula costumava citar em seus discursos, por exemplo, o sigilo de 100 anos imposto pelo ent\u00e3o governo a uma s\u00e9rie de informa\u00e7\u00f5es, como os gastos do cart\u00e3o corporativo do presidente; as visitas \u00e0 ent\u00e3o primeira-dama, Michelle Bolsonaro; e ao processo administrativo sobre o ex-ministro da Sa\u00fade e atualmente deputado Eduardo Pazuello (PL-RJ).<\/p>\n<\/div>\n<\/div>\n<div id=\"chunk-abme9\">\n<div class=\"bs-video-block mc-column  content-media content-video\" data-block-type=\"backstage-video\" data-block-id=\"6\">\n<div class=\"content-media__container\">\n<div class=\"content-video__bigger-player-description-fixer\">\n<article class=\"content-video\">\n<section class=\"content-video__video-container\">\n<div class=\"content-video__video\">\n<div class=\"content-video__placeholder\" data-video-id=\"11246373\" data-video-has-viewport-play=\"True\"><img class=\"content-video__placeholder__thumb\" title=\"Lula assina medidas e decretos\" src=\"https:\/\/s02.video.glbimg.com\/x240\/11246373.jpg\" alt=\"Lula assina medidas e decretos\" \/><\/div>\n<div id=\"wp3-player-2\" class=\"clappr-player\" tabindex=\"9999\" data-player=\"\">\n<div class=\"dfp-ad-overlay dfp-ad-overlay--poster-mode\">\n<div><\/div>\n<\/div>\n<\/div>\n<\/div>\n<\/section>\n<\/article>\n<\/div>\n<p class=\"content-media__description\">Lula assina medidas e decretos<\/p>\n<\/div>\n<\/div>\n<\/div>\n<div id=\"chunk-ebl8a\">\n<div class=\"content-ads content-ads--reveal\" data-block-type=\"ads\" data-block-id=\"7\">\n<div id=\"banner_materia2\" class=\"tag-manager-publicidade-container mc-has-reveal mc-has-ad-lazyload tag-manager-publicidade-banner_materia2 tag-manager-publicidade-container--carregado tag-manager-publicidade-container--visivel\" data-id=\"banner_materia2\" data-google-query-id=\"CKnzwJmV9PwCFVWilQIdLL0KLQ\">\n<div id=\"google_ads_iframe_\/95377733\/tvg_G1\/Politica_3__container__\">Algumas das medidas do &#8220;revoga\u00e7o&#8221; foram publicadas no &#8220;Di\u00e1rio Oficial&#8221; por meio decreto, por exemplo, e outras, por publica\u00e7\u00e3o de normas internas dos minist\u00e9rios.<\/div>\n<\/div>\n<\/div>\n<\/div>\n<div id=\"chunk-f427e\">\n<div class=\"mc-column content-text active-extra-styles \" data-block-type=\"unstyled\" data-block-weight=\"5\" data-block-id=\"9\">\n<p class=\"content-text__container \" data-track-category=\"Link no Texto\" data-track-links=\"\">Veja algumas das medidas revogadas:<\/p>\n<\/div>\n<\/div>\n<div class=\"mc-column content-text active-extra-styles\" data-block-type=\"raw\" data-block-weight=\"1\" data-block-id=\"10\">\n<div class=\"content-intertitle\">\n<h2>Sa\u00fade<\/h2>\n<\/div>\n<\/div>\n<div class=\"mc-column content-text active-extra-styles\" data-block-type=\"raw\" data-block-weight=\"42\" data-block-id=\"11\">\n<ul class=\"content-unordered-list\">\n<li><strong>Aborto<\/strong>: o Minist\u00e9rio da Sa\u00fade\u00a0<a href=\"https:\/\/g1.globo.com\/saude\/noticia\/2023\/01\/16\/ministerio-da-saude-revoga-portaria-sobre-aborto-e-outras-medidas-contrarias-as-diretrizes-do-sus.ghtml\">revogou uma portaria<\/a>\u00a0que determinava ao m\u00e9dico comunicar \u00e0 autoridade policial os casos de aborto;<\/li>\n<li><strong>Diretrizes do SUS<\/strong>: o minist\u00e9rio tamb\u00e9m\u00a0<a href=\"https:\/\/g1.globo.com\/saude\/noticia\/2023\/01\/16\/ministerio-da-saude-revoga-portaria-sobre-aborto-e-outras-medidas-contrarias-as-diretrizes-do-sus.ghtml\">revogou a obrigatoriedade<\/a>\u00a0de apresenta\u00e7\u00e3o de prescri\u00e7\u00e3o m\u00e9dica eletr\u00f4nica para retirar medicamentos do programa Farm\u00e1cia Popular.<\/li>\n<\/ul>\n<\/div>\n<div class=\"mc-column content-text active-extra-styles\" data-block-type=\"raw\" data-block-weight=\"1\" data-block-id=\"12\">\n<div class=\"content-intertitle\">\n<h2>Educa\u00e7\u00e3o<\/h2>\n<\/div>\n<\/div>\n<div class=\"mc-column content-text active-extra-styles\" data-block-type=\"raw\" data-block-weight=\"55\" data-block-id=\"13\">\n<ul class=\"content-unordered-list\">\n<li><strong>Educa\u00e7\u00e3o para pessoas com defici\u00eancia<\/strong>: Lula revogou um decreto de Bolsonaro que\u00a0<a href=\"https:\/\/g1.globo.com\/educacao\/noticia\/2023\/01\/02\/suspenso-pelo-stf-decreto-de-bolsonaro-que-instituiu-politica-de-educacao-especial-e-revogado-por-lula.ghtml\">incentivava a cria\u00e7\u00e3o de classes especializadas<\/a>\u00a0em escolas regulares e escolas pr\u00f3prias para pessoas com defici\u00eancia. A medida era criticada por especialistas na \u00e1rea porque, na pr\u00e1tica, abria caminho para segregar os alunos com defici\u00eancia, tirando esses estudantes da conviv\u00eancia com outras crian\u00e7as.<\/li>\n<\/ul>\n<\/div>\n<div class=\"mc-column content-text active-extra-styles\" data-block-type=\"raw\" data-block-weight=\"2\" data-block-id=\"14\">\n<div class=\"content-intertitle\">\n<h2>Meio Ambiente<\/h2>\n<\/div>\n<\/div>\n<div class=\"mc-column content-text active-extra-styles\" data-block-type=\"raw\" data-block-weight=\"175\" data-block-id=\"15\">\n<ul class=\"content-unordered-list\">\n<li><strong>Explora\u00e7\u00e3o de madeira em \u00e1rea ind\u00edgena<\/strong>: A ministra dos Povos Ind\u00edgenas, Sonia Guajajara, r<a href=\"https:\/\/g1.globo.com\/meio-ambiente\/noticia\/2023\/01\/16\/medida-do-governo-bolsonaro-que-liberou-extracao-de-madeira-em-terra-indigena-sera-revogada-diz-ministerio.ghtml\">evogou a medida da gest\u00e3o Bolsonaro<\/a>\u00a0que liberou a extra\u00e7\u00e3o de madeira em terras ind\u00edgenas, inclusive por n\u00e3o ind\u00edgenas;<\/li>\n<li><strong>Fundo Amaz\u00f4nia<\/strong>: Criado em 2008, o Fundo Amaz\u00f4nia estava parado desde 2019. No dia 1\u00ba de janeiro, quando tomou posse, Lula determinou a reativa\u00e7\u00e3o do fundo. Entidades do setor comemoraram a decis\u00e3o. A Noruega informou que\u00a0<a href=\"https:\/\/g1.globo.com\/meio-ambiente\/noticia\/2023\/01\/03\/apos-lula-reativar-fundo-amazonia-noruega-diz-que-r-3-bilhoes-ja-podem-ser-investidos.ghtml\">o Brasil j\u00e1 est\u00e1 liberado para gastar R$ 3 bilh\u00f5es<\/a>\u00a0doados pelo pa\u00eds para o fundo, e a Alemanha anunciou o envio de mais 35 milh\u00f5es de euros;<\/li>\n<li><strong>&#8216;Minera\u00e7\u00e3o artesanal&#8217;<\/strong>: Lula revogou tamb\u00e9m a cria\u00e7\u00e3o do chamado Programa de Apoio ao Desenvolvimento da Minera\u00e7\u00e3o Artesanal e em Pequena Escala (Pr\u00f3-Mapa),\u00a0<a href=\"https:\/\/g1.globo.com\/meio-ambiente\/noticia\/2022\/02\/14\/decreto-que-estimula-mineracao-artesanal-visa-legalizar-garimpo-apontam-ambientalistas.ghtml\">classificado por ambientalistas como um incentivo ao garimpo ilegal<\/a>;<\/li>\n<li><strong>Conselho Nacional da Amaz\u00f4nia<\/strong>: Lula extinguiu a estrutura Conselho Nacional da Amaz\u00f4nia Legal, vinculado durante o governo Bolsonaro ao ent\u00e3o vice-presidente, Hamilton Mour\u00e3o. Com o encerramento do conselho, o presidente retomou a estrutura do Plano de A\u00e7\u00e3o para a Preven\u00e7\u00e3o e Controle do Desmatamento na Amaz\u00f4nia Legal (PPCDAm).<\/li>\n<\/ul>\n<\/div>\n<div class=\"mc-column content-text active-extra-styles\" data-block-type=\"raw\" data-block-weight=\"2\" data-block-id=\"17\">\n<div class=\"content-intertitle\">\n<h2>Seguran\u00e7a P\u00fablica<\/h2>\n<\/div>\n<\/div>\n<div class=\"mc-column content-text active-extra-styles\" data-block-type=\"raw\" data-block-weight=\"74\" data-block-id=\"18\">\n<ul class=\"content-unordered-list\">\n<li><strong>Acesso a armas<\/strong>: No primeiro dia do novo governo,\u00a0<a href=\"https:\/\/g1.globo.com\/politica\/noticia\/2023\/01\/02\/decreto-de-lula-revoga-normas-que-facilitavam-acessos-a-armas-e-municao-veja-o-que-diz-o-texto.ghtml\">Lula revogou uma s\u00e9rie de normas<\/a>\u00a0editadas por Bolsonaro que facilitavam o acesso a armas e muni\u00e7\u00f5es. Lula, por exemplo, suspendeu novos registros de armas por ca\u00e7adores, atiradores e colecionadores (CACs) e por particulares; reduziu os limites para compra de armas e muni\u00e7\u00e3o de uso permitido; suspendeu novos registros de clubes e escolas de tiro; e suspendeu a concess\u00e3o de novos registros para CACs.<\/li>\n<\/ul>\n<\/div>\n<div class=\"mc-column content-text active-extra-styles\" data-block-type=\"raw\" data-block-weight=\"1\" data-block-id=\"19\">\n<div class=\"content-intertitle\">\n<h2>Economia<\/h2>\n<\/div>\n<\/div>\n<div id=\"chunk-1f585\">\n<div class=\"mc-column content-text active-extra-styles \" data-block-type=\"unstyled\" data-block-weight=\"33\" data-block-id=\"20\">\n<p class=\"content-text__container \" data-track-category=\"Link no Texto\" data-track-links=\"\"><strong>Privatiza\u00e7\u00f5es<\/strong>: Tamb\u00e9m no primeiro dia de governo,\u00a0<a href=\"https:\/\/g1.globo.com\/politica\/noticia\/2023\/01\/02\/lula-manda-revogar-processos-de-privatizacao-de-oito-estatais-iniciados-por-bolsonaro.ghtml\">Lula determinou a revoga\u00e7\u00e3o<\/a>\u00a0de processos de privatiza\u00e7\u00e3o de oito estatais &#8211; entre as quais Petrobras, Correios, EBC e Conab &#8211; iniciados durante o governo Bolsonaro.<\/p>\n<\/div>\n<\/div>\n<div id=\"chunk-ekkr2\">\n<div class=\"mc-column content-text active-extra-styles \" data-block-type=\"unstyled\" data-block-weight=\"56\" data-block-id=\"21\">\n<p class=\"content-text__container \" data-track-category=\"Link no Texto\" data-track-links=\"\"><strong>Coaf<\/strong>: A\u00a0<a href=\"https:\/\/g1.globo.com\/politica\/noticia\/2023\/01\/02\/governo-edita-mp-que-reestrutura-ministerios-coaf-volta-para-o-ministerio-da-fazenda.ghtml\">medida provis\u00f3ria que reestruturou o governo federal<\/a>\u00a0devolveu o Conselho de Controle de Atividades Financeiras (Coaf) \u00e0 estrutura do Minist\u00e9rio da Fazenda. No governo Bolsonaro, o Coaf saiu da Fazenda e migrou para o Minist\u00e9rio da Justi\u00e7a. Depois, o conselho voltou para a Economia, mas, posteriormente, foi transferido para a estrutura do Banco Central.<\/p>\n<\/div>\n<\/div>\n<div class=\"mc-column content-text active-extra-styles\" data-block-type=\"raw\" data-block-weight=\"1\" data-block-id=\"22\">\n<p class=\"content-text__container\">\n<div class=\"content-intertitle\">\n<h2>Transpar\u00eancia<\/h2>\n<\/div>\n<\/div>\n<div id=\"chunk-aoumk\">\n<div class=\"mc-column content-text active-extra-styles \" data-block-type=\"unstyled\" data-block-weight=\"43\" data-block-id=\"23\">\n<p class=\"content-text__container \" data-track-category=\"Link no Texto\" data-track-links=\"\"><strong>Sigilos<\/strong>: Lula determinou a\u00a0<a href=\"https:\/\/g1.globo.com\/politica\/noticia\/2023\/01\/11\/ministro-diz-que-lula-determinou-primeira-revisao-de-sigilo-imposto-por-bolsonaro.ghtml\">revoga\u00e7\u00e3o de uma s\u00e9rie de sigilos de 100 anos<\/a>\u00a0impostos a informa\u00e7\u00f5es relacionadas ao governo, determinadas na gest\u00e3o Bolsonaro. Entre os sigilos revogados est\u00e3o os relacionados aos\u00a0<a href=\"https:\/\/g1.globo.com\/politica\/noticia\/2023\/01\/12\/governo-divulga-dados-dos-cartoes-corporativos-da-presidencia-da-gestao-jair-bolsonaro-foram-r-276-milhoes-em-quatro-anos.ghtml\">gastos do cart\u00e3o corporativo da Presid\u00eancia<\/a>; e visitas \u00e0 ex-primeira-dama Michelle Bolsonaro;<\/p>\n<\/div>\n<\/div>\n<div id=\"chunk-5miod\">\n<div class=\"content-ads content-ads--reveal\" data-block-type=\"ads\" data-block-id=\"24\">\n<div id=\"banner_materia__b70f7097-635a-4da2-8d20-e78a28600464\" class=\"tag-manager-publicidade-container mc-has-reveal mc-has-ad-lazyload tag-manager-publicidade-banner_materia__b70f7097-635a-4da2-8d20-e78a28600464 tag-manager-publicidade-container--carregado tag-manager-publicidade-container--visivel\" data-id=\"banner_materia__b70f7097-635a-4da2-8d20-e78a28600464\" data-google-query-id=\"CPHmq96V9PwCFYuVlQId18gGWw\">\n<div id=\"google_ads_iframe_\/95377733\/tvg_G1\/Politica_5__container__\"><strong>Redes sociais<\/strong>: A Controladoria-Geral da Uni\u00e3o (CGU) revogou uma norma t\u00e9cnica editada no governo Bolsonaro que estabelecia condutas pass\u00edveis de investiga\u00e7\u00e3o disciplinar de servidores p\u00fablicos. Entre as a\u00e7\u00f5es listadas como motivos para a abertura da apura\u00e7\u00e3o estava a publica\u00e7\u00e3o, por servidores do governo federal, de cr\u00edticas e desabafos sobre o trabalho nas redes sociais.<\/div>\n<\/div>\n<\/div>\n<\/div>\n<\/div>\n<\/article>\n<\/div>\n","protected":false},"excerpt":{"rendered":"<p>Foram revogadas a\u00e7\u00f5es em \u00e1reas como sa\u00fade, educa\u00e7\u00e3o, meio ambiente, economia, transpar\u00eancia e seguran\u00e7a p\u00fablica. Por Filipe Matoso e Kevin Lima, g1\u00a0\u2014 Bras\u00edlia O governo do presidente Luiz In\u00e1cio\u00a0Lula\u00a0da Silva (PT) completa um m\u00eas nesta quarta-feira (1\u00ba) e, ao longo das \u00faltimas semanas, a nova gest\u00e3o promoveu uma s\u00e9rie de medidas a fim de revogar [&hellip;]<\/p>\n","protected":false},"author":2,"featured_media":0,"comment_status":"open","ping_status":"open","sticky":false,"template":"","format":"standard","meta":{"_links_to":"","_links_to_target":""},"categories":[7,9,8,1],"tags":[],"_links":{"self":[{"href":"https:\/\/www.ilheusnoticias.net.br\/v1\/wp-json\/wp\/v2\/posts\/30856"}],"collection":[{"href":"https:\/\/www.ilheusnoticias.net.br\/v1\/wp-json\/wp\/v2\/posts"}],"about":[{"href":"https:\/\/www.ilheusnoticias.net.br\/v1\/wp-json\/wp\/v2\/types\/post"}],"author":[{"embeddable":true,"href":"https:\/\/www.ilheusnoticias.net.br\/v1\/wp-json\/wp\/v2\/users\/2"}],"replies":[{"embeddable":true,"href":"https:\/\/www.ilheusnoticias.net.br\/v1\/wp-json\/wp\/v2\/comments?post=30856"}],"version-history":[{"count":1,"href":"https:\/\/www.ilheusnoticias.net.br\/v1\/wp-json\/wp\/v2\/posts\/30856\/revisions"}],"predecessor-version":[{"id":30857,"href":"https:\/\/www.ilheusnoticias.net.br\/v1\/wp-json\/wp\/v2\/posts\/30856\/revisions\/30857"}],"wp:attachment":[{"href":"https:\/\/www.ilheusnoticias.net.br\/v1\/wp-json\/wp\/v2\/media?parent=30856"}],"wp:term":[{"taxonomy":"category","embeddable":true,"href":"https:\/\/www.ilheusnoticias.net.br\/v1\/wp-json\/wp\/v2\/categories?post=30856"},{"taxonomy":"post_tag","embeddable":true,"href":"https:\/\/www.ilheusnoticias.net.br\/v1\/wp-json\/wp\/v2\/tags?post=30856"}],"curies":[{"name":"wp","href":"https:\/\/api.w.org\/{rel}","templated":true}]}}