{"id":30854,"date":"2023-02-01T07:57:45","date_gmt":"2023-02-01T10:57:45","guid":{"rendered":"https:\/\/www.ilheusnoticias.net.br\/v1\/?p=30854"},"modified":"2023-02-01T07:57:45","modified_gmt":"2023-02-01T10:57:45","slug":"camara-e-senado-escolhem-presidentes-nesta-quarta-lira-e-pacheco-tentam-a-reeleicao","status":"publish","type":"post","link":"https:\/\/www.ilheusnoticias.net.br\/v1\/2023\/02\/01\/camara-e-senado-escolhem-presidentes-nesta-quarta-lira-e-pacheco-tentam-a-reeleicao\/","title":{"rendered":"C\u00e2mara e Senado escolhem presidentes nesta quarta; Lira e Pacheco tentam a reelei\u00e7\u00e3o"},"content":{"rendered":"<div class=\"row content-head non-featured \">\n<div class=\"title\" data-block-type=\"title\" data-block-id=\"0\">\n<h1 class=\"content-head__title\"><span style=\"font-size: 16px;\">Abertura do ano do Legislativo vai ter tamb\u00e9m a posse dos parlamentares eleitos em 2022. Veja o roteiro do dia no Congresso e as regras das elei\u00e7\u00f5es.<\/span><\/h1>\n<\/div>\n<\/div>\n<div class=\"content__signa-share\">\n<div class=\"content__signature\">\n<div class=\"content-publication-data\">\n<div class=\"content-publication-data__text\">\n<p class=\"content-publication-data__from\" title=\"Elisa Clavery e Vin\u00edcius Cassela, TV Globo e g1\">Por Elisa Clavery e Vin\u00edcius Cassela, TV Globo e g1\u00a0\u2014 Bras\u00edlia<\/p>\n<p class=\"content-publication-data__updated\">\n<\/div>\n<\/div>\n<\/div>\n<\/div>\n<div class=\"mc-article-body\">\n<article>\n<div id=\"chunk-83l2t\">\n<div class=\"mc-column content-text active-extra-styles active-capital-letter\" data-block-type=\"unstyled\" data-block-weight=\"40\" data-block-id=\"2\">\n<p class=\"content-text__container theme-color-primary-first-letter\" data-track-category=\"Link no Texto\" data-track-links=\"\">A C\u00e2mara dos Deputados e o\u00a0<a href=\"https:\/\/g1.globo.com\/tudo-sobre\/senado-federal\/\">Senado Federal<\/a>\u00a0v\u00e3o eleger nesta quarta-feira (1\u00ba) seus respectivos presidentes para os pr\u00f3ximos dois anos. O atual presidente da C\u00e2mara,\u00a0<a href=\"https:\/\/g1.globo.com\/politica\/politico\/arthur-lira\/\">Arthur Lira<\/a>\u00a0(PP-AL), e o do Senado,\u00a0<a href=\"https:\/\/g1.globo.com\/politica\/politico\/rodrigo-otavio-soares-pacheco\/\">Rodrigo Pacheco<\/a>\u00a0(PSD-MG), tentam a reelei\u00e7\u00e3o.<\/p>\n<\/div>\n<\/div>\n<div class=\"wall protected-content\">\n<div id=\"chunk-788h3\">\n<div class=\"mc-column content-text active-extra-styles \" data-block-type=\"unstyled\" data-block-weight=\"18\" data-block-id=\"3\">\n<p class=\"content-text__container \" data-track-category=\"Link no Texto\" data-track-links=\"\">O dia tamb\u00e9m marca a abertura do ano do Legislativo, com a posse dos parlamentares eleitos em outubro.<\/p>\n<\/div>\n<\/div>\n<div id=\"chunk-b70h5\">\n<div class=\"mc-column content-text active-extra-styles \" data-block-type=\"unstyled\" data-block-weight=\"55\" data-block-id=\"5\">\n<p class=\"content-text__container \" data-track-category=\"Link no Texto\" data-track-links=\"\">Sem fortes concorrentes, Lira deve se eleger com uma ampla margem de votos, com aliados apostando, inclusive, num recorde de vota\u00e7\u00e3o para presid\u00eancia da C\u00e2mara &#8212; atualmente, o recorde pertence aos ex-presidentes Jo\u00e3o Paulo Cunha (PT), em 2003, e Ibsen Pinheiro (PMDB), em 1991, ambos com 434 votos. O total de deputados \u00e9 de 513.<\/p>\n<\/div>\n<\/div>\n<div id=\"chunk-7161h\">\n<div class=\"mc-column content-text active-extra-styles \" data-block-type=\"unstyled\" data-block-weight=\"48\" data-block-id=\"6\">\n<p class=\"content-text__container \" data-track-category=\"Link no Texto\" data-track-links=\"\">J\u00e1 Pacheco enfrenta resist\u00eancias dentro do pr\u00f3prio partido e ter\u00e1 um concorrente que pode amea\u00e7\u00e1-lo, o ex-ministro do governo de Jair Bolsonaro, Rog\u00e9rio Marinho (PL-RN). At\u00e9 ter\u00e7a-feira (31), o atual presidente do Senado contava com o apoio de seis partidos enquanto Marinho tinha o apoio de outros tr\u00eas.<\/p>\n<\/div>\n<\/div>\n<div id=\"chunk-2ls5q\">\n<div class=\"mc-column content-text active-extra-styles \" data-block-type=\"unstyled\" data-block-weight=\"26\" data-block-id=\"7\">\n<p class=\"content-text__container \" data-track-category=\"Link no Texto\" data-track-links=\"\">A vota\u00e7\u00e3o \u00e9 secreta nas duas Casas &#8212; o que abre margem para trai\u00e7\u00f5es dentro de partidos que anunciaram apoio a um ou outro candidato.<\/p>\n<\/div>\n<\/div>\n<div id=\"chunk-36dt8\">\n<div class=\"mc-column content-text active-extra-styles \" data-block-type=\"unstyled\" data-block-weight=\"41\" data-block-id=\"8\">\n<p class=\"content-text__container \" data-track-category=\"Link no Texto\" data-track-links=\"\">Na C\u00e2mara, os deputados v\u00e3o votar tamb\u00e9m para escolher os ocupantes dos outros 10 cargos da Mesa Diretora. Num primeiro momento, contudo, apenas o resultado do presidente \u00e9 revelado. \u00c9 ele quem anuncia os vencedores dos demais cargos.<\/p>\n<\/div>\n<\/div>\n<div id=\"chunk-21jtn\">\n<div class=\"mc-column content-text active-extra-styles \" data-block-type=\"unstyled\" data-block-weight=\"25\" data-block-id=\"10\">\n<p class=\"content-text__container \" data-track-category=\"Link no Texto\" data-track-links=\"\">J\u00e1 os senadores votam apenas no novo presidente da Casa. A vota\u00e7\u00e3o para os demais cargos da Mesa Diretora ser\u00e1 feita apenas no dia seguinte.<\/p>\n<\/div>\n<\/div>\n<div id=\"chunk-fspc5\">\n<div class=\"bs-video-block mc-column  content-media content-video\" data-block-type=\"backstage-video\" data-block-id=\"11\">\n<div class=\"content-media__container\">\n<div class=\"content-video__bigger-player-description-fixer\">\n<article class=\"content-video\">\n<section class=\"content-video__video-container\">\n<div class=\"content-video__video\">\n<div class=\"content-video__placeholder\" data-video-id=\"11328234\" data-video-has-viewport-play=\"True\"><img class=\"content-video__placeholder__thumb\" title=\"Aumentam negocia\u00e7\u00f5es para conquista de votos na v\u00e9spera da elei\u00e7\u00e3o dos presidentes da C\u00e2mara e do Senado\" src=\"https:\/\/s03.video.glbimg.com\/x240\/11328234.jpg\" alt=\"Aumentam negocia\u00e7\u00f5es para conquista de votos na v\u00e9spera da elei\u00e7\u00e3o dos presidentes da C\u00e2mara e do Senado\" \/><\/div>\n<\/div>\n<\/section>\n<\/article>\n<\/div>\n<p class=\"content-media__description\">Aumentam negocia\u00e7\u00f5es para conquista de votos na v\u00e9spera da elei\u00e7\u00e3o dos presidentes da C\u00e2mara e do Senado<\/p>\n<\/div>\n<\/div>\n<\/div>\n<div class=\"mc-column content-text active-extra-styles\" data-block-type=\"raw\" data-block-weight=\"3\" data-block-id=\"12\">\n<div class=\"content-intertitle\">\n<h2>Roteiro no Senado<\/h2>\n<\/div>\n<\/div>\n<div id=\"chunk-13huf\">\n<div class=\"mc-column content-text active-extra-styles \" data-block-type=\"unstyled\" data-block-weight=\"10\" data-block-id=\"13\">\n<p class=\"content-text__container \" data-track-category=\"Link no Texto\" data-track-links=\"\">Veja o passo a passo da vota\u00e7\u00e3o no Senado:<\/p>\n<\/div>\n<\/div>\n<div class=\"mc-column content-text active-extra-styles\" data-block-type=\"raw\" data-block-weight=\"104\" data-block-id=\"14\">\n<ul class=\"content-unordered-list\">\n<li>No plen\u00e1rio do Senado, \u00e0s 15h, come\u00e7a a sess\u00e3o de posse dos 27 senadores eleitos em outubro passado.<\/li>\n<li>Em seguida, acontece a elei\u00e7\u00e3o do novo presidente da casa, marcada para as 16h.<\/li>\n<li>Atingindo o qu\u00f3rum m\u00ednimo de 14 senadores \u2013 equivalente a um sexto da composi\u00e7\u00e3o do Senado \u2013 a sess\u00e3o ser\u00e1 aberta.<\/li>\n<li>Cada candidato votar\u00e1 do lugar que ocupar\u00e1 no plen\u00e1rio durante toda a legislatura.Os votos ser\u00e3o secretos;<\/li>\n<li>Para eleger um novo presidente, o candidato dever\u00e1 contar com a maioria absoluta dos membros do Senado: 41 parlamentares.<\/li>\n<li>Caso nenhum dos candidatos atinja esse patamar, os dois mais votados v\u00e3o para o segundo turno.<\/li>\n<\/ul>\n<\/div>\n<div class=\"mc-column content-text active-extra-styles\" data-block-type=\"raw\" data-block-weight=\"4\" data-block-id=\"16\">\n<div class=\"content-intertitle\">\n<h2>Quem apoia os candidatos<\/h2>\n<\/div>\n<p>&nbsp;<\/p>\n<\/div>\n<div class=\"mc-column content-text active-extra-styles\" data-block-type=\"raw\" data-block-weight=\"3\" data-block-id=\"17\">\n<p class=\"content-text__container\">\n<ul class=\"content-unordered-list\">\n<li><strong>Rodrigo Pacheco (PSD-MG)<\/strong><\/li>\n<\/ul>\n<p>&nbsp;<\/p>\n<\/div>\n<div id=\"chunk-aocl0\">\n<div class=\"mc-column content-text active-extra-styles \" data-block-type=\"unstyled\" data-block-weight=\"41\" data-block-id=\"18\">\n<p class=\"content-text__container \" data-track-category=\"Link no Texto\" data-track-links=\"\">O atual presidente do Senado conseguiu o apoio de seis partidos, que juntos t\u00eam 42 senadores. S\u00e3o eles: PSD (15), MDB (10), PT (9), PSB (4), PDT (3) e Rede (1). Entretanto, nem todos os parlamentares seguir\u00e3o a orienta\u00e7\u00e3o do partido.<\/p>\n<\/div>\n<\/div>\n<div class=\"mc-column content-text active-extra-styles\" data-block-type=\"raw\" data-block-weight=\"3\" data-block-id=\"19\">\n<p class=\"content-text__container\">\n<ul class=\"content-unordered-list\">\n<li><strong>Rog\u00e9rio Marinho (PL-RN)<\/strong><\/li>\n<\/ul>\n<p>&nbsp;<\/p>\n<\/div>\n<div id=\"chunk-a824v\">\n<div class=\"mc-column content-text active-extra-styles \" data-block-type=\"unstyled\" data-block-weight=\"23\" data-block-id=\"20\">\n<p class=\"content-text__container \" data-track-category=\"Link no Texto\" data-track-links=\"\">O senador tem o apoio do pr\u00f3prio partido e mais dois, totalizando 23 senadores. S\u00e3o eles: PL (13), PP (6) e Republicanos (4).<\/p>\n<\/div>\n<\/div>\n<div class=\"mc-column content-text active-extra-styles\" data-block-type=\"raw\" data-block-weight=\"3\" data-block-id=\"21\">\n<p class=\"content-text__container\">\n<ul class=\"content-unordered-list\">\n<li><strong>Eduardo Gir\u00e3o (PODEMOS-CE)<\/strong><\/li>\n<\/ul>\n<p>&nbsp;<\/p>\n<\/div>\n<div id=\"chunk-7ca9h\">\n<div class=\"mc-column content-text active-extra-styles \" data-block-type=\"unstyled\" data-block-weight=\"22\" data-block-id=\"22\">\n<p class=\"content-text__container \" data-track-category=\"Link no Texto\" data-track-links=\"\">O senador n\u00e3o tem o apoio oficial de nenhum partido, mas contou com o apoio declarado do senador Pl\u00ednio Val\u00e9rio (PSDB-AM).<\/p>\n<\/div>\n<\/div>\n<div class=\"mc-column content-text active-extra-styles\" data-block-type=\"raw\" data-block-weight=\"3\" data-block-id=\"23\">\n<p class=\"content-text__container\">\n<div class=\"content-intertitle\">\n<h2>Roteiro na C\u00e2mara<\/h2>\n<\/div>\n<p>&nbsp;<\/p>\n<\/div>\n<div id=\"chunk-4637l\">\n<div class=\"mc-column content-text active-extra-styles \" data-block-type=\"unstyled\" data-block-weight=\"8\" data-block-id=\"24\">\n<p class=\"content-text__container \" data-track-category=\"Link no Texto\" data-track-links=\"\">Veja como ser\u00e1 o dia dos deputados:<\/p>\n<\/div>\n<\/div>\n<div class=\"mc-column content-text active-extra-styles\" data-block-type=\"raw\" data-block-weight=\"6\" data-block-id=\"25\">\n<p class=\"content-text__container\">\n<ul class=\"content-unordered-list\">\n<li><strong>10h<\/strong>\u00a0&#8211; Sess\u00e3o Preparat\u00f3ria de Posse<\/li>\n<\/ul>\n<p>&nbsp;<\/p>\n<\/div>\n<div id=\"chunk-bav5n\">\n<div class=\"mc-column content-text active-extra-styles \" data-block-type=\"unstyled\" data-block-weight=\"14\" data-block-id=\"26\">\n<p class=\"content-text__container \" data-track-category=\"Link no Texto\" data-track-links=\"\">Os 513 deputados federais diplomados ser\u00e3o empossados em seus mandatos nesta primeira sess\u00e3o preparat\u00f3ria.<\/p>\n<\/div>\n<\/div>\n<div id=\"chunk-832m7\">\n<div class=\"mc-column content-text active-extra-styles \" data-block-type=\"unstyled\" data-block-weight=\"30\" data-block-id=\"27\">\n<p class=\"content-text__container \" data-track-category=\"Link no Texto\" data-track-links=\"\">Segundo o regimento da Casa, a sess\u00e3o \u00e9 presidida pelo \u00faltimo presidente da C\u00e2mara, caso ele tenha sido reeleito. Ou seja, o pr\u00f3prio Arthur Lira (PP-AL) comandar\u00e1 a sess\u00e3o.<\/p>\n<\/div>\n<\/div>\n<div class=\"mc-column content-text active-extra-styles\" data-block-type=\"raw\" data-block-weight=\"10\" data-block-id=\"28\">\n<p class=\"content-text__container\">\n<ul class=\"content-unordered-list\">\n<li><strong>13h<\/strong>\u00a0&#8211; Prazo limite para a forma\u00e7\u00e3o de blocos parlamentares<\/li>\n<\/ul>\n<p>&nbsp;<\/p>\n<\/div>\n<div id=\"chunk-86sig\">\n<div class=\"mc-column content-text active-extra-styles \" data-block-type=\"unstyled\" data-block-weight=\"19\" data-block-id=\"29\">\n<p class=\"content-text__container \" data-track-category=\"Link no Texto\" data-track-links=\"\">Os partidos t\u00eam at\u00e9 \u00e0s 13h do dia 1\u00ba de fevereiro para comunicar \u00e0 Mesa a forma\u00e7\u00e3o de blocos.<\/p>\n<\/div>\n<\/div>\n<div id=\"chunk-4vhf8\">\n<div class=\"mc-column content-text active-extra-styles \" data-block-type=\"unstyled\" data-block-weight=\"37\" data-block-id=\"30\">\n<p class=\"content-text__container \" data-track-category=\"Link no Texto\" data-track-links=\"\">O tamanho das bancadas \u00e9 levado em conta para a distribui\u00e7\u00e3o das vagas na Mesa Diretora, respons\u00e1vel pela condu\u00e7\u00e3o dos trabalhos legislativos e a administra\u00e7\u00e3o da Casa, e tamb\u00e9m para a distribui\u00e7\u00e3o das presid\u00eancias das comiss\u00f5es.<\/p>\n<\/div>\n<\/div>\n<div class=\"mc-column content-text active-extra-styles\" data-block-type=\"raw\" data-block-weight=\"13\" data-block-id=\"32\">\n<ul class=\"content-unordered-list\">\n<li><strong>14h<\/strong>\u00a0&#8211; Reuni\u00e3o de l\u00edderes para a escolha dos cargos da Mesa Diretora<\/li>\n<\/ul>\n<p>&nbsp;<\/p>\n<\/div>\n<div id=\"chunk-fdgr9\">\n<div class=\"mc-column content-text active-extra-styles \" data-block-type=\"unstyled\" data-block-weight=\"36\" data-block-id=\"33\">\n<p class=\"content-text__container \" data-track-category=\"Link no Texto\" data-track-links=\"\">Formados os blocos, haver\u00e1 uma reuni\u00e3o de l\u00edderes para a defini\u00e7\u00e3o de qual cargo cada partido concorrer\u00e1 na Mesa. Segundo o regimento, a composi\u00e7\u00e3o da Mesa deve respeitar a representa\u00e7\u00e3o proporcional de blocos e partidos.<\/p>\n<\/div>\n<\/div>\n<div class=\"mc-column content-text active-extra-styles\" data-block-type=\"raw\" data-block-weight=\"18\" data-block-id=\"34\">\n<p class=\"content-text__container\">\n<ul class=\"content-unordered-list\">\n<li><strong>15h30<\/strong>\u00a0&#8211; Prazo limite para o registro de candidaturas e sorteio da ordem dos candidatos na urna eletr\u00f4nica<\/li>\n<\/ul>\n<p>&nbsp;<\/p>\n<\/div>\n<div id=\"chunk-8p58r\">\n<div class=\"mc-column content-text active-extra-styles \" data-block-type=\"unstyled\" data-block-weight=\"26\" data-block-id=\"35\">\n<p class=\"content-text__container \" data-track-category=\"Link no Texto\" data-track-links=\"\">Os candidatos devem registrar suas candidaturas at\u00e9 as 15h30 do dia 1\u00ba de fevereiro. Em seguida, haver\u00e1 um sorteio da ordem dos candidatos na urna eletr\u00f4nica.<\/p>\n<\/div>\n<\/div>\n<div class=\"mc-column content-text active-extra-styles\" data-block-type=\"raw\" data-block-weight=\"10\" data-block-id=\"36\">\n<p class=\"content-text__container\">\n<ul class=\"content-unordered-list\">\n<li><strong>16h30<\/strong>\u00a0&#8211; Sess\u00e3o Preparat\u00f3ria para a elei\u00e7\u00e3o da Mesa Diretora<\/li>\n<\/ul>\n<\/div>\n<div class=\"mc-column content-text active-extra-styles\" data-block-type=\"raw\" data-block-weight=\"1\" data-block-id=\"37\">\n<div class=\"content-intertitle\">\n<h2>Regras<\/h2>\n<\/div>\n<\/div>\n<div id=\"chunk-f13ks\">\n<div class=\"mc-column content-text active-extra-styles \" data-block-type=\"unstyled\" data-block-weight=\"68\" data-block-id=\"38\">\n<p class=\"content-text__container \" data-track-category=\"Link no Texto\" data-track-links=\"\">Como Lira vai concorrer \u00e0 reelei\u00e7\u00e3o, n\u00e3o deve presidir a sess\u00e3o de vota\u00e7\u00e3o. A sess\u00e3o deve ser conduzida pelo deputado mais velho, dentre os com maior n\u00famero de legislaturas. Segundo a Secretaria-Geral da Mesa (SGM), este deputado \u00e9 o \u00c1tila Lins (PSD-AM). Aberta a sess\u00e3o, \u00e9 feita uma leitura das regras para a elei\u00e7\u00e3o. Em seguida, os candidatos \u00e0 Presid\u00eancia da C\u00e2mara devem ter 10 minutos para discursar.<\/p>\n<\/div>\n<\/div>\n<div id=\"chunk-ceauv\">\n<div class=\"mc-column content-text active-extra-styles \" data-block-type=\"unstyled\" data-block-weight=\"28\" data-block-id=\"39\">\n<p class=\"content-text__container \" data-track-category=\"Link no Texto\" data-track-links=\"\">A elei\u00e7\u00e3o \u00e9 feita por meio de sistema eletr\u00f4nico. Para a vota\u00e7\u00e3o dos deputados, doze cabines com computadores foram instaladas no Sal\u00e3o Verde e no plen\u00e1rio da C\u00e2mara.<\/p>\n<\/div>\n<\/div>\n<div id=\"chunk-8d96b\">\n<div class=\"mc-column content-text active-extra-styles \" data-block-type=\"unstyled\" data-block-weight=\"47\" data-block-id=\"41\">\n<p class=\"content-text__container \" data-track-category=\"Link no Texto\" data-track-links=\"\">O qu\u00f3rum m\u00ednimo de vota\u00e7\u00e3o \u00e9 de 257 deputados. Os parlamentares votam para todos os cargos da Mesa de uma vez, mas, em um primeiro momento, s\u00f3 \u00e9 divulgado o resultado para o cargo de presidente &#8211; o presidente eleito proclamar\u00e1 o resultado dos demais cargos.<\/p>\n<\/div>\n<\/div>\n<div id=\"chunk-57t6u\">\n<div class=\"mc-column content-text active-extra-styles \" data-block-type=\"unstyled\" data-block-weight=\"51\" data-block-id=\"42\">\n<p class=\"content-text__container \" data-track-category=\"Link no Texto\" data-track-links=\"\">Vence em primeiro turno o candidato que receber a maioria absoluta dos votos &#8212; e n\u00e3o da composi\u00e7\u00e3o da Casa. Por exemplo, se 400 deputados votarem, mesmo que haja votos em branco, s\u00e3o necess\u00e1rios 201 votos para o candidato levar em primeiro turno. Essa regra vale para todos os cargos.<\/p>\n<\/div>\n<\/div>\n<div id=\"chunk-1395f\">\n<div class=\"mc-column content-text active-extra-styles \" data-block-type=\"unstyled\" data-block-weight=\"38\" data-block-id=\"43\">\n<p class=\"content-text__container \" data-track-category=\"Link no Texto\" data-track-links=\"\">Se houver segundo turno, vence a elei\u00e7\u00e3o quem obtiver maioria simples dos votos, desde que haja qu\u00f3rum de 257 deputados. Neste caso, se 500 votarem e houver, por exemplo, 100 votos em brancos, vence quem obtiver 201 votos.<\/p>\n<\/div>\n<\/div>\n<div class=\"mc-column content-text active-extra-styles\" data-block-type=\"raw\" data-block-weight=\"4\" data-block-id=\"44\">\n<p class=\"content-text__container\">\n<div class=\"content-intertitle\">\n<h2>Quem apoia os candidatos<\/h2>\n<\/div>\n<p>&nbsp;<\/p>\n<\/div>\n<div class=\"mc-column content-text active-extra-styles\" data-block-type=\"raw\" data-block-weight=\"3\" data-block-id=\"45\">\n<p class=\"content-text__container\">\n<ul class=\"content-unordered-list\">\n<li><strong>Arthur Lira (PP-AL)<\/strong><\/li>\n<\/ul>\n<p>&nbsp;<\/p>\n<\/div>\n<div id=\"chunk-2m3hu\">\n<div class=\"mc-column content-text active-extra-styles \" data-block-type=\"unstyled\" data-block-weight=\"56\" data-block-id=\"46\">\n<p class=\"content-text__container \" data-track-category=\"Link no Texto\" data-track-links=\"\">O atual presidente da Casa conseguiu o apoio de 20 partidos e federa\u00e7\u00f5es, que juntos t\u00eam 496 deputados. S\u00e3o eles: PL (99), PT\/PV\/PCdoB (80), Uni\u00e3o Brasil (59), PP (47), MDB (42), PSD (42), Republicanos (41), PSDB\/Cidadania (18), PDT (17), PSB (14), Podemos (12), Avante (7), PSC (6), Patriota (4), Solidariedade (4), PROS (3), PTB (1).<\/p>\n<\/div>\n<\/div>\n<div class=\"mc-column content-text active-extra-styles\" data-block-type=\"raw\" data-block-weight=\"3\" data-block-id=\"47\">\n<p class=\"content-text__container\">\n<ul class=\"content-unordered-list\">\n<li><strong>Chico Alencar (PSOL-RJ)<\/strong><\/li>\n<\/ul>\n<\/div>\n<div class=\"mc-column content-text active-extra-styles\" data-block-type=\"raw\" data-block-weight=\"4\" data-block-id=\"50\">\n<p class=\"content-text__container\">\n<ul class=\"content-unordered-list\">\n<li><strong>Marcel Van Hattem (NOVO-RS)<\/strong><\/li>\n<\/ul>\n<p>&nbsp;<\/p>\n<\/div>\n<div id=\"chunk-encu3\">\n<div class=\"mc-column content-text active-extra-styles \" data-block-type=\"unstyled\" data-block-weight=\"14\" data-block-id=\"51\">\n<p class=\"content-text__container \" data-track-category=\"Link no Texto\" data-track-links=\"\">O deputado tem o apoio oficial do seu partido, que tem tr\u00eas parlamentares.<\/p>\n<\/div>\n<\/div>\n<div class=\"mc-column content-text active-extra-styles\" data-block-type=\"raw\" data-block-weight=\"3\" data-block-id=\"52\">\n<p class=\"content-text__container\">\n<div class=\"content-intertitle\">\n<h2>Cargos em disputa<\/h2>\n<\/div>\n<p>&nbsp;<\/p>\n<\/div>\n<div id=\"chunk-3ema2\">\n<div class=\"mc-column content-text active-extra-styles \" data-block-type=\"unstyled\" data-block-weight=\"14\" data-block-id=\"53\">\n<p class=\"content-text__container \" data-track-category=\"Link no Texto\" data-track-links=\"\">Al\u00e9m de presidente da C\u00e2mara, os deputados v\u00e3o escolher os ocupantes dos seguintes cargos:<\/p>\n<\/div>\n<\/div>\n<div id=\"chunk-qp78\">\n<div class=\"mc-column content-text active-extra-styles \" data-block-type=\"unstyled\" data-block-weight=\"13\" data-block-id=\"54\">\n<p class=\"content-text__container \" data-track-category=\"Link no Texto\" data-track-links=\"\">&#8211;\u00a0<strong>1\u00ba Vice-presidente<\/strong>: substitui o presidente e elabora pareceres sobre projetos de resolu\u00e7\u00e3o;<\/p>\n<\/div>\n<\/div>\n<div id=\"chunk-bhqg8\">\n<div class=\"mc-column content-text active-extra-styles \" data-block-type=\"unstyled\" data-block-weight=\"21\" data-block-id=\"55\">\n<p class=\"content-text__container \" data-track-category=\"Link no Texto\" data-track-links=\"\">&#8211;\u00a0<strong>2\u00ba Vice-presidente<\/strong>: substitui o presidente ou o 1\u00ba vice e examina os pedidos de ressarcimento de despesa m\u00e9dica dos deputados;<\/p>\n<\/div>\n<\/div>\n<div id=\"chunk-7e2qh\">\n<div class=\"mc-column content-text active-extra-styles \" data-block-type=\"unstyled\" data-block-weight=\"18\" data-block-id=\"56\">\n<p class=\"content-text__container \" data-track-category=\"Link no Texto\" data-track-links=\"\">&#8211;\u00a0<strong>1\u00ba Secret\u00e1rio<\/strong>: \u00e9 respons\u00e1vel pelo gerenciamento das despesas da C\u00e2mara, aprovando, por exemplo, obras e reformas.<\/p>\n<\/div>\n<\/div>\n<div id=\"chunk-9a90a\">\n<div class=\"mc-column content-text active-extra-styles \" data-block-type=\"unstyled\" data-block-weight=\"33\" data-block-id=\"57\">\n<p class=\"content-text__container \" data-track-category=\"Link no Texto\" data-track-links=\"\">&#8211;\u00a0<strong>2\u00ba Secret\u00e1rio<\/strong>: representa a C\u00e2mara nas suas rela\u00e7\u00f5es com as embaixadas, com o Minist\u00e9rio das Rela\u00e7\u00f5es Exteriores e trata de assuntos pertinentes a passaportes diplom\u00e1ticos, passaportes oficiais e vistos para miss\u00e3o oficial.<\/p>\n<\/div>\n<\/div>\n<div id=\"chunk-9aibk\">\n<div class=\"mc-column content-text active-extra-styles \" data-block-type=\"unstyled\" data-block-weight=\"17\" data-block-id=\"58\">\n<p class=\"content-text__container \" data-track-category=\"Link no Texto\" data-track-links=\"\">&#8211;\u00a0<strong>3\u00ba Secret\u00e1rio<\/strong>: autoriza reembolso de passagens a\u00e9reas e analisa pedidos de licen\u00e7a e justificativas de faltas;<\/p>\n<\/div>\n<\/div>\n<div id=\"chunk-1vnj8\">\n<div class=\"mc-column content-text active-extra-styles \" data-block-type=\"unstyled\" data-block-weight=\"16\" data-block-id=\"59\">\n<p class=\"content-text__container \" data-track-category=\"Link no Texto\" data-track-links=\"\">&#8211;\u00a0<strong>4\u00ba Secret\u00e1rio<\/strong>: supervisiona a concess\u00e3o de apartamentos funcionais ou o pagamento de aux\u00edlio-moradia aos deputados;<\/p>\n<\/div>\n<\/div>\n<div id=\"chunk-383pr\">\n<div class=\"mc-column content-text active-extra-styles \" data-block-type=\"unstyled\" data-block-weight=\"17\" data-block-id=\"60\">\n<p class=\"content-text__container \" data-track-category=\"Link no Texto\" data-track-links=\"\">&#8211;\u00a0<strong>Quatro suplentes de secret\u00e1rios<\/strong>: substituem os titulares em suas aus\u00eancias e participam de reuni\u00f5es da Mesa.<\/p>\n<\/div>\n<\/div>\n<\/div>\n<\/article>\n<\/div>\n","protected":false},"excerpt":{"rendered":"<p>Abertura do ano do Legislativo vai ter tamb\u00e9m a posse dos parlamentares eleitos em 2022. Veja o roteiro do dia no Congresso e as regras das elei\u00e7\u00f5es. Por Elisa Clavery e Vin\u00edcius Cassela, TV Globo e g1\u00a0\u2014 Bras\u00edlia A C\u00e2mara dos Deputados e o\u00a0Senado Federal\u00a0v\u00e3o eleger nesta quarta-feira (1\u00ba) seus respectivos presidentes para os pr\u00f3ximos [&hellip;]<\/p>\n","protected":false},"author":2,"featured_media":0,"comment_status":"open","ping_status":"open","sticky":false,"template":"","format":"standard","meta":{"_links_to":"","_links_to_target":""},"categories":[7,9,8,1],"tags":[],"_links":{"self":[{"href":"https:\/\/www.ilheusnoticias.net.br\/v1\/wp-json\/wp\/v2\/posts\/30854"}],"collection":[{"href":"https:\/\/www.ilheusnoticias.net.br\/v1\/wp-json\/wp\/v2\/posts"}],"about":[{"href":"https:\/\/www.ilheusnoticias.net.br\/v1\/wp-json\/wp\/v2\/types\/post"}],"author":[{"embeddable":true,"href":"https:\/\/www.ilheusnoticias.net.br\/v1\/wp-json\/wp\/v2\/users\/2"}],"replies":[{"embeddable":true,"href":"https:\/\/www.ilheusnoticias.net.br\/v1\/wp-json\/wp\/v2\/comments?post=30854"}],"version-history":[{"count":1,"href":"https:\/\/www.ilheusnoticias.net.br\/v1\/wp-json\/wp\/v2\/posts\/30854\/revisions"}],"predecessor-version":[{"id":30855,"href":"https:\/\/www.ilheusnoticias.net.br\/v1\/wp-json\/wp\/v2\/posts\/30854\/revisions\/30855"}],"wp:attachment":[{"href":"https:\/\/www.ilheusnoticias.net.br\/v1\/wp-json\/wp\/v2\/media?parent=30854"}],"wp:term":[{"taxonomy":"category","embeddable":true,"href":"https:\/\/www.ilheusnoticias.net.br\/v1\/wp-json\/wp\/v2\/categories?post=30854"},{"taxonomy":"post_tag","embeddable":true,"href":"https:\/\/www.ilheusnoticias.net.br\/v1\/wp-json\/wp\/v2\/tags?post=30854"}],"curies":[{"name":"wp","href":"https:\/\/api.w.org\/{rel}","templated":true}]}}