{"id":30852,"date":"2023-02-01T07:53:23","date_gmt":"2023-02-01T10:53:23","guid":{"rendered":"https:\/\/www.ilheusnoticias.net.br\/v1\/?p=30852"},"modified":"2023-02-01T07:53:23","modified_gmt":"2023-02-01T10:53:23","slug":"em-salvador-prefeito-mario-alexandre-se-reune-com-membros-da-upb-e-endossa-pautas-municipalistas","status":"publish","type":"post","link":"https:\/\/www.ilheusnoticias.net.br\/v1\/2023\/02\/01\/em-salvador-prefeito-mario-alexandre-se-reune-com-membros-da-upb-e-endossa-pautas-municipalistas\/","title":{"rendered":"Em Salvador, prefeito M\u00e1rio Alexandre se re\u00fane com membros da UPB e endossa pautas municipalistas"},"content":{"rendered":"<div class=\"imagem thumbnail col-xs-12 col-sm-8 col-md-6 col-lg-6 imagem-materia\"><a class=\"fresco\" title=\"\" href=\"https:\/\/portalfacilarquivos.blob.core.windows.net\/uploads\/ILHEUS\/imgOrig\/%7B32DCC6C0-0BCB-C8CD-EC22-E1CE2A03DA2E%7D.jpg\" data-fresco-caption=\"\"><img loading=\"lazy\" title=\"\" src=\"https:\/\/portalfacilarquivos.blob.core.windows.net\/uploads\/ILHEUS\/img\/%7B32DCC6C0-0BCB-C8CD-EC22-E1CE2A03DA2E%7D\/%7B32DCC6C0-0BCB-C8CD-EC22-E1CE2A03DA2E%7D_650X450.jpg\" alt=\"reuni\u00e3o; upb\" width=\"650\" height=\"450\" \/><\/a><\/div>\n<p>Realizada nesta ter\u00e7a-feira (31) pela Uni\u00e3o dos Munic\u00edpios da Bahia (UPB), a Reuni\u00e3o dos Prefeitos e Prefeitas da Bahia contou com a presen\u00e7a de gestores de diversas regi\u00f5es do estado, a fim de definir pautas priorit\u00e1rias e discutir as principais demandas apresentadas neste in\u00edcio de ano. O evento ocorreu na sede da entidade, em Salvador, e representa\u00a0um momento crucial para relatar dificuldades e buscar solu\u00e7\u00f5es conjuntas.<\/p>\n<p>Presente no encontro, o prefeito M\u00e1rio Alexandre, que ocupa a fun\u00e7\u00e3o de segundo secret\u00e1rio da UPB, frisou a import\u00e2ncia de estreitar o di\u00e1logo com o governo federal, por meio de uma atua\u00e7\u00e3o integrada. \u201cPrecisamos unir os prefeitos, principalmente nas idas a Bras\u00edlia para refor\u00e7ar nossas lutas. Vamos aproveitar e construir esse novo momento com o governo federal\u201d.<\/p>\n<div class=\"imagem thumbnail col-xs-12 col-sm-8 col-md-6 col-lg-6 imagem-materia\"><a class=\"fresco\" title=\"\" href=\"https:\/\/portalfacilarquivos.blob.core.windows.net\/uploads\/ILHEUS\/imgOrig\/%7BEACD118D-46C4-4BD1-44CC-A3C12EA0EEE2%7D.jpg\" data-fresco-caption=\"\"><img loading=\"lazy\" title=\"\" src=\"https:\/\/portalfacilarquivos.blob.core.windows.net\/uploads\/ILHEUS\/img\/%7BEACD118D-46C4-4BD1-44CC-A3C12EA0EEE2%7D\/%7BEACD118D-46C4-4BD1-44CC-A3C12EA0EEE2%7D_650X450.jpg\" alt=\"reuni\u00e3o; upb\" width=\"650\" height=\"450\" \/><\/a><\/p>\n<p class=\"bg-primary\">O gestor ilheense enfatizou que por meio da representatividade na Assembleia Legislativa da Bahia (ALBA), atrav\u00e9s do mandato da deputada Soane Galv\u00e3o, e com o apoio do ministro Rui Costa, as prefeituras pertencentes ao sul da Bahia, em especial, continuar\u00e3o mobilizadas na busca por investimentos e recursos para tocar o projeto de desenvolvimento regional.<\/p>\n<\/div>\n<p><strong>Marcha a Bras\u00edlia &#8211;<\/strong>\u00a0Entre os assuntos em pauta, as bandeiras que ser\u00e3o levadas pela Bahia \u00e0 24\u00aa edi\u00e7\u00e3o do evento, que ocorrer\u00e1 entre os dias 27 e 30 de mar\u00e7o deste ano. A defesa de um novo Pacto Federativo, com a revis\u00e3o de repasse e de obriga\u00e7\u00f5es dos munic\u00edpios e a Proposta de Emenda \u00e0 Constitui\u00e7\u00e3o (PEC) da redu\u00e7\u00e3o da al\u00edquota do INSS tamb\u00e9m foram postas como prioridades apontadas pelos prefeitos e prefeitas presentes na reuni\u00e3o.<\/p>\n","protected":false},"excerpt":{"rendered":"<p>Realizada nesta ter\u00e7a-feira (31) pela Uni\u00e3o dos Munic\u00edpios da Bahia (UPB), a Reuni\u00e3o dos Prefeitos e Prefeitas da Bahia contou com a presen\u00e7a de gestores de diversas regi\u00f5es do estado, a fim de definir pautas priorit\u00e1rias e discutir as principais demandas apresentadas neste in\u00edcio de ano. O evento ocorreu na sede da entidade, em Salvador, [&hellip;]<\/p>\n","protected":false},"author":2,"featured_media":0,"comment_status":"open","ping_status":"open","sticky":false,"template":"","format":"standard","meta":{"_links_to":"","_links_to_target":""},"categories":[7,9,8,1],"tags":[],"_links":{"self":[{"href":"https:\/\/www.ilheusnoticias.net.br\/v1\/wp-json\/wp\/v2\/posts\/30852"}],"collection":[{"href":"https:\/\/www.ilheusnoticias.net.br\/v1\/wp-json\/wp\/v2\/posts"}],"about":[{"href":"https:\/\/www.ilheusnoticias.net.br\/v1\/wp-json\/wp\/v2\/types\/post"}],"author":[{"embeddable":true,"href":"https:\/\/www.ilheusnoticias.net.br\/v1\/wp-json\/wp\/v2\/users\/2"}],"replies":[{"embeddable":true,"href":"https:\/\/www.ilheusnoticias.net.br\/v1\/wp-json\/wp\/v2\/comments?post=30852"}],"version-history":[{"count":1,"href":"https:\/\/www.ilheusnoticias.net.br\/v1\/wp-json\/wp\/v2\/posts\/30852\/revisions"}],"predecessor-version":[{"id":30853,"href":"https:\/\/www.ilheusnoticias.net.br\/v1\/wp-json\/wp\/v2\/posts\/30852\/revisions\/30853"}],"wp:attachment":[{"href":"https:\/\/www.ilheusnoticias.net.br\/v1\/wp-json\/wp\/v2\/media?parent=30852"}],"wp:term":[{"taxonomy":"category","embeddable":true,"href":"https:\/\/www.ilheusnoticias.net.br\/v1\/wp-json\/wp\/v2\/categories?post=30852"},{"taxonomy":"post_tag","embeddable":true,"href":"https:\/\/www.ilheusnoticias.net.br\/v1\/wp-json\/wp\/v2\/tags?post=30852"}],"curies":[{"name":"wp","href":"https:\/\/api.w.org\/{rel}","templated":true}]}}