{"id":30848,"date":"2023-02-01T07:50:33","date_gmt":"2023-02-01T10:50:33","guid":{"rendered":"https:\/\/www.ilheusnoticias.net.br\/v1\/?p=30848"},"modified":"2023-02-01T07:50:33","modified_gmt":"2023-02-01T10:50:33","slug":"volta-as-aulas-sutram-reforca-sinalizacao-de-transito-em-frente-as-escolas","status":"publish","type":"post","link":"https:\/\/www.ilheusnoticias.net.br\/v1\/2023\/02\/01\/volta-as-aulas-sutram-reforca-sinalizacao-de-transito-em-frente-as-escolas\/","title":{"rendered":"Volta \u00e0s aulas: Sutram refor\u00e7a sinaliza\u00e7\u00e3o de tr\u00e2nsito em frente \u00e0s escolas"},"content":{"rendered":"<p>&nbsp;<\/p>\n<div class=\"imagem thumbnail col-xs-12 col-sm-8 col-md-6 col-lg-6 imagem-materia\"><a class=\"fresco\" title=\"\" href=\"https:\/\/portalfacilarquivos.blob.core.windows.net\/uploads\/ILHEUS\/imgOrig\/%7B1AE7042D-8A08-D75D-7EC6-7EC35CCECD13%7D.jpg\" data-fresco-caption=\"\"><img loading=\"lazy\" title=\"\" src=\"https:\/\/portalfacilarquivos.blob.core.windows.net\/uploads\/ILHEUS\/img\/%7B1AE7042D-8A08-D75D-7EC6-7EC35CCECD13%7D\/%7B1AE7042D-8A08-D75D-7EC6-7EC35CCECD13%7D_650X450.jpg\" alt=\"faixas; revitaliza\u00e7\u00e3o; pintura\" width=\"650\" height=\"450\" \/><\/a><\/p>\n<p class=\"bg-primary\">A volta \u00e0s aulas da rede municipal de Ilh\u00e9us est\u00e1 marcada para o dia 13 de fevereiro, e pensando na seguran\u00e7a dos alunos, a Prefeitura realiza uma s\u00e9rie de melhorias com vistas ao in\u00edcio do ano letivo.<\/p>\n<\/div>\n<p>As ruas e avenidas em frente \u00e0s unidades escolares est\u00e3o passando por uma revitaliza\u00e7\u00e3o nas faixas cont\u00ednuas e de pedestres, para que alunos, professores, condutores e popula\u00e7\u00e3o geral possam trafegar com responsabilidade e seguran\u00e7a.<\/p>\n<p>\u201cTemos tido uma preocupa\u00e7\u00e3o muito grande com o tr\u00e2nsito. Por isso estamos investindo tamb\u00e9m na moderniza\u00e7\u00e3o da sinaliza\u00e7\u00e3o semaf\u00f3rica, que vem acontecendo de forma gradativa. Esperamos que dessa forma possamos contribuir para a diminui\u00e7\u00e3o do n\u00famero de acidentes de tr\u00e2nsito em nossa cidade\u201d, explicou Valci Serpa, diretor-geral da Autarquia de Transporte e Tr\u00e2nsito (Sutram).<\/p>\n<p>De acordo com a Sutram, o investimento direcionado \u00e0 instala\u00e7\u00e3o e manuten\u00e7\u00e3o dos sem\u00e1foros soma recursos na ordem de R$ 4,2 milh\u00f5es. As melhorias devem ocorrer a fim de evitar poss\u00edveis transtornos nas vias com maior fluxo de ve\u00edculos.<\/p>\n","protected":false},"excerpt":{"rendered":"<p>&nbsp; A volta \u00e0s aulas da rede municipal de Ilh\u00e9us est\u00e1 marcada para o dia 13 de fevereiro, e pensando na seguran\u00e7a dos alunos, a Prefeitura realiza uma s\u00e9rie de melhorias com vistas ao in\u00edcio do ano letivo. As ruas e avenidas em frente \u00e0s unidades escolares est\u00e3o passando por uma revitaliza\u00e7\u00e3o nas faixas cont\u00ednuas [&hellip;]<\/p>\n","protected":false},"author":2,"featured_media":0,"comment_status":"open","ping_status":"open","sticky":false,"template":"","format":"standard","meta":{"_links_to":"","_links_to_target":""},"categories":[7,9,8,1],"tags":[],"_links":{"self":[{"href":"https:\/\/www.ilheusnoticias.net.br\/v1\/wp-json\/wp\/v2\/posts\/30848"}],"collection":[{"href":"https:\/\/www.ilheusnoticias.net.br\/v1\/wp-json\/wp\/v2\/posts"}],"about":[{"href":"https:\/\/www.ilheusnoticias.net.br\/v1\/wp-json\/wp\/v2\/types\/post"}],"author":[{"embeddable":true,"href":"https:\/\/www.ilheusnoticias.net.br\/v1\/wp-json\/wp\/v2\/users\/2"}],"replies":[{"embeddable":true,"href":"https:\/\/www.ilheusnoticias.net.br\/v1\/wp-json\/wp\/v2\/comments?post=30848"}],"version-history":[{"count":1,"href":"https:\/\/www.ilheusnoticias.net.br\/v1\/wp-json\/wp\/v2\/posts\/30848\/revisions"}],"predecessor-version":[{"id":30849,"href":"https:\/\/www.ilheusnoticias.net.br\/v1\/wp-json\/wp\/v2\/posts\/30848\/revisions\/30849"}],"wp:attachment":[{"href":"https:\/\/www.ilheusnoticias.net.br\/v1\/wp-json\/wp\/v2\/media?parent=30848"}],"wp:term":[{"taxonomy":"category","embeddable":true,"href":"https:\/\/www.ilheusnoticias.net.br\/v1\/wp-json\/wp\/v2\/categories?post=30848"},{"taxonomy":"post_tag","embeddable":true,"href":"https:\/\/www.ilheusnoticias.net.br\/v1\/wp-json\/wp\/v2\/tags?post=30848"}],"curies":[{"name":"wp","href":"https:\/\/api.w.org\/{rel}","templated":true}]}}