{"id":30844,"date":"2023-01-31T08:30:03","date_gmt":"2023-01-31T11:30:03","guid":{"rendered":"https:\/\/www.ilheusnoticias.net.br\/v1\/?p=30844"},"modified":"2023-01-31T08:30:03","modified_gmt":"2023-01-31T11:30:03","slug":"professor-de-futebol-denunciado-por-estupro-de-adolescente-na-bahia-e-arbitro-esportivo-ha-mais-de-15-anos","status":"publish","type":"post","link":"https:\/\/www.ilheusnoticias.net.br\/v1\/2023\/01\/31\/professor-de-futebol-denunciado-por-estupro-de-adolescente-na-bahia-e-arbitro-esportivo-ha-mais-de-15-anos\/","title":{"rendered":"Professor de futebol denunciado por estupro de adolescente na Bahia \u00e9 \u00e1rbitro esportivo h\u00e1 mais de 15 anos"},"content":{"rendered":"<div class=\"row content-head non-featured \">\n<div class=\"title\" data-block-type=\"title\" data-block-id=\"0\">\n<h1 class=\"content-head__title\"><span style=\"font-size: 16px;\">Homem tamb\u00e9m possui escolinha de futebol. V\u00edtima foi ajudada por outro professor, que registrou ocorr\u00eancia e acionou Conselho Tutelar.<\/span><\/h1>\n<\/div>\n<\/div>\n<div class=\"content__signa-share\">\n<div class=\"content__signature\">\n<div class=\"content-publication-data\">\n<div class=\"content-publication-data__text\">\n<p class=\"content-publication-data__from\" title=\"g1 BA e TV Suba\u00e9\">Por g1 BA e TV Suba\u00e9<\/p>\n<p class=\"content-publication-data__updated\">O professor de futebol que foi denunciado pelo estupro de um adolescente na cidade de <a href=\"https:\/\/g1.globo.com\/ba\/bahia\/cidade\/muritiba\/\">Muritiba<\/a>, no Rec\u00f4ncavo Baiano, \u00e9 \u00e1rbitro esportivo h\u00e1 mais de 15 anos. Ele tamb\u00e9m tem uma escolinha de futebol em\u00a0<a href=\"https:\/\/g1.globo.com\/ba\/bahia\/cidade\/feira-de-santana\/\">Feira de Santana<\/a>. Nesta ter\u00e7a-feira (31), ele ainda n\u00e3o se apresentou \u00e0 pol\u00edcia<\/p>\n<\/div>\n<\/div>\n<\/div>\n<\/div>\n<div class=\"mc-article-body\">\n<article>\n<div class=\"wall protected-content\">\n<div id=\"chunk-bevdb\">\n<div class=\"mc-column content-text active-extra-styles \" data-block-type=\"unstyled\" data-block-weight=\"40\" data-block-id=\"8\">\n<p class=\"content-text__container \" data-track-category=\"Link no Texto\" data-track-links=\"\">O nome do investigado ainda n\u00e3o foi divulgado. A Liga Feirense de Desportos, onde ele \u00e9 membro, o afastou das atividades. A defesa do professor negou que houve estupro e\u00a0<a href=\"https:\/\/g1.globo.com\/ba\/bahia\/noticia\/2023\/01\/30\/defesa-de-professor-de-futebol-suspeito-de-estuprar-adolescentes-durante-campeonato-na-bahia-diz-que-relacoes-foram-consensuais.ghtml\">afirmou que as rela\u00e7\u00f5es sexuais com os adolescentes foram &#8220;consensuais&#8221;<\/a>.<\/p>\n<\/div>\n<\/div>\n<div id=\"chunk-50j62\">\n<div class=\"mc-column content-text active-extra-styles \" data-block-type=\"unstyled\" data-block-weight=\"39\" data-block-id=\"9\">\n<p class=\"content-text__container \" data-track-category=\"Link no Texto\" data-track-links=\"\">Dois meninos foram v\u00edtimas do professor, sendo que um dos casos \u00e9 investigado pela Pol\u00edcia Civil como estupro. No caso do segundo adolescente, a pol\u00edcia informou que ele tamb\u00e9m prestar\u00e1 depoimento, mas n\u00e3o detalhou se ocorreu o abuso sexual.<\/p>\n<\/div>\n<\/div>\n<div id=\"chunk-4qe0v\">\n<div class=\"mc-column content-text active-extra-styles \" data-block-type=\"unstyled\" data-block-weight=\"31\" data-block-id=\"11\">\n<p class=\"content-text__container \" data-track-category=\"Link no Texto\" data-track-links=\"\">Antes de denunciar um professor de futebol em delegacia, o\u00a0<a href=\"https:\/\/g1.globo.com\/ba\/bahia\/noticia\/2023\/01\/30\/antes-de-denunciar-estupro-de-professor-de-futebol-na-bahia-adolescente-mandou-mensagem-para-o-pai-vem-me-buscar.ghtml\">adolescente chegou a mandar uma mensagem para o pai, atrav\u00e9s das redes sociais, com um pedido de socorro<\/a>. Veja mensagem abaixo:<\/p>\n<\/div>\n<\/div>\n<div id=\"chunk-4c223\">\n<div class=\"row medium-uncollapsed content-media content-photo\" data-block-type=\"backstage-photo\" data-block-id=\"12\">\n<div class=\"mc-column content-media__container\">\n<div class=\"content-media-container glb-skeleton-box\">\n<figure class=\"content-media-figure\"><img class=\"i-amphtml-fill-content i-amphtml-replaced-content\" src=\"https:\/\/s2.glbimg.com\/bZlSvn2nv8SHjK2rx5BaRSKlh1o=\/0x0:1920x1080\/984x0\/smart\/filters:strip_icc()\/i.s3.glbimg.com\/v1\/AUTH_59edd422c0c84a879bd37670ae4f538a\/internal_photos\/bs\/2023\/A\/k\/tZt7aPSVG4ngOuGrF05g\/g1-abuso-sexual.jpg\" sizes=\"(max-width: 1707px) 648px, 100vw\" srcset=\"https:\/\/s2.glbimg.com\/-dQ39P36zho9catWnXTEfIZUVEc=\/0x0:1920x1080\/1000x0\/smart\/filters:strip_icc()\/i.s3.glbimg.com\/v1\/AUTH_59edd422c0c84a879bd37670ae4f538a\/internal_photos\/bs\/2023\/A\/k\/tZt7aPSVG4ngOuGrF05g\/g1-abuso-sexual.jpg 1000w, https:\/\/s2.glbimg.com\/bZlSvn2nv8SHjK2rx5BaRSKlh1o=\/0x0:1920x1080\/984x0\/smart\/filters:strip_icc()\/i.s3.glbimg.com\/v1\/AUTH_59edd422c0c84a879bd37670ae4f538a\/internal_photos\/bs\/2023\/A\/k\/tZt7aPSVG4ngOuGrF05g\/g1-abuso-sexual.jpg 984w, https:\/\/s2.glbimg.com\/RkonMkH_1-G-fc9QgtzCB6FLSZE=\/0x0:1920x1080\/640x0\/smart\/filters:strip_icc()\/i.s3.glbimg.com\/v1\/AUTH_59edd422c0c84a879bd37670ae4f538a\/internal_photos\/bs\/2023\/A\/k\/tZt7aPSVG4ngOuGrF05g\/g1-abuso-sexual.jpg 640w, https:\/\/s2.glbimg.com\/fILbcR7GGUw_BF1xlemyU1POGzE=\/0x0:1920x1080\/600x0\/smart\/filters:strip_icc()\/i.s3.glbimg.com\/v1\/AUTH_59edd422c0c84a879bd37670ae4f538a\/internal_photos\/bs\/2023\/A\/k\/tZt7aPSVG4ngOuGrF05g\/g1-abuso-sexual.jpg 600w\" alt=\"V\u00edtima pediu ajuda ao pai ap\u00f3s ass\u00e9dio de professor de futebol \u2014 Foto: Arquivo pessoal\" \/><\/figure>\n<\/div>\n<p class=\"content-media__description \">V\u00edtima pediu ajuda ao pai ap\u00f3s ass\u00e9dio de professor de futebol \u2014 Foto: Arquivo pessoal<\/p>\n<\/div>\n<\/div>\n<\/div>\n<div id=\"chunk-a5d2d\">\n<div class=\"content-ads content-ads--reveal\" data-block-type=\"ads\" data-block-id=\"13\">\n<div id=\"banner_materia2\" class=\"tag-manager-publicidade-container mc-has-reveal mc-has-ad-lazyload tag-manager-publicidade-banner_materia2 tag-manager-publicidade-container--carregado tag-manager-publicidade-container--visivel\" data-id=\"banner_materia2\" data-google-query-id=\"CLal6MrZ8fwCFW20lQIdVLgNcA\">\n<div id=\"google_ads_iframe_\/95377733\/tvg_G1\/Sua_Regiao&gt;Nordeste&gt;Bahia_3__container__\" style=\"box-sizing: inherit; margin: auto; padding: 0px; border: 0pt none; font: inherit; vertical-align: initial; max-width: 100%; text-align: center; width: 970px; height: 250px;\">A defesa do investigado por estupro sustenta que depois de ter &#8220;feito sexo&#8221; com o professor, os adolescentes pediram ao homem que os encaminhassem para o time de base, o que ele teria negado porque eles n\u00e3o &#8220;estavam no n\u00edvel necess\u00e1rio&#8221;. Conforme o advogado, os adolescentes teriam se revoltado e contado aos pais que houve um estupro. O caso ocorreu em 22 de janeiro, quando centenas de adolescentes participaram de uma seletiva em Feira de Santana, a cerca de 100 km de Salvador. Entre os participantes, 35 foram levados a um alojamento em Muritiba, onde disputariam um campeonato. Alguns pais chegaram a ir at\u00e9 o local para conferir as instala\u00e7\u00f5es. Na quinta-feira (26), um dos adolescentes, que n\u00e3o teve idade divulgada, entrou em contato com o pai, e pediu para que ele fosse busc\u00e1-lo, porque o professor seria &#8220;ped\u00f3filo&#8221;. Em seguida, o adolescente foi interceptado pelo professor, que viu o conte\u00fado da mensagem. O garoto relatou \u00e0 pol\u00edcia ter sido trancado pelo homem em uma sala e obrigado a gravar um v\u00eddeo dizendo que tudo n\u00e3o passava de uma brincadeira. Essa filmagem foi encaminhada ao pai dele.<img class=\"i-amphtml-fill-content i-amphtml-replaced-content\" src=\"https:\/\/s2.glbimg.com\/8xAuTLcUeaaB9gm719bFxigScy8=\/0x0:1247x767\/984x0\/smart\/filters:strip_icc()\/i.s3.glbimg.com\/v1\/AUTH_59edd422c0c84a879bd37670ae4f538a\/internal_photos\/bs\/2021\/k\/v\/YFNptuRGmKZiFVzqnD1w\/feirailustrativa10062021.jpg\" sizes=\"(max-width: 1707px) 648px, 100vw\" srcset=\"https:\/\/s2.glbimg.com\/I4wBGG83Va4Hv2vY0Pm42RbO_v4=\/0x0:1247x767\/1000x0\/smart\/filters:strip_icc()\/i.s3.glbimg.com\/v1\/AUTH_59edd422c0c84a879bd37670ae4f538a\/internal_photos\/bs\/2021\/k\/v\/YFNptuRGmKZiFVzqnD1w\/feirailustrativa10062021.jpg 1000w, https:\/\/s2.glbimg.com\/8xAuTLcUeaaB9gm719bFxigScy8=\/0x0:1247x767\/984x0\/smart\/filters:strip_icc()\/i.s3.glbimg.com\/v1\/AUTH_59edd422c0c84a879bd37670ae4f538a\/internal_photos\/bs\/2021\/k\/v\/YFNptuRGmKZiFVzqnD1w\/feirailustrativa10062021.jpg 984w, https:\/\/s2.glbimg.com\/mj8R_xTNYkpMnVFFpaUHBLDDi0E=\/0x0:1247x767\/640x0\/smart\/filters:strip_icc()\/i.s3.glbimg.com\/v1\/AUTH_59edd422c0c84a879bd37670ae4f538a\/internal_photos\/bs\/2021\/k\/v\/YFNptuRGmKZiFVzqnD1w\/feirailustrativa10062021.jpg 640w, https:\/\/s2.glbimg.com\/KOdzJSS3UOaiajwIhizs30atnKg=\/0x0:1247x767\/600x0\/smart\/filters:strip_icc()\/i.s3.glbimg.com\/v1\/AUTH_59edd422c0c84a879bd37670ae4f538a\/internal_photos\/bs\/2021\/k\/v\/YFNptuRGmKZiFVzqnD1w\/feirailustrativa10062021.jpg 600w\" alt=\"Alguns casos foram denunciados na Delegacia de Feira de Santana \u2014 Foto: Divulga\u00e7\u00e3o\/Pol\u00edcia Civil da Bahia\" \/><\/div>\n<\/div>\n<\/div>\n<\/div>\n<div id=\"chunk-pdih\">\n<div class=\"row medium-uncollapsed content-media content-photo\" data-block-type=\"backstage-photo\" data-block-id=\"19\">\n<div class=\"mc-column content-media__container\">\n<p>&nbsp;<\/p>\n<p>&nbsp;<\/p>\n<p>&nbsp;<\/p>\n<p>&nbsp;<\/p>\n<p>&nbsp;<\/p>\n<p>&nbsp;<\/p>\n<p>&nbsp;<\/p>\n<p class=\"content-media__description \">Alguns casos foram denunciados na Delegacia de Feira de Santana \u2014 Foto: Divulga\u00e7\u00e3o\/Pol\u00edcia Civil da Bahia<\/p>\n<\/div>\n<\/div>\n<\/div>\n<div id=\"chunk-7hs6b\">\n<div class=\"mc-column content-text active-extra-styles \" data-block-type=\"unstyled\" data-block-weight=\"49\" data-block-id=\"21\">\n<p class=\"content-text__container \" data-track-category=\"Link no Texto\" data-track-links=\"\">O adolescente afirmou que, na sala, foi estuprado pelo homem e que, depois, o menino conseguiu fugir do alojamento e parou em uma pra\u00e7a. L\u00e1, ele foi encontrado por outro professor e relatou toda a situa\u00e7\u00e3o. Este segundo professor levou o adolescente at\u00e9 uma delegacia e registrou a ocorr\u00eancia.<\/p>\n<\/div>\n<\/div>\n<div id=\"chunk-3vkph\">\n<div class=\"mc-column content-text active-extra-styles \" data-block-type=\"unstyled\" data-block-weight=\"65\" data-block-id=\"22\">\n<p class=\"content-text__container \" data-track-category=\"Link no Texto\" data-track-links=\"\">&#8220;Depois que ele [o professor denunciado] cometeu o abuso, meu filho conseguiu correr para fora do alojamento, e se deslocou para uma pra\u00e7a l\u00e1, chorando muito. Outro professor que estava l\u00e1, que inclusive foi o que prestou a queixa junto com outro rapaz, acionou o Conselho Tutelar, que imediatamente foi na Delegacia de Muritiba&#8221;, explicou o pai do adolescente, que tamb\u00e9m esteve na delegacia.<\/p>\n<\/div>\n<\/div>\n<div id=\"chunk-134pm\">\n<div class=\"mc-column content-text active-extra-styles \" data-block-type=\"unstyled\" data-block-weight=\"44\" data-block-id=\"23\">\n<p class=\"content-text__container \" data-track-category=\"Link no Texto\" data-track-links=\"\">&#8220;Por\u00e9m n\u00e3o tinha autoridade competente l\u00e1. A\u00ed se deslocaram para Santo Ant\u00f4nio de Jesus, para fazer a queixa, registrar o boletim. No primeiro momento em que vi meu filho, quase desmaio de tanta dor no peito, porque ele estava chorando, se tremendo todo.&#8221;<\/p>\n<\/div>\n<\/div>\n<div id=\"chunk-5rd4l\">\n<div class=\"mc-column content-text active-extra-styles \" data-block-type=\"unstyled\" data-block-weight=\"42\" data-block-id=\"24\">\n<p class=\"content-text__container \" data-track-category=\"Link no Texto\" data-track-links=\"\">O adolescente passar\u00e1 por uma sess\u00e3o no Centro de Refer\u00eancia de Assist\u00eancia Social (Cras), sob o acompanhamento de uma psic\u00f3loga. Um outro jovem dever\u00e1 ser ouvido. A pol\u00edcia informou que ele tamb\u00e9m foi v\u00edtima do professor, mas n\u00e3o detalhou se ocorreu estupro.<\/p>\n<\/div>\n<\/div>\n<div id=\"chunk-dc0bg\">\n<div class=\"content-ads content-ads--reveal\" data-block-type=\"ads\" data-block-id=\"25\">\n<div id=\"banner_materia__b4c4521a-5d16-4f1d-a90c-69c2a1ee970d\" class=\"tag-manager-publicidade-container mc-has-reveal mc-has-ad-lazyload tag-manager-publicidade-banner_materia__b4c4521a-5d16-4f1d-a90c-69c2a1ee970d tag-manager-publicidade-container--carregado tag-manager-publicidade-container--visivel\" data-id=\"banner_materia__b4c4521a-5d16-4f1d-a90c-69c2a1ee970d\" data-google-query-id=\"CJ_3hsvZ8fwCFSCXlQIdiFcI1g\">\n<div id=\"google_ads_iframe_\/95377733\/tvg_G1\/Sua_Regiao&gt;Nordeste&gt;Bahia_5__container__\" style=\"box-sizing: inherit; margin: auto; padding: 0px; border: 0pt none; font: inherit; vertical-align: initial; max-width: 100%; text-align: center; width: 970px; height: 250px;\"><iframe id=\"google_ads_iframe_\/95377733\/tvg_G1\/Sua_Regiao&gt;Nordeste&gt;Bahia_5\" style=\"box-sizing: inherit; margin: 0px; padding: 0px; border: 0px; font: inherit; vertical-align: bottom;\" tabindex=\"0\" title=\"3rd party ad content\" role=\"region\" name=\"google_ads_iframe_\/95377733\/tvg_G1\/Sua_Regiao&gt;Nordeste&gt;Bahia_5\" width=\"970\" height=\"250\" frameborder=\"0\" marginwidth=\"0\" marginheight=\"0\" scrolling=\"no\" aria-label=\"Advertisement\" data-load-complete=\"true\" data-google-container-id=\"6\" data-mce-fragment=\"1\"><\/iframe><\/div>\n<\/div>\n<\/div>\n<\/div>\n<div class=\"mc-column content-text active-extra-styles\" data-block-type=\"raw\" data-block-weight=\"1\" data-block-id=\"26\">\n<p class=\"content-text__container\">\n<div class=\"content-intertitle\">\n<h2>Amea\u00e7as<\/h2>\n<\/div>\n<p>&nbsp;<\/p>\n<\/div>\n<div id=\"chunk-1ikk7\">\n<div class=\"mc-column content-text active-extra-styles \" data-block-type=\"unstyled\" data-block-weight=\"27\" data-block-id=\"27\">\n<p class=\"content-text__container \" data-track-category=\"Link no Texto\" data-track-links=\"\">Com o registro feito, a delegada plantonista encaminhou o adolescente para fazer o exame de corpo de delito. O resultado deve ficar pronto ainda nesta semana.<\/p>\n<\/div>\n<\/div>\n<div class=\"mc-column content-text active-extra-styles\" data-block-type=\"raw\" data-block-weight=\"33\" data-block-id=\"28\">\n<p class=\"content-text__container\">\n<blockquote class=\"content-blockquote theme-border-color-primary-before\"><p>&#8220;Agora meu filho s\u00f3 fica dentro de casa, n\u00e3o quer sair. O que eu quero, no momento, \u00e9 que ele [professor suspeito] seja preso e que a justi\u00e7a seja feita&#8221;, lamentou o pai.<\/p><\/blockquote>\n<p>&nbsp;<\/p>\n<\/div>\n<div id=\"chunk-6pka9\">\n<div class=\"mc-column content-text active-extra-styles \" data-block-type=\"unstyled\" data-block-weight=\"37\" data-block-id=\"29\">\n<p class=\"content-text__container \" data-track-category=\"Link no Texto\" data-track-links=\"\">Os dois adolescentes ficar\u00e3o sob acompanhamento e a Secretaria de Esporte de Feira de Santana informou que presta apoio \u00e0s fam\u00edlias envolvidas. O homem tamb\u00e9m vai ser investigado por amea\u00e7ar as crian\u00e7as e andar armado no alojamento.<\/p>\n<\/div>\n<\/div>\n<div id=\"chunk-epoj5\">\n<div class=\"mc-column content-text active-extra-styles \" data-block-type=\"unstyled\" data-block-weight=\"37\" data-block-id=\"30\">\n<p class=\"content-text__container \" data-track-category=\"Link no Texto\" data-track-links=\"\">&#8220;Os alunos l\u00e1 relataram que ele andava armado. N\u00e3o s\u00f3 armado, como amea\u00e7ando as crian\u00e7as, que se falassem alguma coisa para o pai, ia matar a fam\u00edlia&#8221;, complementou o pai da v\u00edtima que denunciou o caso.<\/p>\n<\/div>\n<\/div>\n<\/div>\n<\/article>\n<\/div>\n","protected":false},"excerpt":{"rendered":"<p>Homem tamb\u00e9m possui escolinha de futebol. V\u00edtima foi ajudada por outro professor, que registrou ocorr\u00eancia e acionou Conselho Tutelar. Por g1 BA e TV Suba\u00e9 O professor de futebol que foi denunciado pelo estupro de um adolescente na cidade de Muritiba, no Rec\u00f4ncavo Baiano, \u00e9 \u00e1rbitro esportivo h\u00e1 mais de 15 anos. Ele tamb\u00e9m tem [&hellip;]<\/p>\n","protected":false},"author":2,"featured_media":0,"comment_status":"open","ping_status":"open","sticky":false,"template":"","format":"standard","meta":{"_links_to":"","_links_to_target":""},"categories":[7,9,8,1],"tags":[],"_links":{"self":[{"href":"https:\/\/www.ilheusnoticias.net.br\/v1\/wp-json\/wp\/v2\/posts\/30844"}],"collection":[{"href":"https:\/\/www.ilheusnoticias.net.br\/v1\/wp-json\/wp\/v2\/posts"}],"about":[{"href":"https:\/\/www.ilheusnoticias.net.br\/v1\/wp-json\/wp\/v2\/types\/post"}],"author":[{"embeddable":true,"href":"https:\/\/www.ilheusnoticias.net.br\/v1\/wp-json\/wp\/v2\/users\/2"}],"replies":[{"embeddable":true,"href":"https:\/\/www.ilheusnoticias.net.br\/v1\/wp-json\/wp\/v2\/comments?post=30844"}],"version-history":[{"count":1,"href":"https:\/\/www.ilheusnoticias.net.br\/v1\/wp-json\/wp\/v2\/posts\/30844\/revisions"}],"predecessor-version":[{"id":30845,"href":"https:\/\/www.ilheusnoticias.net.br\/v1\/wp-json\/wp\/v2\/posts\/30844\/revisions\/30845"}],"wp:attachment":[{"href":"https:\/\/www.ilheusnoticias.net.br\/v1\/wp-json\/wp\/v2\/media?parent=30844"}],"wp:term":[{"taxonomy":"category","embeddable":true,"href":"https:\/\/www.ilheusnoticias.net.br\/v1\/wp-json\/wp\/v2\/categories?post=30844"},{"taxonomy":"post_tag","embeddable":true,"href":"https:\/\/www.ilheusnoticias.net.br\/v1\/wp-json\/wp\/v2\/tags?post=30844"}],"curies":[{"name":"wp","href":"https:\/\/api.w.org\/{rel}","templated":true}]}}