{"id":30842,"date":"2023-01-31T08:24:46","date_gmt":"2023-01-31T11:24:46","guid":{"rendered":"https:\/\/www.ilheusnoticias.net.br\/v1\/?p=30842"},"modified":"2023-01-31T08:24:46","modified_gmt":"2023-01-31T11:24:46","slug":"eleicao-para-camara-e-senado-como-funciona-o-que-esta-em-jogo-quais-sao-os-candidatos-e-quem-apoia-quem","status":"publish","type":"post","link":"https:\/\/www.ilheusnoticias.net.br\/v1\/2023\/01\/31\/eleicao-para-camara-e-senado-como-funciona-o-que-esta-em-jogo-quais-sao-os-candidatos-e-quem-apoia-quem\/","title":{"rendered":"Elei\u00e7\u00e3o para C\u00e2mara e Senado: como funciona, o que est\u00e1 em jogo, quais s\u00e3o os candidatos e quem apoia quem"},"content":{"rendered":"<div class=\"row content-head non-featured \">\n<div class=\"title\" data-block-type=\"title\" data-block-id=\"0\">\n<h1 class=\"content-head__title\"><span style=\"font-size: 16px;\">Principais cargos em disputa s\u00e3o os de presidente das Casas. Atuais comandantes da C\u00e2mara, Arthur Lira, e do Senado, Rodrigo Pacheco, disputam como favoritos.<\/span><\/h1>\n<\/div>\n<\/div>\n<div class=\"content__signa-share\">\n<div class=\"content__signature\">\n<div class=\"content-publication-data\">\n<div class=\"content-publication-data__text\">\n<p class=\"content-publication-data__from\" title=\"Elisa Clavery e Sara Resende, TV Globo \">Por Elisa Clavery e Sara Resende, TV Globo\u00a0\u2014 Bras\u00edlia<\/p>\n<p class=\"content-publication-data__updated\"><img class=\"content-video__placeholder__thumb\" title=\"Entenda a \u2018frente ampla\u2019 que favorece Lira na C\u00e2mara e as costuras pela lideran\u00e7a do Senado\" src=\"https:\/\/s02.video.glbimg.com\/x240\/11325457.jpg\" alt=\"Entenda a \u2018frente ampla\u2019 que favorece Lira na C\u00e2mara e as costuras pela lideran\u00e7a do Senado\" \/><\/p>\n<\/div>\n<\/div>\n<\/div>\n<\/div>\n<div class=\"mc-article-body\">\n<article>\n<div id=\"chunk-4n6qb\">\n<div class=\"bs-video-block mc-column  content-media content-video\" data-block-type=\"backstage-video\" data-block-id=\"1\">\n<div class=\"content-media__container\">\n<div class=\"content-video__bigger-player-description-fixer\">\n<article class=\"content-video\">\n<section class=\"content-video__video-container\">\n<div class=\"content-video__video\">\n<div id=\"wp3-player-1\" class=\"clappr-player\" tabindex=\"9999\" data-player=\"\">\n<div class=\"dfp-ad-overlay dfp-ad-overlay--poster-mode\">\n<div>Entenda a \u2018frente ampla\u2019 que favorece Lira na C\u00e2mara e as costuras pela lideran\u00e7a do Senado<\/div>\n<\/div>\n<\/div>\n<\/div>\n<\/section>\n<\/article>\n<\/div>\n<\/div>\n<\/div>\n<\/div>\n<div id=\"chunk-e39uf\">\n<div class=\"mc-column content-text active-extra-styles \" data-block-type=\"unstyled\" data-block-weight=\"37\" data-block-id=\"3\">\n<p class=\"content-text__container \" data-track-category=\"Link no Texto\" data-track-links=\"\">A\u00a0<a href=\"https:\/\/g1.globo.com\/tudo-sobre\/camara-dos-deputados\/\">C\u00e2mara dos Deputados<\/a>\u00a0e o\u00a0<a href=\"https:\/\/g1.globo.com\/tudo-sobre\/senado-federal\/\">Senado<\/a>\u00a0se preparam para a elei\u00e7\u00e3o desta quarta-feira (1\u00ba) que vai definir, por meio de vota\u00e7\u00e3o secreta, a composi\u00e7\u00e3o da nova Mesa Diretora, respons\u00e1vel pelas fun\u00e7\u00f5es administrativas no Parlamento.<\/p>\n<\/div>\n<\/div>\n<div class=\"wall protected-content\">\n<div id=\"chunk-ej5l5\">\n<div class=\"mc-column content-text active-extra-styles \" data-block-type=\"unstyled\" data-block-weight=\"27\" data-block-id=\"4\">\n<p class=\"content-text__container \" data-track-category=\"Link no Texto\" data-track-links=\"\">Os principais cargos em disputa s\u00e3o os de presidente da C\u00e2mara e do Senado, que ir\u00e3o ditar os trabalhos nas duas Casas pelos pr\u00f3ximos dois anos.<\/p>\n<\/div>\n<\/div>\n<div id=\"chunk-dfi8f\">\n<div class=\"mc-column content-text active-extra-styles \" data-block-type=\"unstyled\" data-block-weight=\"39\" data-block-id=\"6\">\n<p class=\"content-text__container \" data-track-category=\"Link no Texto\" data-track-links=\"\">Favoritos na disputa, est\u00e3o os atuais presidentes da C\u00e2mara,\u00a0<a href=\"https:\/\/g1.globo.com\/politica\/politico\/arthur-lira\/\">Arthur Lira<\/a>\u00a0(<a href=\"https:\/\/g1.globo.com\/politica\/partido\/pp\/\">PP<\/a>-AL), e do Senado,\u00a0<a href=\"https:\/\/g1.globo.com\/politica\/politico\/rodrigo-otavio-soares-pacheco\/\">Rodrigo Pacheco<\/a>\u00a0(<a href=\"https:\/\/g1.globo.com\/politica\/partido\/psd\/\">PSD<\/a>-MG). Ambos articulam alian\u00e7as partid\u00e1rias, que envolvem a distribui\u00e7\u00e3o de fun\u00e7\u00f5es na Mesa e dos comandos das comiss\u00f5es tem\u00e1ticas no Congresso.<\/p>\n<\/div>\n<\/div>\n<div id=\"chunk-dvaqi\">\n<div class=\"mc-column content-text active-extra-styles \" data-block-type=\"unstyled\" data-block-weight=\"43\" data-block-id=\"8\">\n<p class=\"content-text__container \" data-track-category=\"Link no Texto\" data-track-links=\"\">H\u00e1, tamb\u00e9m, uma articula\u00e7\u00e3o em conjunto envolvendo as duas Casas. Parlamentares afirmam que o\u00a0<a href=\"https:\/\/g1.globo.com\/politica\/partido\/pl\/\">PL<\/a>\u00a0abriu m\u00e3o de cargos de relev\u00e2ncia na C\u00e2mara, como a 1\u00aa vice-presid\u00eancia, para conquistar apoio no Senado em favor de Rog\u00e9rio Marinho (PL-RN), principal advers\u00e1rio de Pacheco.<\/p>\n<\/div>\n<\/div>\n<div id=\"chunk-23j33\">\n<div class=\"mc-column content-text active-extra-styles \" data-block-type=\"unstyled\" data-block-weight=\"24\" data-block-id=\"9\">\n<p class=\"content-text__container \" data-track-category=\"Link no Texto\" data-track-links=\"\">Apesar de seguirem movimentos semelhantes de acordos e articula\u00e7\u00f5es, as duas Casas t\u00eam regras diferentes para a elei\u00e7\u00e3o. Entenda abaixo como funciona cada uma.<\/p>\n<\/div>\n<\/div>\n<div class=\"mc-column content-text active-extra-styles\" data-block-type=\"raw\" data-block-weight=\"6\" data-block-id=\"11\">\n<div class=\"content-intertitle\">\n<h2>Quem s\u00e3o os candidatos \u00e0 presid\u00eancia?<\/h2>\n<\/div>\n<\/div>\n<div id=\"chunk-40ihe\">\n<div class=\"mc-column content-text active-extra-styles \" data-block-type=\"unstyled\" data-block-weight=\"1\" data-block-id=\"12\">\n<p class=\"content-text__container \" data-track-category=\"Link no Texto\" data-track-links=\"\"><strong>C\u00e2mara<\/strong><\/p>\n<\/div>\n<\/div>\n<div id=\"chunk-baf36\">\n<div class=\"mc-column content-text active-extra-styles \" data-block-type=\"unstyled\" data-block-weight=\"9\" data-block-id=\"13\">\n<p class=\"content-text__container \" data-track-category=\"Link no Texto\" data-track-links=\"\">At\u00e9 agora, apenas dois candidatos anunciaram oficialmente suas candidaturas:<\/p>\n<\/div>\n<\/div>\n<div class=\"mc-column content-text active-extra-styles\" data-block-type=\"raw\" data-block-weight=\"3\" data-block-id=\"14\">\n<ul class=\"content-unordered-list\">\n<li><strong>Arthur Lira (PP-AL)<\/strong><\/li>\n<\/ul>\n<\/div>\n<div id=\"chunk-4u9i2\">\n<div class=\"mc-column content-text active-extra-styles \" data-block-type=\"unstyled\" data-block-weight=\"22\" data-block-id=\"15\">\n<p class=\"content-text__container \" data-track-category=\"Link no Texto\" data-track-links=\"\">Atual presidente da C\u00e2mara, Arthur Lira busca a reelei\u00e7\u00e3o. Nascido em Macei\u00f3 (AL), tem 53 anos, \u00e9 empres\u00e1rio, advogado e agropecuarista.<\/p>\n<\/div>\n<\/div>\n<div id=\"chunk-e6asi\">\n<div class=\"content-ads content-ads--reveal\" data-block-type=\"ads\" data-block-id=\"16\">\n<div id=\"banner_materia__74f414e8-b701-4d53-b7fa-5bd533f74fbb\" class=\"tag-manager-publicidade-container mc-has-reveal mc-has-ad-lazyload tag-manager-publicidade-banner_materia__74f414e8-b701-4d53-b7fa-5bd533f74fbb tag-manager-publicidade-container--carregado tag-manager-publicidade-container--visivel\" data-id=\"banner_materia__74f414e8-b701-4d53-b7fa-5bd533f74fbb\" data-google-query-id=\"COn0pYfY8fwCFROVlQId_p8HJg\">\n<div id=\"google_ads_iframe_\/95377733\/tvg_G1\/Politica_4__container__\">Nos dois anos de mandato como presidente da Casa, se mostrou um aliado de <a href=\"https:\/\/g1.globo.com\/politica\/politico\/jair-bolsonaro\/\">Jair Bolsonaro<\/a>\u00a0e fez campanha para o ex-presidente durante as elei\u00e7\u00f5es. Foi, no entanto, o primeiro chefe de Poder a reconhecer o resultado das urnas, que consagraram a vit\u00f3ria de\u00a0<a href=\"https:\/\/g1.globo.com\/politica\/politico\/lula\/\">Lula<\/a>\u00a0como presidente da Rep\u00fablica.<\/div>\n<\/div>\n<\/div>\n<\/div>\n<div id=\"chunk-1r9c\">\n<div class=\"mc-column content-text active-extra-styles \" data-block-type=\"unstyled\" data-block-weight=\"50\" data-block-id=\"18\">\n<p class=\"content-text__container \" data-track-category=\"Link no Texto\" data-track-links=\"\">\u00c9 tamb\u00e9m um dos principais nomes do Centr\u00e3o e um dos articuladores e defensores das emendas de relator, que ficaram conhecidas como or\u00e7amento secreto pela falta de transpar\u00eancia e disparidade na distribui\u00e7\u00e3o entre os parlamentares. Esses recursos foram declarados inconstitucionais pelo Supremo Tribunal Federal (<a href=\"https:\/\/g1.globo.com\/tudo-sobre\/supremo-tribunal-federal\/\">STF<\/a>) no ano passado.<\/p>\n<\/div>\n<\/div>\n<div class=\"mc-column content-text active-extra-styles\" data-block-type=\"raw\" data-block-weight=\"3\" data-block-id=\"19\">\n<ul class=\"content-unordered-list\">\n<li><a href=\"https:\/\/g1.globo.com\/politica\/politico\/chico-alencar\/\"><strong>Chico Alencar<\/strong><\/a><strong>\u00a0(<\/strong><a href=\"https:\/\/g1.globo.com\/politica\/partido\/psol\/\"><strong>PSOL<\/strong><\/a><strong>-RJ)<\/strong><\/li>\n<\/ul>\n<\/div>\n<div id=\"chunk-dat1f\">\n<div class=\"mc-column content-text active-extra-styles \" data-block-type=\"unstyled\" data-block-weight=\"41\" data-block-id=\"20\">\n<p class=\"content-text__container \" data-track-category=\"Link no Texto\" data-track-links=\"\">Chico Alencar foi eleito vereador pelo Rio de Janeiro em 2020, cargo que deixar\u00e1 para ocupar seu quinto mandato como deputado federal a partir de 2023. Sua candidatura \u00e9 uma tentativa do PSOL de marcar posi\u00e7\u00e3o em contraponto a Lira.<\/p>\n<\/div>\n<\/div>\n<div id=\"chunk-3k712\">\n<div class=\"mc-column content-text active-extra-styles \" data-block-type=\"unstyled\" data-block-weight=\"22\" data-block-id=\"21\">\n<p class=\"content-text__container \" data-track-category=\"Link no Texto\" data-track-links=\"\">Segundo Alencar, um &#8220;Lira empoderado, com quase 500 votos, representaria um Centr\u00e3o fortalecido como nunca, e uma chantagem permanente sobre Lula&#8221;.<\/p>\n<\/div>\n<\/div>\n<div id=\"chunk-4uhba\">\n<div class=\"mc-column content-text active-extra-styles \" data-block-type=\"unstyled\" data-block-weight=\"41\" data-block-id=\"22\">\n<p class=\"content-text__container \" data-track-category=\"Link no Texto\" data-track-links=\"\">Natural do Rio de Janeiro, Chico tem 73 anos, \u00e9 professor de hist\u00f3ria, mestre e doutorando em educa\u00e7\u00e3o. O parlamentar j\u00e1 concorreu \u00e0 presid\u00eancia da C\u00e2mara dos Deputados em 2011, 2013 e 2015. Antes do PSOL, era filiado ao\u00a0<a href=\"https:\/\/g1.globo.com\/politica\/partido\/pt\/\">PT<\/a>.<\/p>\n<\/div>\n<\/div>\n<div id=\"chunk-7jn65\">\n<div class=\"mc-column content-text active-extra-styles \" data-block-type=\"unstyled\" data-block-weight=\"1\" data-block-id=\"24\">\n<p class=\"content-text__container \" data-track-category=\"Link no Texto\" data-track-links=\"\"><strong>Senado<\/strong><\/p>\n<\/div>\n<\/div>\n<div class=\"mc-column content-text active-extra-styles\" data-block-type=\"raw\" data-block-weight=\"3\" data-block-id=\"25\">\n<ul class=\"content-unordered-list\">\n<li><strong>Rodrigo Pacheco (PSD-MG)<\/strong><\/li>\n<\/ul>\n<\/div>\n<div id=\"chunk-5qtfj\">\n<div class=\"mc-column content-text active-extra-styles \" data-block-type=\"unstyled\" data-block-weight=\"30\" data-block-id=\"26\">\n<p class=\"content-text__container \" data-track-category=\"Link no Texto\" data-track-links=\"\">Rodrigo Pacheco tem 46 anos e nasceu em Porto Velho (RO), mas se mudou na inf\u00e2ncia para Minas Gerais, onde se formou em direito pela Pontif\u00edcia Universidade Cat\u00f3lica (PUC-MG).<\/p>\n<\/div>\n<\/div>\n<div id=\"chunk-bnttu\">\n<div class=\"mc-column content-text active-extra-styles \" data-block-type=\"unstyled\" data-block-weight=\"28\" data-block-id=\"27\">\n<p class=\"content-text__container \" data-track-category=\"Link no Texto\" data-track-links=\"\">\u00c9 advogado criminalista e fez parte da defesa de um ex-diretor do Banco Rural no julgamento do mensal\u00e3o. Tamb\u00e9m ocupou cargos na\u00a0<a href=\"https:\/\/g1.globo.com\/tudo-sobre\/oab\/\">Ordem dos Advogados do Brasil<\/a>\u00a0(OAB).<\/p>\n<\/div>\n<\/div>\n<div id=\"chunk-7hbqr\">\n<div class=\"mc-column content-text active-extra-styles \" data-block-type=\"unstyled\" data-block-weight=\"42\" data-block-id=\"28\">\n<p class=\"content-text__container \" data-track-category=\"Link no Texto\" data-track-links=\"\">Em 2014, foi eleito deputado federal pelo\u00a0<a href=\"https:\/\/g1.globo.com\/politica\/partido\/mdb\/\">MDB<\/a>. Na C\u00e2mara, votou pelo impeachment da ex-presidente Dilma Rousseff; presidiu a Comiss\u00e3o de Constitui\u00e7\u00e3o e Justi\u00e7a (CCJ) e esteve \u00e0 frente do colegiado durante a an\u00e1lise de den\u00fancias contra o ex-presidente\u00a0<a href=\"https:\/\/g1.globo.com\/politica\/politico\/michel-temer\/\">Michel Temer<\/a>\u00a0(MDB).<\/p>\n<\/div>\n<\/div>\n<div id=\"chunk-e0sv4\">\n<div class=\"mc-column content-text active-extra-styles \" data-block-type=\"unstyled\" data-block-weight=\"24\" data-block-id=\"29\">\n<p class=\"content-text__container \" data-track-category=\"Link no Texto\" data-track-links=\"\">Est\u00e1 no primeiro mandato como senador. Foi eleito presidente do Senado em 2021, com apoio de Davi Alcolumbre (Uni\u00e3o-AP), que o antecedeu no cargo.<\/p>\n<\/div>\n<\/div>\n<div id=\"chunk-dqqek\">\n<div class=\"mc-column content-text active-extra-styles \" data-block-type=\"unstyled\" data-block-weight=\"22\" data-block-id=\"30\">\n<p class=\"content-text__container \" data-track-category=\"Link no Texto\" data-track-links=\"\">Pacheco tentou manter posi\u00e7\u00e3o de neutralidade durante o governo de Jair Bolsonaro. No in\u00edcio da gest\u00e3o, dialogava com frequ\u00eancia com Bolsonaro.<\/p>\n<\/div>\n<\/div>\n<div id=\"chunk-3pu45\">\n<div class=\"mc-column content-text active-extra-styles \" data-block-type=\"unstyled\" data-block-weight=\"35\" data-block-id=\"31\">\n<p class=\"content-text__container \" data-track-category=\"Link no Texto\" data-track-links=\"\">O mineiro foi se distanciando do bolsonarismo \u00e0 medida em que as amea\u00e7as golpistas se intensificaram. O presidente do Senado sempre se posicionou favor\u00e1vel \u00e0s institui\u00e7\u00f5es democr\u00e1ticas, \u00e0 legitimidade das urnas e da Justi\u00e7a Eleitoral.<\/p>\n<\/div>\n<\/div>\n<div class=\"mc-column content-text active-extra-styles\" data-block-type=\"raw\" data-block-weight=\"3\" data-block-id=\"32\">\n<ul class=\"content-unordered-list\">\n<li><strong>Rog\u00e9rio Marinho (PL-RN)<\/strong><\/li>\n<\/ul>\n<\/div>\n<div id=\"chunk-3t8pj\">\n<div class=\"mc-column content-text active-extra-styles \" data-block-type=\"unstyled\" data-block-weight=\"23\" data-block-id=\"33\">\n<p class=\"content-text__container \" data-track-category=\"Link no Texto\" data-track-links=\"\">Rog\u00e9rio Simonetti Marinho tem 58 anos, \u00e9 economista e professor. Foi ministro do Desenvolvimento Regional entre 2020 e 2022, no governo Jair Bolsonaro<\/p>\n<\/div>\n<\/div>\n<div id=\"chunk-5uat2\">\n<div class=\"content-ads content-ads--reveal\" data-block-type=\"ads\" data-block-id=\"34\">\n<div id=\"banner_materia__af61a18c-0711-4a39-9943-799194f1f370\" class=\"tag-manager-publicidade-container mc-has-reveal mc-has-ad-lazyload tag-manager-publicidade-banner_materia__af61a18c-0711-4a39-9943-799194f1f370 tag-manager-publicidade-container--carregado tag-manager-publicidade-container--visivel\" data-id=\"banner_materia__af61a18c-0711-4a39-9943-799194f1f370\" data-google-query-id=\"CKmstY3Y8fwCFTC4lQIdxUgHiA\">\n<div id=\"google_ads_iframe_\/95377733\/tvg_G1\/Politica_6__container__\">Entre 2019 e 2020 atuou como secret\u00e1rio especial de Previd\u00eancia e Trabalho do Minist\u00e9rio da Economia, na gest\u00e3o Michel Temer (MDB). Foi deputado federal pelo Rio Grande do Norte por tr\u00eas mandatos.<\/div>\n<\/div>\n<\/div>\n<\/div>\n<div id=\"chunk-7dp92\">\n<div class=\"mc-column content-text active-extra-styles \" data-block-type=\"unstyled\" data-block-weight=\"26\" data-block-id=\"36\">\n<p class=\"content-text__container \" data-track-category=\"Link no Texto\" data-track-links=\"\">Em 2022, foi eleito para oito anos de mandato no Senado. \u00c9 o candidato da oposi\u00e7\u00e3o que conta com o apoio da ala bolsonarista do Congresso.<\/p>\n<\/div>\n<\/div>\n<div id=\"chunk-3l2h\">\n<div class=\"mc-column content-text active-extra-styles \" data-block-type=\"unstyled\" data-block-weight=\"21\" data-block-id=\"37\">\n<p class=\"content-text__container \" data-track-category=\"Link no Texto\" data-track-links=\"\">Em declara\u00e7\u00f5es recentes, ele afirmou que o Senado est\u00e1 sendo &#8220;omisso&#8221; diante dos outros Poderes, principalmente o Supremo Tribunal Federal (STF).<\/p>\n<\/div>\n<\/div>\n<div id=\"chunk-ea3bi\">\n<div class=\"mc-column content-text active-extra-styles \" data-block-type=\"unstyled\" data-block-weight=\"14\" data-block-id=\"38\">\n<p class=\"content-text__container \" data-track-category=\"Link no Texto\" data-track-links=\"\">Marinho disse nesta segunda-feira (30) que levar\u00e1 em considera\u00e7\u00e3o as pautas do governo Lula:<\/p>\n<\/div>\n<\/div>\n<div id=\"chunk-1b2e9\">\n<div class=\"mc-column content-text active-extra-styles \" data-block-type=\"unstyled\" data-block-weight=\"41\" data-block-id=\"39\">\n<p class=\"content-text__container \" data-track-category=\"Link no Texto\" data-track-links=\"\">&#8220;Caso o presidente da Rep\u00fablica mande projetos relevantes e importantes para o Senado, eu n\u00e3o vou fazer o papel de obstruir. N\u00e3o \u00e9 o meu papel. Serei um presidente que vai levar em considera\u00e7\u00e3o sempre o bom funcionamento da Casa&#8221;.<\/p>\n<\/div>\n<\/div>\n<div class=\"mc-column content-text active-extra-styles\" data-block-type=\"raw\" data-block-weight=\"3\" data-block-id=\"40\">\n<ul class=\"content-unordered-list\">\n<li><a href=\"https:\/\/g1.globo.com\/politica\/politico\/luis-eduardo-grangeiro-girao\/\"><strong>Eduardo Gir\u00e3o<\/strong><\/a><strong>\u00a0(Pode-CE)<\/strong><\/li>\n<\/ul>\n<\/div>\n<div id=\"chunk-452ua\">\n<div class=\"mc-column content-text active-extra-styles \" data-block-type=\"unstyled\" data-block-weight=\"19\" data-block-id=\"41\">\n<p class=\"content-text__container \" data-track-category=\"Link no Texto\" data-track-links=\"\">Eduardo Gir\u00e3o foi eleito para o primeiro mandato como senador em 2018 e adota uma postura mais conservadora.<\/p>\n<\/div>\n<\/div>\n<div id=\"chunk-6m9pl\">\n<div class=\"mc-column content-text active-extra-styles \" data-block-type=\"unstyled\" data-block-weight=\"35\" data-block-id=\"42\">\n<p class=\"content-text__container \" data-track-category=\"Link no Texto\" data-track-links=\"\">Apoiou a pauta bolsonarista ao realizar debates, no ano passado, questionando a legitimidade das pesquisas eleitorais e do resultado as elei\u00e7\u00f5es. Gir\u00e3o afirmou que se a disputa for para o segundo turno, vai apoiar Marinho.<\/p>\n<\/div>\n<\/div>\n<div class=\"mc-column content-text active-extra-styles\" data-block-type=\"raw\" data-block-weight=\"4\" data-block-id=\"43\">\n<div class=\"content-intertitle\">\n<h2>Quem s\u00e3o os favoritos?<\/h2>\n<\/div>\n<\/div>\n<div id=\"chunk-aqqt8\">\n<div class=\"mc-column content-text active-extra-styles \" data-block-type=\"unstyled\" data-block-weight=\"1\" data-block-id=\"44\">\n<p class=\"content-text__container \" data-track-category=\"Link no Texto\" data-track-links=\"\"><strong>C\u00e2mara<\/strong><\/p>\n<\/div>\n<\/div>\n<div id=\"chunk-8rev6\">\n<div class=\"mc-column content-text active-extra-styles \" data-block-type=\"unstyled\" data-block-weight=\"47\" data-block-id=\"45\">\n<p class=\"content-text__container \" data-track-category=\"Link no Texto\" data-track-links=\"\">Favorito \u00e0 reelei\u00e7\u00e3o, o atual presidente da Casa, Arthur Lira, conseguiu apoio de 20 partidos, que re\u00fanem quase 500 deputados. Em meio \u00e0s negocia\u00e7\u00f5es, Lira articulou a forma\u00e7\u00e3o de um bloco \u00fanico, que reuniu o PT do presidente Lula e o PL do ex-presidente Jair Bolsonaro.<\/p>\n<\/div>\n<\/div>\n<div id=\"chunk-ckkmh\">\n<div class=\"mc-column content-text active-extra-styles \" data-block-type=\"unstyled\" data-block-weight=\"31\" data-block-id=\"47\">\n<p class=\"content-text__container \" data-track-category=\"Link no Texto\" data-track-links=\"\">Aliados apostam que Lira ter\u00e1 entre 430 e 450 votos. Se a previs\u00e3o se concretizar, o atual presidente pode alcan\u00e7ar o recorde de votos de um presidente da C\u00e2mara .<\/p>\n<\/div>\n<\/div>\n<div id=\"chunk-b7etf\">\n<div class=\"mc-column content-text active-extra-styles \" data-block-type=\"unstyled\" data-block-weight=\"29\" data-block-id=\"48\">\n<p class=\"content-text__container \" data-track-category=\"Link no Texto\" data-track-links=\"\">Atualmente, o recorde pertence aos ex-presidentes Jo\u00e3o Paulo Cunha (PT), em 2003, e Ibsen Pinheiro (PMDB), em 1991. Ambos conquistaram 434 votos, mas eram candidatos \u00fanicos ao cargo.<\/p>\n<\/div>\n<\/div>\n<div id=\"chunk-6qku5\">\n<div class=\"mc-column content-text active-extra-styles \" data-block-type=\"unstyled\" data-block-weight=\"1\" data-block-id=\"49\">\n<p class=\"content-text__container \" data-track-category=\"Link no Texto\" data-track-links=\"\"><strong>Senado<\/strong><\/p>\n<\/div>\n<\/div>\n<div id=\"chunk-4f060\">\n<div class=\"mc-column content-text active-extra-styles \" data-block-type=\"unstyled\" data-block-weight=\"20\" data-block-id=\"50\">\n<p class=\"content-text__container \" data-track-category=\"Link no Texto\" data-track-links=\"\">O atual presidente da Casa, Rodrigo Pacheco, \u00e9 o favorito, pois at\u00e9 o momento re\u00fane o maior n\u00famero de votos.<\/p>\n<\/div>\n<\/div>\n<div id=\"chunk-f5as3\">\n<div class=\"mc-column content-text active-extra-styles \" data-block-type=\"unstyled\" data-block-weight=\"36\" data-block-id=\"51\">\n<p class=\"content-text__container \" data-track-category=\"Link no Texto\" data-track-links=\"\">Pacheco tem o apoio de senadores da base de apoio do governo Lula e de partidos de centro, enquanto Rog\u00e9rio Marinho, ex-ministro e aliado do ex-presidente Jair Bolsonaro (PL), dever\u00e1 contar com os votos da oposi\u00e7\u00e3o.<\/p>\n<\/div>\n<\/div>\n<div class=\"mc-column content-text active-extra-styles\" data-block-type=\"raw\" data-block-weight=\"3\" data-block-id=\"52\">\n<div class=\"content-intertitle\">\n<h2>Quem apoia quem?<\/h2>\n<\/div>\n<\/div>\n<div id=\"chunk-782s1\">\n<div class=\"mc-column content-text active-extra-styles \" data-block-type=\"unstyled\" data-block-weight=\"1\" data-block-id=\"53\">\n<p class=\"content-text__container \" data-track-category=\"Link no Texto\" data-track-links=\"\"><strong>C\u00e2mara<\/strong><\/p>\n<\/div>\n<\/div>\n<div class=\"mc-column content-text active-extra-styles\" data-block-type=\"raw\" data-block-weight=\"2\" data-block-id=\"54\">\n<ul class=\"content-unordered-list\">\n<li><strong>Arthur Lira<\/strong><\/li>\n<\/ul>\n<\/div>\n<div id=\"chunk-9hivm\">\n<div class=\"mc-column content-text active-extra-styles \" data-block-type=\"unstyled\" data-block-weight=\"54\" data-block-id=\"55\">\n<p class=\"content-text__container \" data-track-category=\"Link no Texto\" data-track-links=\"\">O atual presidente da Casa conseguiu o apoio de\u00a0<span class=\"highlight highlighted\">20 partidos, que juntos t\u00eam 496 deputados<\/span>. S\u00e3o eles: PL (99), PT\/<a href=\"https:\/\/g1.globo.com\/politica\/partido\/pv\/\">PV<\/a>\/<a href=\"https:\/\/g1.globo.com\/politica\/partido\/pc-do-b\/\">PCdoB<\/a>\u00a0(80),\u00a0<a href=\"https:\/\/g1.globo.com\/politica\/partido\/uniao-brasil\/\">Uni\u00e3o Brasil<\/a>\u00a0(59), PP (47), MDB (42), PSD (42),\u00a0<a href=\"https:\/\/g1.globo.com\/politica\/partido\/republicanos\/\">Republicanos<\/a>\u00a0(41),\u00a0<a href=\"https:\/\/g1.globo.com\/politica\/partido\/psdb\/\">PSDB<\/a>\/<a href=\"https:\/\/g1.globo.com\/politica\/partido\/cidadania\/\">Cidadania<\/a>\u00a0(18),\u00a0<a href=\"https:\/\/g1.globo.com\/politica\/partido\/pdt\/\">PDT<\/a>\u00a0(17),\u00a0<a href=\"https:\/\/g1.globo.com\/politica\/partido\/psb\/\">PSB<\/a>\u00a0(14),\u00a0<a href=\"https:\/\/g1.globo.com\/politica\/partido\/podemos\/\">Podemos<\/a>\u00a0(12),\u00a0<a href=\"https:\/\/g1.globo.com\/politica\/partido\/avante\/\">Avante<\/a>\u00a0(7),\u00a0<a href=\"https:\/\/g1.globo.com\/politica\/partido\/psc\/\">PSC<\/a>\u00a0(6),\u00a0<a href=\"https:\/\/g1.globo.com\/politica\/partido\/patriota\/\">Patriota<\/a>\u00a0(4),\u00a0<a href=\"https:\/\/g1.globo.com\/politica\/partido\/sd\/\">Solidariedade<\/a>\u00a0(4),\u00a0<a href=\"https:\/\/g1.globo.com\/politica\/partido\/pros\/\">PROS<\/a>\u00a0(3),\u00a0<a href=\"https:\/\/g1.globo.com\/politica\/partido\/ptb\/\">PTB<\/a> (1).<\/p>\n<\/div>\n<\/div>\n<div class=\"mc-column content-text active-extra-styles\" data-block-type=\"raw\" data-block-weight=\"2\" data-block-id=\"56\">\n<ul class=\"content-unordered-list\">\n<li><strong>Chico Alencar<\/strong><\/li>\n<\/ul>\n<\/div>\n<div id=\"chunk-7dv3c\">\n<div class=\"mc-column content-text active-extra-styles \" data-block-type=\"unstyled\" data-block-weight=\"10\" data-block-id=\"57\">\n<p class=\"content-text__container \" data-track-category=\"Link no Texto\" data-track-links=\"\">O deputado tem o apoio da\u00a0<span class=\"highlight highlighted\">federa\u00e7\u00e3o PSOL\/<\/span><a href=\"https:\/\/g1.globo.com\/politica\/partido\/rede\/\"><span class=\"highlight highlighted\">Rede<\/span><\/a><span class=\"highlight highlighted\">\u00a0(14)<\/span>.<\/p>\n<\/div>\n<\/div>\n<div id=\"chunk-agptm\">\n<div class=\"mc-column content-text active-extra-styles \" data-block-type=\"unstyled\" data-block-weight=\"18\" data-block-id=\"58\">\n<p class=\"content-text__container \" data-track-category=\"Link no Texto\" data-track-links=\"\">O\u00a0<a href=\"https:\/\/g1.globo.com\/politica\/partido\/novo\/\"><strong>Novo<\/strong><\/a>\u00a0(3 parlamentares) ainda n\u00e3o declarou apoio a nenhum candidato, nem informou se ter\u00e1 candidatura pr\u00f3pria.<\/p>\n<\/div>\n<\/div>\n<div id=\"chunk-d8fd1\">\n<div class=\"content-ads content-ads--reveal\" data-block-type=\"ads\" data-block-id=\"59\">\n<div id=\"banner_materia__507fab6b-3fb6-4d3e-876e-41ba0f2c2f74\" class=\"tag-manager-publicidade-container mc-has-reveal mc-has-ad-lazyload tag-manager-publicidade-banner_materia__507fab6b-3fb6-4d3e-876e-41ba0f2c2f74 tag-manager-publicidade-container--carregado tag-manager-publicidade-container--visivel\" data-id=\"banner_materia__507fab6b-3fb6-4d3e-876e-41ba0f2c2f74\" data-google-query-id=\"CKvh947Y8fwCFcORlQIdvJ4I9w\">\n<div id=\"google_ads_iframe_\/95377733\/tvg_G1\/Politica_8__container__\"><\/div>\n<\/div>\n<\/div>\n<\/div>\n<div id=\"chunk-86ohb\">\n<div class=\"mc-column content-text active-extra-styles \" data-block-type=\"unstyled\" data-block-weight=\"1\" data-block-id=\"60\">\n<p class=\"content-text__container \" data-track-category=\"Link no Texto\" data-track-links=\"\"><strong>Senado<\/strong><\/p>\n<\/div>\n<\/div>\n<div class=\"mc-column content-text active-extra-styles\" data-block-type=\"raw\" data-block-weight=\"2\" data-block-id=\"61\">\n<ul class=\"content-unordered-list\">\n<li><strong>Rodrigo Pacheco<\/strong><\/li>\n<\/ul>\n<\/div>\n<div id=\"chunk-evso6\">\n<div class=\"mc-column content-text active-extra-styles \" data-block-type=\"unstyled\" data-block-weight=\"19\" data-block-id=\"62\">\n<p class=\"content-text__container \" data-track-category=\"Link no Texto\" data-track-links=\"\">O PT (9) e PDT (3), que somam 12 congressistas, j\u00e1 confirmaram estar do lado do presidente do Senado.<\/p>\n<\/div>\n<\/div>\n<div id=\"chunk-ft72o\">\n<div class=\"mc-column content-text active-extra-styles \" data-block-type=\"unstyled\" data-block-weight=\"44\" data-block-id=\"63\">\n<p class=\"content-text__container \" data-track-category=\"Link no Texto\" data-track-links=\"\">Tamb\u00e9m s\u00e3o da base do governo Luiz In\u00e1cio Lula da Silva (PT) no Congresso e, por isso, formam alian\u00e7a com Pacheco: MDB (10), PSB (2), Rede (1) e Cidadania (1). Com isso, os\u00a0<span class=\"highlight highlighted\">aliados do candidato \u00e0 reelei\u00e7\u00e3o somam entre 50 e 55 votos<\/span>.<\/p>\n<\/div>\n<\/div>\n<div class=\"mc-column content-text active-extra-styles\" data-block-type=\"raw\" data-block-weight=\"2\" data-block-id=\"64\">\n<p class=\"content-text__container\">\n<ul class=\"content-unordered-list\">\n<li><strong>Rog\u00e9rio Marinho<\/strong><\/li>\n<\/ul>\n<\/div>\n<div id=\"chunk-b82ja\">\n<div class=\"mc-column content-text active-extra-styles \" data-block-type=\"unstyled\" data-block-weight=\"26\" data-block-id=\"65\">\n<p class=\"content-text__container \" data-track-category=\"Link no Texto\" data-track-links=\"\">Por outro lado, o PL (13), o PP (6) e o Republicanos (4) formaram um bloco para apoiar Marinho.\u00a0<span class=\"highlight highlighted\">Os tr\u00eas juntos concentram 23 votos<\/span>.<\/p>\n<\/div>\n<\/div>\n<div id=\"chunk-9b0h0\">\n<div class=\"mc-column content-text active-extra-styles \" data-block-type=\"unstyled\" data-block-weight=\"31\" data-block-id=\"66\">\n<p class=\"content-text__container \" data-track-category=\"Link no Texto\" data-track-links=\"\">Marinho aposta em trai\u00e7\u00f5es dentro das bancadas. Ele est\u00e1 dizendo a aliados, nos bastidores, que conseguir\u00e1 de tr\u00eas a quatro votos de cada um desses tr\u00eas partidos: PSD, MDB e Uni\u00e3o.<\/p>\n<\/div>\n<\/div>\n<div id=\"chunk-2pcs8\">\n<div class=\"mc-column content-text active-extra-styles \" data-block-type=\"unstyled\" data-block-weight=\"29\" data-block-id=\"67\">\n<p class=\"content-text__container \" data-track-category=\"Link no Texto\" data-track-links=\"\">Fora do bloco de apoio, ao menos quatro senadores declararam apoio p\u00fablico a Marinho: Alan Rick (Uni\u00e3o-AC), Ivete da Silveira (MDB-SC), Dr Samuel Ara\u00fajo (PSD-RO) e Izalci Lucas (PSDB-DF).<\/p>\n<\/div>\n<\/div>\n<div id=\"chunk-13hqv\">\n<div class=\"mc-column content-text active-extra-styles \" data-block-type=\"unstyled\" data-block-weight=\"12\" data-block-id=\"68\">\n<p class=\"content-text__container \" data-track-category=\"Link no Texto\" data-track-links=\"\">Alessandro Vieira (PSDB-SE) sinalizou que pode tamb\u00e9m votar no candidato do PL.<\/p>\n<\/div>\n<\/div>\n<div id=\"chunk-8kei2\">\n<div class=\"mc-column content-text active-extra-styles \" data-block-type=\"unstyled\" data-block-weight=\"15\" data-block-id=\"69\">\n<p class=\"content-text__container \" data-track-category=\"Link no Texto\" data-track-links=\"\">O terceiro candidato da disputa, Eduardo Gir\u00e3o, afirmou que um eventual segundo turno, apoiar\u00e1 Marinho.<\/p>\n<\/div>\n<\/div>\n<div class=\"mc-column content-text active-extra-styles\" data-block-type=\"raw\" data-block-weight=\"12\" data-block-id=\"70\">\n<div class=\"content-intertitle\">\n<h2>Quais cargos est\u00e3o em disputa e quais as fun\u00e7\u00f5es de cada um?<\/h2>\n<\/div>\n<\/div>\n<div id=\"chunk-48qh8\">\n<div class=\"mc-column content-text active-extra-styles \" data-block-type=\"unstyled\" data-block-weight=\"2\" data-block-id=\"71\">\n<p class=\"content-text__container \" data-track-category=\"Link no Texto\" data-track-links=\"\"><strong>C\u00e2mara<\/strong><\/p>\n<\/div>\n<\/div>\n<div id=\"chunk-81vu2\">\n<div class=\"mc-column content-text active-extra-styles \" data-block-type=\"unstyled\" data-block-weight=\"33\" data-block-id=\"72\">\n<p class=\"content-text__container \" data-track-category=\"Link no Texto\" data-track-links=\"\">Al\u00e9m da presid\u00eancia da C\u00e2mara, ser\u00e3o definidos outros dez cargos na Mesa Diretora. A distribui\u00e7\u00e3o de vagas na Mesa \u00e9 feita de acordo com o tamanho dos blocos ou partidos. Os cargos s\u00e3o:<\/p>\n<\/div>\n<\/div>\n<div class=\"mc-column content-text active-extra-styles\" data-block-type=\"raw\" data-block-weight=\"128\" data-block-id=\"74\">\n<ul class=\"content-unordered-list\">\n<li><strong>1\u00ba vice-presidente<\/strong>: substitui o presidente e elabora pareceres sobre projetos de resolu\u00e7\u00e3o;<\/li>\n<li><strong>2\u00ba vice-presidente<\/strong>: substitui o presidente ou o 1\u00ba vice e examina os pedidos de ressarcimento de despesa m\u00e9dica dos deputados;<\/li>\n<li><strong>1\u00ba secret\u00e1rio<\/strong>: \u00e9 respons\u00e1vel pelo gerenciamento das despesas da C\u00e2mara, aprovando, por exemplo, obras e reformas.<\/li>\n<li><strong>2\u00ba secret\u00e1rio<\/strong>: representa a C\u00e2mara nas suas rela\u00e7\u00f5es com as embaixadas, com o Minist\u00e9rio das Rela\u00e7\u00f5es Exteriores e trata de assuntos pertinentes a passaportes diplom\u00e1ticos, passaportes oficiais e vistos para miss\u00e3o oficial.<\/li>\n<li><strong>3\u00ba secret\u00e1rio<\/strong>: autoriza reembolso de passagens a\u00e9reas e analisa pedidos de licen\u00e7a e justificativas de faltas;<\/li>\n<li><strong>4\u00ba secret\u00e1rio<\/strong>: supervisiona a concess\u00e3o de apartamentos funcionais ou o pagamento de aux\u00edlio-moradia aos deputados;<\/li>\n<li>e\u00a0<strong>quatro suplentes de secret\u00e1rios<\/strong>: substituem os titulares em suas aus\u00eancias e participam de reuni\u00f5es da Mesa.<\/li>\n<\/ul>\n<\/div>\n<div id=\"chunk-5efet\">\n<div class=\"mc-column content-text active-extra-styles \" data-block-type=\"unstyled\" data-block-weight=\"31\" data-block-id=\"75\">\n<p class=\"content-text__container \" data-track-category=\"Link no Texto\" data-track-links=\"\">O mandato dos cargos da Mesa vale por dois anos. N\u00e3o \u00e9 poss\u00edvel concorrer \u00e0 reelei\u00e7\u00e3o do cargo na mesma legislatura \u2013 apenas se forem legislaturas diferentes, ainda que sucessivas.<\/p>\n<\/div>\n<\/div>\n<div id=\"chunk-a14b4\">\n<div class=\"mc-column content-text active-extra-styles \" data-block-type=\"unstyled\" data-block-weight=\"1\" data-block-id=\"76\">\n<p class=\"content-text__container \" data-track-category=\"Link no Texto\" data-track-links=\"\"><strong>Senado<\/strong><\/p>\n<\/div>\n<\/div>\n<div id=\"chunk-nq8t\">\n<div class=\"mc-column content-text active-extra-styles \" data-block-type=\"unstyled\" data-block-weight=\"22\" data-block-id=\"77\">\n<p class=\"content-text__container \" data-track-category=\"Link no Texto\" data-track-links=\"\">Na manh\u00e3 de quinta-feira (2), deve ocorrer no plen\u00e1rio do Senado uma nova sess\u00e3o para elei\u00e7\u00e3o dos demais cargos da Mesa.<\/p>\n<\/div>\n<\/div>\n<div id=\"chunk-m1mm\">\n<div class=\"mc-column content-text active-extra-styles \" data-block-type=\"unstyled\" data-block-weight=\"40\" data-block-id=\"78\">\n<p class=\"content-text__container \" data-track-category=\"Link no Texto\" data-track-links=\"\">Se houver consenso em rela\u00e7\u00e3o a quais senadores ocupar\u00e3o determinados cargos, uma chapa \u00fanica \u00e9 formada e aprovada. Se houver disputa para um cargo espec\u00edfico, candidaturas avulsas s\u00e3o colocadas e, assim como a elei\u00e7\u00e3o do presidente, ganha o mais votado.<\/p>\n<\/div>\n<\/div>\n<div id=\"chunk-7304c\">\n<div class=\"mc-column content-text active-extra-styles \" data-block-type=\"unstyled\" data-block-weight=\"5\" data-block-id=\"80\">\n<p class=\"content-text__container \" data-track-category=\"Link no Texto\" data-track-links=\"\">Principais atribui\u00e7\u00f5es de cada integrante:<\/p>\n<\/div>\n<\/div>\n<div class=\"mc-column content-text active-extra-styles\" data-block-type=\"raw\" data-block-weight=\"55\" data-block-id=\"81\">\n<ul class=\"content-unordered-list\">\n<li><strong>1\u00ba vice-presidente<\/strong>: substitui o presidente, pode presidir sess\u00f5es, conduzir a pauta de vota\u00e7\u00f5es e representar o Senado;<\/li>\n<li><strong>1\u00ba secret\u00e1rio<\/strong>: recebe os of\u00edcios enviados ao Senado, cuida das atividades administrativas da Casa.<\/li>\n<li><strong>2\u00ba secret\u00e1rio<\/strong>: respons\u00e1vel pelas atas das sess\u00f5es secretas;<\/li>\n<li><strong>3\u00ba e 4\u00ba secret\u00e1rios<\/strong>: auxiliam o presidente na apura\u00e7\u00e3o de elei\u00e7\u00f5es e na contagem de votos.<\/li>\n<\/ul>\n<\/div>\n<div id=\"chunk-24mf4\">\n<div class=\"mc-column content-text active-extra-styles \" data-block-type=\"unstyled\" data-block-weight=\"32\" data-block-id=\"82\">\n<p class=\"content-text__container \" data-track-category=\"Link no Texto\" data-track-links=\"\">Todos os ocupantes desses cargos fazem parte da Comiss\u00e3o Diretora do Senado. A estrutura trata dos pedidos de representa\u00e7\u00e3o contra parlamentares, da reda\u00e7\u00e3o de projetos, al\u00e9m de examinar a tramita\u00e7\u00e3o das propostas.<\/p>\n<\/div>\n<\/div>\n<div class=\"mc-column content-text active-extra-styles\" data-block-type=\"raw\" data-block-weight=\"9\" data-block-id=\"83\">\n<div class=\"content-intertitle\">\n<h2>Como se d\u00e1 a distribui\u00e7\u00e3o dos cargos na Mesa?<\/h2>\n<\/div>\n<\/div>\n<div id=\"chunk-ctkms\">\n<div class=\"mc-column content-text active-extra-styles \" data-block-type=\"unstyled\" data-block-weight=\"1\" data-block-id=\"84\">\n<p class=\"content-text__container \" data-track-category=\"Link no Texto\" data-track-links=\"\"><strong>C\u00e2mara<\/strong><\/p>\n<\/div>\n<\/div>\n<div id=\"chunk-ce0tg\">\n<div class=\"mc-column content-text active-extra-styles \" data-block-type=\"unstyled\" data-block-weight=\"35\" data-block-id=\"85\">\n<p class=\"content-text__container \" data-track-category=\"Link no Texto\" data-track-links=\"\">O tamanho das bancadas \u00e9 levado em conta para a distribui\u00e7\u00e3o das 11 vagas na Mesa Diretora . Ou seja, partidos maiores t\u00eam direito a fazer as escolhas, que tamb\u00e9m passam por acordos internos.<\/p>\n<\/div>\n<\/div>\n<div id=\"chunk-8q1ts\">\n<div class=\"mc-column content-text active-extra-styles \" data-block-type=\"unstyled\" data-block-weight=\"26\" data-block-id=\"86\">\n<p class=\"content-text__container \" data-track-category=\"Link no Texto\" data-track-links=\"\">Os pr\u00f3prios partidos devem escolher seus candidatos aos cargos, mas o regimento permite que qualquer deputado concorra ao cargo referente ao seu partido, de forma avulsa.<\/p>\n<\/div>\n<\/div>\n<div id=\"chunk-10tou\">\n<div class=\"mc-column content-text active-extra-styles \" data-block-type=\"unstyled\" data-block-weight=\"9\" data-block-id=\"87\">\n<p class=\"content-text__container \" data-track-category=\"Link no Texto\" data-track-links=\"\">At\u00e9 o momento, o acordo constru\u00eddo \u00e9 para que:<\/p>\n<\/div>\n<\/div>\n<div class=\"mc-column content-text active-extra-styles\" data-block-type=\"raw\" data-block-weight=\"34\" data-block-id=\"88\">\n<p class=\"content-text__container\">\n<ul class=\"content-unordered-list\">\n<li><strong>Republicanos<\/strong>\u00a0fique com a\u00a0<strong>1\u00aa vice-presid\u00eancia<\/strong>;<\/li>\n<li><strong>PL<\/strong>\u00a0fique com a\u00a0<strong>2\u00aa vice-presid\u00eancia<\/strong>;<\/li>\n<li><strong>Uni\u00e3o Brasil<\/strong>\u00a0fique com a\u00a0<strong>1\u00aa secretaria<\/strong>;<\/li>\n<li><strong>PT<\/strong>\u00a0com a\u00a0<strong>2\u00aa secretaria<\/strong>;<\/li>\n<li><strong>PSD<\/strong>\u00a0e\u00a0<strong>MDB<\/strong>\u00a0com a\u00a0<strong>3\u00aa e a 4\u00aa secretaria<\/strong>;<\/li>\n<\/ul>\n<\/div>\n<\/div>\n<\/article>\n<\/div>\n<p><!--more--><\/p>\n","protected":false},"excerpt":{"rendered":"<p>Principais cargos em disputa s\u00e3o os de presidente das Casas. Atuais comandantes da C\u00e2mara, Arthur Lira, e do Senado, Rodrigo Pacheco, disputam como favoritos. Por Elisa Clavery e Sara Resende, TV Globo\u00a0\u2014 Bras\u00edlia Entenda a \u2018frente ampla\u2019 que favorece Lira na C\u00e2mara e as costuras pela lideran\u00e7a do Senado A\u00a0C\u00e2mara dos Deputados\u00a0e o\u00a0Senado\u00a0se preparam para [&hellip;]<\/p>\n","protected":false},"author":2,"featured_media":0,"comment_status":"open","ping_status":"open","sticky":false,"template":"","format":"standard","meta":{"_links_to":"","_links_to_target":""},"categories":[7,9,8,1],"tags":[],"_links":{"self":[{"href":"https:\/\/www.ilheusnoticias.net.br\/v1\/wp-json\/wp\/v2\/posts\/30842"}],"collection":[{"href":"https:\/\/www.ilheusnoticias.net.br\/v1\/wp-json\/wp\/v2\/posts"}],"about":[{"href":"https:\/\/www.ilheusnoticias.net.br\/v1\/wp-json\/wp\/v2\/types\/post"}],"author":[{"embeddable":true,"href":"https:\/\/www.ilheusnoticias.net.br\/v1\/wp-json\/wp\/v2\/users\/2"}],"replies":[{"embeddable":true,"href":"https:\/\/www.ilheusnoticias.net.br\/v1\/wp-json\/wp\/v2\/comments?post=30842"}],"version-history":[{"count":1,"href":"https:\/\/www.ilheusnoticias.net.br\/v1\/wp-json\/wp\/v2\/posts\/30842\/revisions"}],"predecessor-version":[{"id":30843,"href":"https:\/\/www.ilheusnoticias.net.br\/v1\/wp-json\/wp\/v2\/posts\/30842\/revisions\/30843"}],"wp:attachment":[{"href":"https:\/\/www.ilheusnoticias.net.br\/v1\/wp-json\/wp\/v2\/media?parent=30842"}],"wp:term":[{"taxonomy":"category","embeddable":true,"href":"https:\/\/www.ilheusnoticias.net.br\/v1\/wp-json\/wp\/v2\/categories?post=30842"},{"taxonomy":"post_tag","embeddable":true,"href":"https:\/\/www.ilheusnoticias.net.br\/v1\/wp-json\/wp\/v2\/tags?post=30842"}],"curies":[{"name":"wp","href":"https:\/\/api.w.org\/{rel}","templated":true}]}}