{"id":30840,"date":"2023-01-31T08:18:35","date_gmt":"2023-01-31T11:18:35","guid":{"rendered":"https:\/\/www.ilheusnoticias.net.br\/v1\/?p=30840"},"modified":"2023-01-31T08:18:35","modified_gmt":"2023-01-31T11:18:35","slug":"escolas-estaduais-seguem-matriculando-estudantes-que-nao-compareceram-no-prazo-regular","status":"publish","type":"post","link":"https:\/\/www.ilheusnoticias.net.br\/v1\/2023\/01\/31\/escolas-estaduais-seguem-matriculando-estudantes-que-nao-compareceram-no-prazo-regular\/","title":{"rendered":"Escolas estaduais seguem matriculando estudantes que n\u00e3o compareceram no prazo regular"},"content":{"rendered":"<div class=\"Post\">\n<div class=\"Post-body\">\n<div class=\"Post-inner article\">\n<div class=\"PostFooterIcons metadata-icons\"><\/div>\n<\/div>\n<\/div>\n<\/div>\n<div class=\"Post\">\n<div class=\"Post-body\">\n<div class=\"Post-inner article\">\n<div class=\"PostHeaderIcons metadata-icons\"><\/div>\n<div class=\"PostContent\">\n<p>As escolas da rede estadual de ensino seguem abertas para a realiza\u00e7\u00e3o da matr\u00edcula dos estudantes que n\u00e3o conseguiram se matricular no per\u00edodo regular de matr\u00edcula on-line, ocorrida entre os dias 16 e 24 de janeiro. Estudantes, pais, m\u00e3es ou respons\u00e1veis devem ficar atentos \u00e0 documenta\u00e7\u00e3o exigida para a efetiva\u00e7\u00e3o da matr\u00edcula, que agora s\u00f3 poder\u00e1 ser realizada de forma presencial, em qualquer unidade escolar.<\/p>\n<p>A estudante Taciana da Silva, 19, que n\u00e3o conseguiu fazer a matr\u00edcula dentro do prazo, por conta de demandas do trabalho, aproveitou o seu dia de folga para se matricular no Col\u00e9gio Estadual da Bahia \u2013 Central, em Salvador, onde cursar\u00e1 o 1\u00b0 e 2\u00ba ano na modalidade Educa\u00e7\u00e3o de Jovens e Adultos (EJA). \u201cFiquei sem estudar no ano de 2022 e, agora, estou voltando com muita anima\u00e7\u00e3o para concluir os meus estudos e, depois, fazer uma faculdade\u201d, revelou.<\/p>\n<p>Quem tamb\u00e9m j\u00e1 garantiu a sua vaga foi o estudante Lucas Gabriel Silva, 19, que se matriculou no 3\u00ba ano, no Col\u00e9gio Estadual da Bahia \u2013 Central. \u201cAcabei me passando e perdi o per\u00edodo regular de matr\u00edcula. Acabei de fazer e est\u00e1 tudo certo. J\u00e1 estou ansioso para come\u00e7ar a estudar aqui, pois venho do Col\u00e9gio Estadual Teixeira de Freitas e queria estudar no Central\u201d, disse, satisfeito.<\/p>\n<\/div>\n<\/div>\n<\/div>\n<\/div>\n","protected":false},"excerpt":{"rendered":"<p>As escolas da rede estadual de ensino seguem abertas para a realiza\u00e7\u00e3o da matr\u00edcula dos estudantes que n\u00e3o conseguiram se matricular no per\u00edodo regular de matr\u00edcula on-line, ocorrida entre os dias 16 e 24 de janeiro. Estudantes, pais, m\u00e3es ou respons\u00e1veis devem ficar atentos \u00e0 documenta\u00e7\u00e3o exigida para a efetiva\u00e7\u00e3o da matr\u00edcula, que agora s\u00f3 [&hellip;]<\/p>\n","protected":false},"author":2,"featured_media":0,"comment_status":"open","ping_status":"open","sticky":false,"template":"","format":"standard","meta":{"_links_to":"","_links_to_target":""},"categories":[7,9,8,1],"tags":[],"_links":{"self":[{"href":"https:\/\/www.ilheusnoticias.net.br\/v1\/wp-json\/wp\/v2\/posts\/30840"}],"collection":[{"href":"https:\/\/www.ilheusnoticias.net.br\/v1\/wp-json\/wp\/v2\/posts"}],"about":[{"href":"https:\/\/www.ilheusnoticias.net.br\/v1\/wp-json\/wp\/v2\/types\/post"}],"author":[{"embeddable":true,"href":"https:\/\/www.ilheusnoticias.net.br\/v1\/wp-json\/wp\/v2\/users\/2"}],"replies":[{"embeddable":true,"href":"https:\/\/www.ilheusnoticias.net.br\/v1\/wp-json\/wp\/v2\/comments?post=30840"}],"version-history":[{"count":1,"href":"https:\/\/www.ilheusnoticias.net.br\/v1\/wp-json\/wp\/v2\/posts\/30840\/revisions"}],"predecessor-version":[{"id":30841,"href":"https:\/\/www.ilheusnoticias.net.br\/v1\/wp-json\/wp\/v2\/posts\/30840\/revisions\/30841"}],"wp:attachment":[{"href":"https:\/\/www.ilheusnoticias.net.br\/v1\/wp-json\/wp\/v2\/media?parent=30840"}],"wp:term":[{"taxonomy":"category","embeddable":true,"href":"https:\/\/www.ilheusnoticias.net.br\/v1\/wp-json\/wp\/v2\/categories?post=30840"},{"taxonomy":"post_tag","embeddable":true,"href":"https:\/\/www.ilheusnoticias.net.br\/v1\/wp-json\/wp\/v2\/tags?post=30840"}],"curies":[{"name":"wp","href":"https:\/\/api.w.org\/{rel}","templated":true}]}}