{"id":30838,"date":"2023-01-31T08:17:27","date_gmt":"2023-01-31T11:17:27","guid":{"rendered":"https:\/\/www.ilheusnoticias.net.br\/v1\/?p=30838"},"modified":"2023-01-31T08:17:27","modified_gmt":"2023-01-31T11:17:27","slug":"cartorios-da-bahia-registram-recorde-de-alteracao-de-genero-da-populacao-trans","status":"publish","type":"post","link":"https:\/\/www.ilheusnoticias.net.br\/v1\/2023\/01\/31\/cartorios-da-bahia-registram-recorde-de-alteracao-de-genero-da-populacao-trans\/","title":{"rendered":"Cart\u00f3rios da Bahia registram recorde de altera\u00e7\u00e3o de g\u00eanero da popula\u00e7\u00e3o Trans"},"content":{"rendered":"<div class=\"PostHeaderIcons metadata-icons\"><img src=\"http:\/\/www.blogdothame.blog.br\/v1\/wp-content\/uploads\/2023\/01\/arpen-Bahia-2.jpg\" \/><\/div>\n<div class=\"PostContent\">\n<p>&nbsp;<\/p>\n<p>O movimento da popula\u00e7\u00e3o formada por transg\u00eaneros e transexuais tem uma raz\u00e3o a mais para comemora\u00e7\u00f5es durante o vig\u00e9simo anivers\u00e1rio do Dia Nacional da Visibilidade Trans, que acontece no pr\u00f3ximo domingo, 29.01: um aumento recorde de quase 67% em 2022 no n\u00famero de pessoas que mudaram o nome e o g\u00eanero diretamente em Cart\u00f3rio de Registro Civil, sem a necessidade de procedimento judicial e nem cirurgia de redesigna\u00e7\u00e3o sexual.<\/p>\n<p>Dados compilados pela Associa\u00e7\u00e3o Nacional dos Registradores de Pessoas Naturais (Arpen-Brasil), entidade que re\u00fane todos os 7.741 Cart\u00f3rios de Registro Civil do Brasil, presentes em todos os munic\u00edpios e distritos do pa\u00eds, mostram que no ano passado foram realizados 165 procedimentos de altera\u00e7\u00e3o de g\u00eanero na Bahia, n\u00famero 66,7% maior que o verificado em 2021, quando ocorreram 99 mudan\u00e7as. Se comparado ao primeiro ano do procedimento (2018), quando foram 21 atos, o crescimento \u00e9 de 685,7%.<\/p>\n<p>O n\u00famero \u00e9 recorde na Bahia desde que a altera\u00e7\u00e3o passou a ser realizada diretamente em Cart\u00f3rio de Registro Civil, em 2018, ano em que uma decis\u00e3o tomada pelo Supremo Tribunal Federal (STF) e regulamentada pelo Provimento n\u00ba 73 do Conselho Nacional de Justi\u00e7a (CNJ), permitiu a realiza\u00e7\u00e3o do procedimento pela chamada via extrajudicial, sem a necessidade de processo, advogado ou decis\u00e3o judicial.<\/p>\n<p>Mat\u00e9ria Blog do Thame<\/p>\n<\/div>\n","protected":false},"excerpt":{"rendered":"<p>&nbsp; O movimento da popula\u00e7\u00e3o formada por transg\u00eaneros e transexuais tem uma raz\u00e3o a mais para comemora\u00e7\u00f5es durante o vig\u00e9simo anivers\u00e1rio do Dia Nacional da Visibilidade Trans, que acontece no pr\u00f3ximo domingo, 29.01: um aumento recorde de quase 67% em 2022 no n\u00famero de pessoas que mudaram o nome e o g\u00eanero diretamente em Cart\u00f3rio [&hellip;]<\/p>\n","protected":false},"author":2,"featured_media":0,"comment_status":"open","ping_status":"open","sticky":false,"template":"","format":"standard","meta":{"_links_to":"","_links_to_target":""},"categories":[7,9,8,1],"tags":[],"_links":{"self":[{"href":"https:\/\/www.ilheusnoticias.net.br\/v1\/wp-json\/wp\/v2\/posts\/30838"}],"collection":[{"href":"https:\/\/www.ilheusnoticias.net.br\/v1\/wp-json\/wp\/v2\/posts"}],"about":[{"href":"https:\/\/www.ilheusnoticias.net.br\/v1\/wp-json\/wp\/v2\/types\/post"}],"author":[{"embeddable":true,"href":"https:\/\/www.ilheusnoticias.net.br\/v1\/wp-json\/wp\/v2\/users\/2"}],"replies":[{"embeddable":true,"href":"https:\/\/www.ilheusnoticias.net.br\/v1\/wp-json\/wp\/v2\/comments?post=30838"}],"version-history":[{"count":1,"href":"https:\/\/www.ilheusnoticias.net.br\/v1\/wp-json\/wp\/v2\/posts\/30838\/revisions"}],"predecessor-version":[{"id":30839,"href":"https:\/\/www.ilheusnoticias.net.br\/v1\/wp-json\/wp\/v2\/posts\/30838\/revisions\/30839"}],"wp:attachment":[{"href":"https:\/\/www.ilheusnoticias.net.br\/v1\/wp-json\/wp\/v2\/media?parent=30838"}],"wp:term":[{"taxonomy":"category","embeddable":true,"href":"https:\/\/www.ilheusnoticias.net.br\/v1\/wp-json\/wp\/v2\/categories?post=30838"},{"taxonomy":"post_tag","embeddable":true,"href":"https:\/\/www.ilheusnoticias.net.br\/v1\/wp-json\/wp\/v2\/tags?post=30838"}],"curies":[{"name":"wp","href":"https:\/\/api.w.org\/{rel}","templated":true}]}}