{"id":30829,"date":"2023-01-30T13:07:51","date_gmt":"2023-01-30T16:07:51","guid":{"rendered":"https:\/\/www.ilheusnoticias.net.br\/v1\/?p=30829"},"modified":"2023-01-30T13:07:51","modified_gmt":"2023-01-30T16:07:51","slug":"camara-de-itabuna-abre-ano-legislativo-na-manha-de-quarta","status":"publish","type":"post","link":"https:\/\/www.ilheusnoticias.net.br\/v1\/2023\/01\/30\/camara-de-itabuna-abre-ano-legislativo-na-manha-de-quarta\/","title":{"rendered":"C\u00e2mara de Itabuna abre ano legislativo na manh\u00e3 de quarta"},"content":{"rendered":"<p><img loading=\"lazy\" class=\"alignnone size-full wp-image-30830\" src=\"https:\/\/www.ilheusnoticias.net.br\/v1\/wp-content\/uploads\/2023\/01\/Estacionamento-ok-1.jpg\" alt=\"\" width=\"600\" height=\"327\" srcset=\"https:\/\/www.ilheusnoticias.net.br\/v1\/wp-content\/uploads\/2023\/01\/Estacionamento-ok-1.jpg 600w, https:\/\/www.ilheusnoticias.net.br\/v1\/wp-content\/uploads\/2023\/01\/Estacionamento-ok-1-300x164.jpg 300w\" sizes=\"(max-width: 600px) 100vw, 600px\" \/><\/p>\n<p>A C\u00e2mara de Vereadores de Itabuna marcou para quarta-feira (1\u00ba), \u00e0s 9h30min, a de abertura do primeiro per\u00edodo legislativo do bi\u00eanio 2023\/2024. O ato, no Plen\u00e1rio Raymundo Lima, deve contar com a presen\u00e7a do prefeito Augusto Castro (PSD) ou algu\u00e9m por ele designado, para leitura da mensagem do Executivo anunciando objetivos a serem alcan\u00e7ados em 2023.<\/p>\n<p>A mesa diretora, empossada em janeiro, segue com cinco dos seis edis que iniciaram a Legislatura. Al\u00e9m do presidente, Erasmo \u00c1vila (PSD), Israel Cardoso (Agir) \u00e9 primeiro- secret\u00e1rio; Sivaldo Reis (PL), primeiro vice-presidente; Francisco Santos (PSD), segundo vice-presidente; Luiz Alberto Nascimento Roza (DC), segundo-secret\u00e1rio. O nome acrescentado ao grupo \u00e9 do vereador Ant\u00f4nio F\u00e9lix do Nascimento (Pi\u00e7arra)\/Solidariedade, terceiro-secret\u00e1rio.<\/p>\n<p>Dois novos vereadores passam a compor o quadro na Casa: Diego Pitanga (PT), suplente de Manoel Porf\u00edrio (PT), j\u00e1 empossado, e J\u00fanior do Trator (PMN), na supl\u00eancia de Fabr\u00edcio Pancadinha (Solidariedade), a tomar posse neste in\u00edcio dos trabalhos.<\/p>\n<p>Entre os planos para este come\u00e7o de semestre, est\u00e1 a \u201cC\u00e2mara Itinerante\u201d, com realiza\u00e7\u00e3o de sess\u00f5es em diferentes bairros da cidade.<\/p>\n","protected":false},"excerpt":{"rendered":"<p>A C\u00e2mara de Vereadores de Itabuna marcou para quarta-feira (1\u00ba), \u00e0s 9h30min, a de abertura do primeiro per\u00edodo legislativo do bi\u00eanio 2023\/2024. O ato, no Plen\u00e1rio Raymundo Lima, deve contar com a presen\u00e7a do prefeito Augusto Castro (PSD) ou algu\u00e9m por ele designado, para leitura da mensagem do Executivo anunciando objetivos a serem alcan\u00e7ados em [&hellip;]<\/p>\n","protected":false},"author":2,"featured_media":0,"comment_status":"open","ping_status":"open","sticky":false,"template":"","format":"standard","meta":{"_links_to":"","_links_to_target":""},"categories":[7,9,8,1],"tags":[],"_links":{"self":[{"href":"https:\/\/www.ilheusnoticias.net.br\/v1\/wp-json\/wp\/v2\/posts\/30829"}],"collection":[{"href":"https:\/\/www.ilheusnoticias.net.br\/v1\/wp-json\/wp\/v2\/posts"}],"about":[{"href":"https:\/\/www.ilheusnoticias.net.br\/v1\/wp-json\/wp\/v2\/types\/post"}],"author":[{"embeddable":true,"href":"https:\/\/www.ilheusnoticias.net.br\/v1\/wp-json\/wp\/v2\/users\/2"}],"replies":[{"embeddable":true,"href":"https:\/\/www.ilheusnoticias.net.br\/v1\/wp-json\/wp\/v2\/comments?post=30829"}],"version-history":[{"count":1,"href":"https:\/\/www.ilheusnoticias.net.br\/v1\/wp-json\/wp\/v2\/posts\/30829\/revisions"}],"predecessor-version":[{"id":30831,"href":"https:\/\/www.ilheusnoticias.net.br\/v1\/wp-json\/wp\/v2\/posts\/30829\/revisions\/30831"}],"wp:attachment":[{"href":"https:\/\/www.ilheusnoticias.net.br\/v1\/wp-json\/wp\/v2\/media?parent=30829"}],"wp:term":[{"taxonomy":"category","embeddable":true,"href":"https:\/\/www.ilheusnoticias.net.br\/v1\/wp-json\/wp\/v2\/categories?post=30829"},{"taxonomy":"post_tag","embeddable":true,"href":"https:\/\/www.ilheusnoticias.net.br\/v1\/wp-json\/wp\/v2\/tags?post=30829"}],"curies":[{"name":"wp","href":"https:\/\/api.w.org\/{rel}","templated":true}]}}