{"id":30827,"date":"2023-01-30T12:41:14","date_gmt":"2023-01-30T15:41:14","guid":{"rendered":"https:\/\/www.ilheusnoticias.net.br\/v1\/?p=30827"},"modified":"2023-01-30T12:41:14","modified_gmt":"2023-01-30T15:41:14","slug":"estudante-de-jornalismo-e-estuprada-e-morta-durante-calourada-em-universidade","status":"publish","type":"post","link":"https:\/\/www.ilheusnoticias.net.br\/v1\/2023\/01\/30\/estudante-de-jornalismo-e-estuprada-e-morta-durante-calourada-em-universidade\/","title":{"rendered":"Estudante de jornalismo \u00e9 estuprada e morta durante \u2018calourada\u2019 em universidade"},"content":{"rendered":"<h3 class=\"post-title entry-title\"><a style=\"font-size: 16px;\" href=\"https:\/\/blogger.googleusercontent.com\/img\/a\/AVvXsEjKaDCjqapTnIZQGqLLU3ZZHDng8DPwIkC7XAPQrZs-cgyeTfN7iPrOyy4Qah3cauH_fDSN-eu5AnwUlSpXmRu-q0NmBEb3QyHu6gJQ-PeNnwJIcD3VVTy95d_8RKJ8Uf9gSxgBZxmv0QKPbstb7MmAmfHAioECwiyfW4gNNMNjPC614uS9H7GFua9x6w\"><img loading=\"lazy\" src=\"https:\/\/blogger.googleusercontent.com\/img\/a\/AVvXsEjKaDCjqapTnIZQGqLLU3ZZHDng8DPwIkC7XAPQrZs-cgyeTfN7iPrOyy4Qah3cauH_fDSN-eu5AnwUlSpXmRu-q0NmBEb3QyHu6gJQ-PeNnwJIcD3VVTy95d_8RKJ8Uf9gSxgBZxmv0QKPbstb7MmAmfHAioECwiyfW4gNNMNjPC614uS9H7GFua9x6w=w551-h387\" alt=\"\" width=\"551\" height=\"387\" data-original-height=\"386\" data-original-width=\"550\" \/><\/a><\/h3>\n<div id=\"post-body-8038757646652891231\" class=\"post-body entry-content\">\n<p>&nbsp;<\/p>\n<p>A estudante de jornalismo Jana\u00edna da Silva Bezerra, 22 anos, foi encontrada morta na Universidade Federal do Piau\u00ed (UFPI) na manh\u00e3 do s\u00e1bado (28). A jovem teria participado de uma calourada na institui\u00e7\u00e3o antes do crime.<\/p>\n<p>Segundo a UOL, um laudo do Instituto de Medicina Legal do Piau\u00ed apontou ind\u00edcios de viol\u00eancia sexual e que a causa da morte foi um \u201ctrauma raquimedular [les\u00e3o na medula] por a\u00e7\u00e3o contundente\u201d. O diretor do Departamento de Homic\u00eddios e Prote\u00e7\u00e3o \u00e0 Pessoa (DHPP), Francisco Baretta, afirmou ao portal que houve estupro.<\/p>\n<p>Um homem que estava com a v\u00edtima foi preso sob suspeita de feminic\u00eddio e estupro. Segundo a Pol\u00edcia Civil, o rapaz afirmou que j\u00e1 teria \u201cficado\u201d com Jana\u00edna outras vezes.<\/p>\n<p>Em depoimento, o homem afirmou que por volta das 2h chamou a jovem para sair da calourada e ir a uma sala da universidade, onde teriam, segundo ele, praticado sexo consensual, e que \u201cap\u00f3s a pr\u00e1tica sexual, a v\u00edtima teria ficado desacordada\u201d. A Pol\u00edcia Civil pediu a pris\u00e3o preventiva do suspeito. Segundo o DHPP, o inqu\u00e9rito policial ser\u00e1 conclu\u00eddo em at\u00e9 10 dias.<\/p>\n<p>Em nota, o Diret\u00f3rio Central dos Estudantes do DCE UFPI informou que a estudante foi encontrada desacordada por um profissional da institui\u00e7\u00e3o no Centro onde fica o DCE e foi encaminhada ao hospital.<\/p>\n<\/div>\n","protected":false},"excerpt":{"rendered":"<p>&nbsp; A estudante de jornalismo Jana\u00edna da Silva Bezerra, 22 anos, foi encontrada morta na Universidade Federal do Piau\u00ed (UFPI) na manh\u00e3 do s\u00e1bado (28). A jovem teria participado de uma calourada na institui\u00e7\u00e3o antes do crime. Segundo a UOL, um laudo do Instituto de Medicina Legal do Piau\u00ed apontou ind\u00edcios de viol\u00eancia sexual e [&hellip;]<\/p>\n","protected":false},"author":2,"featured_media":0,"comment_status":"open","ping_status":"open","sticky":false,"template":"","format":"standard","meta":{"_links_to":"","_links_to_target":""},"categories":[7,9,8,1],"tags":[],"_links":{"self":[{"href":"https:\/\/www.ilheusnoticias.net.br\/v1\/wp-json\/wp\/v2\/posts\/30827"}],"collection":[{"href":"https:\/\/www.ilheusnoticias.net.br\/v1\/wp-json\/wp\/v2\/posts"}],"about":[{"href":"https:\/\/www.ilheusnoticias.net.br\/v1\/wp-json\/wp\/v2\/types\/post"}],"author":[{"embeddable":true,"href":"https:\/\/www.ilheusnoticias.net.br\/v1\/wp-json\/wp\/v2\/users\/2"}],"replies":[{"embeddable":true,"href":"https:\/\/www.ilheusnoticias.net.br\/v1\/wp-json\/wp\/v2\/comments?post=30827"}],"version-history":[{"count":1,"href":"https:\/\/www.ilheusnoticias.net.br\/v1\/wp-json\/wp\/v2\/posts\/30827\/revisions"}],"predecessor-version":[{"id":30828,"href":"https:\/\/www.ilheusnoticias.net.br\/v1\/wp-json\/wp\/v2\/posts\/30827\/revisions\/30828"}],"wp:attachment":[{"href":"https:\/\/www.ilheusnoticias.net.br\/v1\/wp-json\/wp\/v2\/media?parent=30827"}],"wp:term":[{"taxonomy":"category","embeddable":true,"href":"https:\/\/www.ilheusnoticias.net.br\/v1\/wp-json\/wp\/v2\/categories?post=30827"},{"taxonomy":"post_tag","embeddable":true,"href":"https:\/\/www.ilheusnoticias.net.br\/v1\/wp-json\/wp\/v2\/tags?post=30827"}],"curies":[{"name":"wp","href":"https:\/\/api.w.org\/{rel}","templated":true}]}}