{"id":30825,"date":"2023-01-30T12:39:17","date_gmt":"2023-01-30T15:39:17","guid":{"rendered":"https:\/\/www.ilheusnoticias.net.br\/v1\/?p=30825"},"modified":"2023-01-30T12:39:17","modified_gmt":"2023-01-30T15:39:17","slug":"suspeito-de-matar-indigenas-no-extremo-sul-da-ba-se-apresenta-a-policia-homem-e-policial-militar","status":"publish","type":"post","link":"https:\/\/www.ilheusnoticias.net.br\/v1\/2023\/01\/30\/suspeito-de-matar-indigenas-no-extremo-sul-da-ba-se-apresenta-a-policia-homem-e-policial-militar\/","title":{"rendered":"Suspeito de matar ind\u00edgenas no extremo sul da BA se apresenta \u00e0 pol\u00edcia; homem \u00e9 policial militar"},"content":{"rendered":"<div class=\"row content-head non-featured \">\n<div class=\"title\" data-block-type=\"title\" data-block-id=\"0\">\n<h1 class=\"content-head__title\"><span style=\"font-size: 16px;\">PM prestava servi\u00e7o de seguran\u00e7a privada na regi\u00e3o.<\/span><\/h1>\n<\/div>\n<\/div>\n<div class=\"content__signa-share\">\n<div class=\"content__signature\">\n<div class=\"content-publication-data\">\n<div class=\"content-publication-data__text\">\n<p class=\"content-publication-data__from\" title=\"g1 BA e TV Santa Cruz\">Por g1 BA e TV Santa Cruz<\/p>\n<p class=\"content-publication-data__updated\">\n<\/div>\n<\/div>\n<\/div>\n<div class=\"content__share-bar content__share-bar--cloned\" data-position=\"upper\"><\/div>\n<\/div>\n<div class=\"mc-article-body\">\n<article>\n<div id=\"chunk-uer3\">\n<div class=\"row medium-uncollapsed content-media content-photo\" data-block-type=\"backstage-photo\" data-block-id=\"1\">\n<div class=\"mc-column content-media__container\">\n<div class=\"content-media-container glb-skeleton-box\">\n<figure class=\"content-media-figure\"><img class=\"i-amphtml-fill-content i-amphtml-replaced-content\" src=\"https:\/\/s2.glbimg.com\/HXE9Bcty3HWapAbUefW1ltobPmw=\/240x70:1062x666\/984x0\/smart\/filters:strip_icc()\/i.s3.glbimg.com\/v1\/AUTH_59edd422c0c84a879bd37670ae4f538a\/internal_photos\/bs\/2023\/6\/j\/gdbwfYQm6htgBl5gqiRw\/indigenas-sao-mortos-a-tiros-a-caminho-de-fazenda-ocupada-por-grupo-no-sul-da-bahia-foto-reproducaotv-santa-cruz.jpeg\" sizes=\"(max-width: 1707px) 648px, 100vw\" srcset=\"https:\/\/s2.glbimg.com\/Up-Eh_i9kcQjBl2AAH0wfykYdd8=\/240x70:1062x666\/1000x0\/smart\/filters:strip_icc()\/i.s3.glbimg.com\/v1\/AUTH_59edd422c0c84a879bd37670ae4f538a\/internal_photos\/bs\/2023\/6\/j\/gdbwfYQm6htgBl5gqiRw\/indigenas-sao-mortos-a-tiros-a-caminho-de-fazenda-ocupada-por-grupo-no-sul-da-bahia-foto-reproducaotv-santa-cruz.jpeg 1000w, https:\/\/s2.glbimg.com\/HXE9Bcty3HWapAbUefW1ltobPmw=\/240x70:1062x666\/984x0\/smart\/filters:strip_icc()\/i.s3.glbimg.com\/v1\/AUTH_59edd422c0c84a879bd37670ae4f538a\/internal_photos\/bs\/2023\/6\/j\/gdbwfYQm6htgBl5gqiRw\/indigenas-sao-mortos-a-tiros-a-caminho-de-fazenda-ocupada-por-grupo-no-sul-da-bahia-foto-reproducaotv-santa-cruz.jpeg 984w, https:\/\/s2.glbimg.com\/DgV2Ds9ifCpSmnSRvzi1Ssti5EE=\/240x70:1062x666\/640x0\/smart\/filters:strip_icc()\/i.s3.glbimg.com\/v1\/AUTH_59edd422c0c84a879bd37670ae4f538a\/internal_photos\/bs\/2023\/6\/j\/gdbwfYQm6htgBl5gqiRw\/indigenas-sao-mortos-a-tiros-a-caminho-de-fazenda-ocupada-por-grupo-no-sul-da-bahia-foto-reproducaotv-santa-cruz.jpeg 640w, https:\/\/s2.glbimg.com\/bvWVGsI83FM9Nwx3aixIsO2Wc_E=\/240x70:1062x666\/600x0\/smart\/filters:strip_icc()\/i.s3.glbimg.com\/v1\/AUTH_59edd422c0c84a879bd37670ae4f538a\/internal_photos\/bs\/2023\/6\/j\/gdbwfYQm6htgBl5gqiRw\/indigenas-sao-mortos-a-tiros-a-caminho-de-fazenda-ocupada-por-grupo-no-sul-da-bahia-foto-reproducaotv-santa-cruz.jpeg 600w\" alt=\"Ind\u00edgenas s\u00e3o mortos a tiros a caminho de fazenda ocupada por grupo no extremo sul da Bahia \u2014 Foto: Redes sociais \" \/><\/figure>\n<\/div>\n<p class=\"content-media__description \">Ind\u00edgenas s\u00e3o mortos a tiros a caminho de fazenda ocupada por grupo no extremo sul da Bahia \u2014 Foto: Redes sociais<\/p>\n<\/div>\n<\/div>\n<\/div>\n<div id=\"chunk-5me7r\">\n<div class=\"mc-column content-text active-extra-styles \" data-block-type=\"unstyled\" data-block-weight=\"51\" data-block-id=\"3\">\n<p class=\"content-text__container \" data-track-category=\"Link no Texto\" data-track-links=\"\">O suspeito de\u00a0<a href=\"https:\/\/g1.globo.com\/ba\/bahia\/noticia\/2023\/01\/18\/dois-indigenas-sao-mortos-a-tiros-enquanto-se-deslocavam-para-fazenda-ocupadas-por-grupo-no-sul-da-bahia.ghtml\">matar os ind\u00edgenas Nawir Brito de Jesus, 16 anos, e Samuel Cristiano do Amor Divino, de 21<\/a>, se apresentou \u00e0 pol\u00edcia, na manh\u00e3 desta segunda-feira (30), em\u00a0<a href=\"https:\/\/g1.globo.com\/ba\/bahia\/cidade\/teixeira-de-freitas\/\">Teixeira de Freitas<\/a>, no extremo sul da Bahia. O homem \u00e9 policial militar e\u00a0<a href=\"https:\/\/g1.globo.com\/ba\/bahia\/noticia\/2023\/01\/28\/suspeito-de-matar-indigenas-no-extremo-sul-da-ba-e-identificado-pela-policia-homem-presta-servico-de-seguranca-privada.ghtml\">prestava servi\u00e7o de seguran\u00e7a privada na regi\u00e3o<\/a>.<\/p>\n<\/div>\n<\/div>\n<div class=\"wall protected-content\">\n<div class=\"mc-column content-text active-extra-styles\" data-block-type=\"raw\" data-block-weight=\"17\" data-block-id=\"4\">\n<p>&nbsp;<\/p>\n<\/div>\n<div id=\"chunk-felds\">\n<div class=\"mc-column content-text active-extra-styles \" data-block-type=\"unstyled\" data-block-weight=\"38\" data-block-id=\"5\">\n<p class=\"content-text__container \" data-track-category=\"Link no Texto\" data-track-links=\"\">O crime ocorreu em 17 de janeiro, na cidade de\u00a0<a href=\"https:\/\/g1.globo.com\/ba\/bahia\/cidade\/itabela\/\">Itabela<\/a>, a cerca de 136 quil\u00f4metros do local onde o suspeito se apresentou. Ele deve ser recambiado para a cidade de Eun\u00e1polis, na mesma regi\u00e3o, ainda nesta segunda.<\/p>\n<\/div>\n<\/div>\n<div id=\"chunk-31t88\">\n<div class=\"content-ads content-ads--reveal\" data-block-type=\"ads\" data-block-id=\"6\">\n<div id=\"banner_materia2\" class=\"tag-manager-publicidade-container mc-has-reveal mc-has-ad-lazyload tag-manager-publicidade-banner_materia2 tag-manager-publicidade-container--carregado tag-manager-publicidade-container--visivel\" data-id=\"banner_materia2\" data-google-query-id=\"CL3_ruzP7_wCFYWqlQIdXBsLQA\">\n<div id=\"google_ads_iframe_\/95377733\/tvg_G1\/Sua_Regiao&gt;Nordeste&gt;Bahia_3__container__\" style=\"box-sizing: inherit; margin: auto; padding: 0px; border: 0pt none; font: inherit; vertical-align: initial; max-width: 100%; text-align: center; width: 970px; height: 250px;\"><iframe loading=\"lazy\" id=\"google_ads_iframe_\/95377733\/tvg_G1\/Sua_Regiao&gt;Nordeste&gt;Bahia_3\" style=\"box-sizing: inherit; margin: 0px; padding: 0px; border: 0px; font: inherit; vertical-align: bottom;\" tabindex=\"0\" title=\"3rd party ad content\" role=\"region\" src=\"https:\/\/9df0ef1d2ad65cb8e43c62abe9ae9fda.safeframe.googlesyndication.com\/safeframe\/1-0-40\/html\/container.html\" name=\"\" width=\"970\" height=\"250\" frameborder=\"0\" marginwidth=\"0\" marginheight=\"0\" scrolling=\"no\" sandbox=\"allow-forms allow-popups allow-popups-to-escape-sandbox allow-same-origin allow-scripts allow-top-navigation-by-user-activation\" data-is-safeframe=\"true\" aria-label=\"Advertisement\" data-google-container-id=\"5\" data-load-complete=\"true\" data-mce-fragment=\"1\"><\/iframe><\/div>\n<\/div>\n<\/div>\n<\/div>\n<div id=\"chunk-ae3mr\">\n<div class=\"mc-column content-text active-extra-styles \" data-block-type=\"unstyled\" data-block-weight=\"20\" data-block-id=\"7\">\n<p class=\"content-text__container \" data-track-category=\"Link no Texto\" data-track-links=\"\">No \u00faltimo s\u00e1bado (28), a Secretaria de Seguran\u00e7a P\u00fablica (SSP-BA) informou que o suspeito havia sido identificado pela pol\u00edcia.<\/p>\n<\/div>\n<\/div>\n<div id=\"chunk-fcpo3\">\n<div class=\"mc-column content-text active-extra-styles \" data-block-type=\"unstyled\" data-block-weight=\"31\" data-block-id=\"8\">\n<p class=\"content-text__container \" data-track-category=\"Link no Texto\" data-track-links=\"\">Durante buscas, os policiais apreenderam armas, celulares, r\u00e1dios comunicadores, entre outros dispositivos eletr\u00f4nicos, encontrados em um im\u00f3vel utilizado pelo suspeito na zona rural de Porto Seguro, cidade localizada na mesma regi\u00e3o.<\/p>\n<\/div>\n<\/div>\n<\/div>\n<\/article>\n<\/div>\n","protected":false},"excerpt":{"rendered":"<p>PM prestava servi\u00e7o de seguran\u00e7a privada na regi\u00e3o. Por g1 BA e TV Santa Cruz Ind\u00edgenas s\u00e3o mortos a tiros a caminho de fazenda ocupada por grupo no extremo sul da Bahia \u2014 Foto: Redes sociais O suspeito de\u00a0matar os ind\u00edgenas Nawir Brito de Jesus, 16 anos, e Samuel Cristiano do Amor Divino, de 21, [&hellip;]<\/p>\n","protected":false},"author":2,"featured_media":0,"comment_status":"open","ping_status":"open","sticky":false,"template":"","format":"standard","meta":{"_links_to":"","_links_to_target":""},"categories":[7,9,8,1],"tags":[],"_links":{"self":[{"href":"https:\/\/www.ilheusnoticias.net.br\/v1\/wp-json\/wp\/v2\/posts\/30825"}],"collection":[{"href":"https:\/\/www.ilheusnoticias.net.br\/v1\/wp-json\/wp\/v2\/posts"}],"about":[{"href":"https:\/\/www.ilheusnoticias.net.br\/v1\/wp-json\/wp\/v2\/types\/post"}],"author":[{"embeddable":true,"href":"https:\/\/www.ilheusnoticias.net.br\/v1\/wp-json\/wp\/v2\/users\/2"}],"replies":[{"embeddable":true,"href":"https:\/\/www.ilheusnoticias.net.br\/v1\/wp-json\/wp\/v2\/comments?post=30825"}],"version-history":[{"count":1,"href":"https:\/\/www.ilheusnoticias.net.br\/v1\/wp-json\/wp\/v2\/posts\/30825\/revisions"}],"predecessor-version":[{"id":30826,"href":"https:\/\/www.ilheusnoticias.net.br\/v1\/wp-json\/wp\/v2\/posts\/30825\/revisions\/30826"}],"wp:attachment":[{"href":"https:\/\/www.ilheusnoticias.net.br\/v1\/wp-json\/wp\/v2\/media?parent=30825"}],"wp:term":[{"taxonomy":"category","embeddable":true,"href":"https:\/\/www.ilheusnoticias.net.br\/v1\/wp-json\/wp\/v2\/categories?post=30825"},{"taxonomy":"post_tag","embeddable":true,"href":"https:\/\/www.ilheusnoticias.net.br\/v1\/wp-json\/wp\/v2\/tags?post=30825"}],"curies":[{"name":"wp","href":"https:\/\/api.w.org\/{rel}","templated":true}]}}