{"id":30822,"date":"2023-01-30T12:35:05","date_gmt":"2023-01-30T15:35:05","guid":{"rendered":"https:\/\/www.ilheusnoticias.net.br\/v1\/?p=30822"},"modified":"2023-01-30T12:35:33","modified_gmt":"2023-01-30T15:35:33","slug":"mae-de-auditor-fiscal-assassinado-por-parentes-morreu-apos-saber-da-morte-do-filho-e-ter-grande-sofrimento-diz-policia","status":"publish","type":"post","link":"https:\/\/www.ilheusnoticias.net.br\/v1\/2023\/01\/30\/mae-de-auditor-fiscal-assassinado-por-parentes-morreu-apos-saber-da-morte-do-filho-e-ter-grande-sofrimento-diz-policia\/","title":{"rendered":"M\u00e3e de auditor fiscal assassinado por parentes morreu ap\u00f3s saber da morte do filho e ter grande sofrimento, diz pol\u00edcia"},"content":{"rendered":"<div class=\"row content-head non-featured \">\n<div class=\"title\" data-block-type=\"title\" data-block-id=\"0\">\n<h1 class=\"content-head__title\"><span style=\"font-size: 16px;\">Suspeitos s\u00e3o os pr\u00f3prios parentes, que est\u00e3o presos em Goi\u00e2nia e Ituiutaba-MG. Eles sa\u00edram de Minas Gerais para roubar os pertences das v\u00edtimas a fim de uma pagar uma suposta d\u00edvida com agiota.<\/span><\/h1>\n<\/div>\n<\/div>\n<div class=\"content__signa-share\">\n<div class=\"content__signature\">\n<div class=\"content-publication-data\">\n<div class=\"content-publication-data__text\">\n<p class=\"content-publication-data__from\" title=\"Rafael Oliveira, g1 Goi\u00e1s\">Por Rafael Oliveira, g1 Goi\u00e1s<\/p>\n<p class=\"content-publication-data__updated\"><img class=\"content-video__placeholder__thumb\" title=\"C\u00e2meras filmaram parentes chegando em pr\u00e9dio onde morreram auditor fiscal e a m\u00e3e dele\" src=\"https:\/\/s01.video.glbimg.com\/x240\/11320348.jpg\" alt=\"C\u00e2meras filmaram parentes chegando em pr\u00e9dio onde morreram auditor fiscal e a m\u00e3e dele\" \/><\/p>\n<\/div>\n<\/div>\n<\/div>\n<\/div>\n<div class=\"mc-article-body\">\n<article>\n<div id=\"chunk-cli3i\">\n<div class=\"bs-video-block mc-column content-media content-video\" data-block-type=\"backstage-video\" data-block-id=\"1\">\n<div class=\"content-media__container\">\n<div class=\"content-video__bigger-player-description-fixer\">\n<article class=\"content-video\">\n<section class=\"content-video__video-container\">\n<div class=\"content-video__video\">\n<div id=\"wp3-player-2\" class=\"clappr-player\" tabindex=\"9999\" data-player=\"\">\n<div class=\"media-control media-control-hide h720 w960\">\n<div class=\"media-control-panel\">\n<div class=\"media-control-panel__lower\" data-controls=\"\">\n<div class=\"opposites-container\">\n<div class=\"media-control-position__right\">C\u00e2meras filmaram parentes chegando em pr\u00e9dio onde morreram auditor fiscal e a m\u00e3e dele<\/div>\n<\/div>\n<\/div>\n<\/div>\n<\/div>\n<\/div>\n<\/div>\n<\/section>\n<\/article>\n<\/div>\n<\/div>\n<\/div>\n<\/div>\n<div id=\"chunk-38m8l\">\n<div class=\"mc-column content-text active-extra-styles \" data-block-type=\"unstyled\" data-block-weight=\"42\" data-block-id=\"3\">\n<p class=\"content-text__container \" data-track-category=\"Link no Texto\" data-track-links=\"\">A aposentada Sebastiana Aparecida Barbosa, de 85 anos, m\u00e3e do auditor fiscal Carlos Alberto Barbosa, de 64 anos,\u00a0<a href=\"https:\/\/g1.globo.com\/go\/goias\/noticia\/2023\/01\/28\/parentes-investigados-por-matar-auditor-fiscal-e-a-mae-dele-foram-identificados-apos-acidente-na-br-153-diz-policia.ghtml\">que foi assassinado por parentes<\/a>\u00a0em\u00a0<a href=\"https:\/\/g1.globo.com\/go\/goias\/cidade\/goiania\/\">Goi\u00e2nia<\/a>, morreu ap\u00f3s saber da morte do filho e ter passado por grande sofrimento, segundo a Pol\u00edcia Civil.<\/p>\n<\/div>\n<\/div>\n<div class=\"wall protected-content\">\n<div class=\"mc-column content-text active-extra-styles\" data-block-type=\"raw\" data-block-weight=\"6\" data-block-id=\"4\">\n<p>&nbsp;<\/p>\n<\/div>\n<div id=\"chunk-f30cm\">\n<div class=\"mc-column content-text active-extra-styles \" data-block-type=\"unstyled\" data-block-weight=\"39\" data-block-id=\"5\">\n<p class=\"content-text__container \" data-track-category=\"Link no Texto\" data-track-links=\"\">A informa\u00e7\u00e3o foi dada pelos pr\u00f3prios suspeitos em depoimento para a Pol\u00edcia Civil ap\u00f3s serem presos. C\u00e2meras de seguran\u00e7a mostraram quando os parentes retiram os corpos da aposentada e do filho em cadeiras de rodas (<strong><em>assista acima<\/em><\/strong>).<\/p>\n<\/div>\n<\/div>\n<div id=\"chunk-6ukgu\">\n<div class=\"mc-column content-text active-extra-styles \" data-block-type=\"unstyled\" data-block-weight=\"4\" data-block-id=\"6\">\n<p class=\"content-text__container \" data-track-category=\"Link no Texto\" data-track-links=\"\"><strong>Os suspeitos s\u00e3o:<\/strong><\/p>\n<\/div>\n<\/div>\n<div class=\"mc-column content-text active-extra-styles\" data-block-type=\"raw\" data-block-weight=\"67\" data-block-id=\"7\">\n<ul class=\"content-unordered-list\">\n<li><strong>Luciene Soares Theodoro de Andrade<\/strong>, de 52 anos, sobrinha da Sebastiana. Ela \u00e9 a pessoa que teria planejado o crime;<\/li>\n<li><strong>Eduardo Jos\u00e9 de Andrade<\/strong>, de 25 anos, aparece em v\u00eddeos de seguran\u00e7a ajudando a m\u00e3e (Luciene) a tirar os corpos das v\u00edtimas do apartamento em uma cadeira de rodas;<\/li>\n<li><strong>Jos\u00e9 Eterno de Andrade<\/strong>, de 59 anos, teria ajudado a esposa e o filho a cometer o crime.<\/li>\n<\/ul>\n<\/div>\n<div id=\"chunk-3rm3g\">\n<div class=\"content-ads content-ads--reveal\" data-block-type=\"ads\" data-block-id=\"8\"><\/div>\n<\/div>\n<div id=\"chunk-3qp9e\">\n<div class=\"mc-column content-text active-extra-styles \" data-block-type=\"unstyled\" data-block-weight=\"42\" data-block-id=\"9\">\n<p class=\"content-text__container \" data-track-category=\"Link no Texto\" data-track-links=\"\">Os tr\u00eas suspeitos s\u00e3o moradores de Minas Gerais. Eles sa\u00edram com destino a Goi\u00e2nia para fazer uma suposta visita aos parentes, mas a inten\u00e7\u00e3o era roubar os pertences deles para pagar uma d\u00edvida com um agiota mineiro, segundo a Pol\u00edcia Civil.<\/p>\n<\/div>\n<\/div>\n<div id=\"chunk-8coj1\">\n<div class=\"mc-column content-text active-extra-styles \" data-block-type=\"unstyled\" data-block-weight=\"19\" data-block-id=\"10\">\n<p class=\"content-text__container \" data-track-category=\"Link no Texto\" data-track-links=\"\">At\u00e9 a \u00faltima atualiza\u00e7\u00e3o desta reportagem, o\u00a0<strong>g1<\/strong>\u00a0n\u00e3o conseguiu localizar as defesas dos presos para que se posicionassem.<\/p>\n<\/div>\n<\/div>\n<div id=\"chunk-8qa6o\">\n<div class=\"mc-column content-text active-extra-styles \" data-block-type=\"unstyled\" data-block-weight=\"2\" data-block-id=\"11\"><\/div>\n<\/div>\n<div class=\"mc-column content-text active-extra-styles\" data-block-type=\"raw\" data-block-weight=\"51\" data-block-id=\"12\">\n<p>&nbsp;<\/p>\n<\/div>\n<div id=\"chunk-cetrc\">\n<div class=\"row medium-uncollapsed content-media content-photo\" data-block-type=\"backstage-photo\" data-block-id=\"13\">\n<div class=\"mc-column content-media__container\">\n<div class=\"content-media-container glb-skeleton-box\">\n<figure class=\"content-media-figure\"><img class=\"i-amphtml-fill-content i-amphtml-replaced-content\" src=\"https:\/\/s2.glbimg.com\/oGTsPBt0g5EJEC2xty9nUp_huqg=\/0x0:1700x1065\/984x0\/smart\/filters:strip_icc()\/i.s3.glbimg.com\/v1\/AUTH_59edd422c0c84a879bd37670ae4f538a\/internal_photos\/bs\/2023\/g\/I\/aqTck3RIqWdrtdIjyFkA\/auditor-e-mae.jpg\" sizes=\"(max-width: 1707px) 648px, 100vw\" srcset=\"https:\/\/s2.glbimg.com\/tb60o7uErIM3-f4Okh5uiCdpfMQ=\/0x0:1700x1065\/1000x0\/smart\/filters:strip_icc()\/i.s3.glbimg.com\/v1\/AUTH_59edd422c0c84a879bd37670ae4f538a\/internal_photos\/bs\/2023\/g\/I\/aqTck3RIqWdrtdIjyFkA\/auditor-e-mae.jpg 1000w, https:\/\/s2.glbimg.com\/oGTsPBt0g5EJEC2xty9nUp_huqg=\/0x0:1700x1065\/984x0\/smart\/filters:strip_icc()\/i.s3.glbimg.com\/v1\/AUTH_59edd422c0c84a879bd37670ae4f538a\/internal_photos\/bs\/2023\/g\/I\/aqTck3RIqWdrtdIjyFkA\/auditor-e-mae.jpg 984w, https:\/\/s2.glbimg.com\/MMUkzzaMfiwEVoZZ6E6bvMlQgFE=\/0x0:1700x1065\/640x0\/smart\/filters:strip_icc()\/i.s3.glbimg.com\/v1\/AUTH_59edd422c0c84a879bd37670ae4f538a\/internal_photos\/bs\/2023\/g\/I\/aqTck3RIqWdrtdIjyFkA\/auditor-e-mae.jpg 640w, https:\/\/s2.glbimg.com\/2pc0rGo4PC5T6pRpqC1x7Aituwg=\/0x0:1700x1065\/600x0\/smart\/filters:strip_icc()\/i.s3.glbimg.com\/v1\/AUTH_59edd422c0c84a879bd37670ae4f538a\/internal_photos\/bs\/2023\/g\/I\/aqTck3RIqWdrtdIjyFkA\/auditor-e-mae.jpg 600w\" alt=\"Auditor Carlos Alberto Barbosa, de 64 anos, e a m\u00e3e, Sebastiana Aparecida Barbosa, de 85, em Goi\u00e1s \u2014 Foto: Divulga\u00e7\u00e3o\/PCGO\" \/><\/figure>\n<\/div>\n<p class=\"content-media__description \">Auditor Carlos Alberto Barbosa, de 64 anos, e a m\u00e3e, Sebastiana Aparecida Barbosa, de 85, em Goi\u00e1s \u2014 Foto: Divulga\u00e7\u00e3o\/PCGO<\/p>\n<\/div>\n<\/div>\n<\/div>\n<div id=\"chunk-57scr\">\n<div class=\"content-ads content-ads--reveal\" data-block-type=\"ads\" data-block-id=\"14\">\n<div id=\"banner_materia__a0af807f-1bac-4d0e-b3ff-0dc2a95db34d\" class=\"tag-manager-publicidade-container mc-has-reveal mc-has-ad-lazyload tag-manager-publicidade-banner_materia__a0af807f-1bac-4d0e-b3ff-0dc2a95db34d tag-manager-publicidade-container--carregado tag-manager-publicidade-container--visivel\" data-id=\"banner_materia__a0af807f-1bac-4d0e-b3ff-0dc2a95db34d\" data-google-query-id=\"CO3nnIfO7_wCFdBRuAQdd9sHAg\">\n<div id=\"google_ads_iframe_\/95377733\/tvg_G1\/Sua_Regiao&gt;Centro_Oeste&gt;Goias_4__container__\" style=\"box-sizing: inherit; margin: auto; padding: 0px; border: 0pt none; font: inherit; vertical-align: initial; max-width: 100%; text-align: center; width: 970px; height: 250px;\">Para isso, eles se apossaram do apartamento em que as v\u00edtimas moravam, come\u00e7aram a usar sedativos para dop\u00e1-las e tentar pegar as senhas das contas banc\u00e1rias. A pol\u00edcia disse que eles n\u00e3o conseguiram e, por isso, roubaram joias e o carro da v\u00edtima.&#8221;De volta a Goi\u00e2nia, os suspeitos deram a not\u00edcia da morte do filho \u00e0 mulher, mentindo que teria sido por problemas de sa\u00fade. A idosa passou por grande sofrimento e, segundo narrativa dos investigados, estes passaram a administrar rem\u00e9dios ansiol\u00edticos a ela. Com a piora em seu estado de sa\u00fade, a mulher morreu, na \u00faltima quarta-feira (25)&#8221;, diz nota da pol\u00edcia<\/div>\n<div style=\"box-sizing: inherit; margin: auto; padding: 0px; border: 0pt none; font: inherit; vertical-align: initial; max-width: 100%; text-align: center; width: 970px; height: 250px;\">Quem s\u00e3o os suspeitos?<\/div>\n<\/div>\n<\/div>\n<\/div>\n<div class=\"mc-column content-text active-extra-styles\" data-block-type=\"raw\" data-block-weight=\"4\" data-block-id=\"17\">\n<p>&nbsp;<\/p>\n<\/div>\n<div id=\"chunk-6fumu\">\n<div class=\"row medium-uncollapsed content-media content-photo\" data-block-type=\"backstage-photo\" data-block-id=\"18\">\n<div class=\"mc-column content-media__container\">\n<div class=\"content-media-container glb-skeleton-box\">\n<figure class=\"content-media-figure\"><img class=\"i-amphtml-fill-content i-amphtml-replaced-content\" src=\"https:\/\/s2.glbimg.com\/lCTPSSc4g2xdvullpR3kA7i2rKc=\/0x0:1700x1065\/984x0\/smart\/filters:strip_icc()\/i.s3.glbimg.com\/v1\/AUTH_59edd422c0c84a879bd37670ae4f538a\/internal_photos\/bs\/2023\/G\/S\/rMcOdoQIGhlIGAEsBs7A\/trio-preso.jpg\" sizes=\"(max-width: 1707px) 648px, 100vw\" srcset=\"https:\/\/s2.glbimg.com\/BUThYIBxQj909Km7M3bhSr3Jozo=\/0x0:1700x1065\/1000x0\/smart\/filters:strip_icc()\/i.s3.glbimg.com\/v1\/AUTH_59edd422c0c84a879bd37670ae4f538a\/internal_photos\/bs\/2023\/G\/S\/rMcOdoQIGhlIGAEsBs7A\/trio-preso.jpg 1000w, https:\/\/s2.glbimg.com\/lCTPSSc4g2xdvullpR3kA7i2rKc=\/0x0:1700x1065\/984x0\/smart\/filters:strip_icc()\/i.s3.glbimg.com\/v1\/AUTH_59edd422c0c84a879bd37670ae4f538a\/internal_photos\/bs\/2023\/G\/S\/rMcOdoQIGhlIGAEsBs7A\/trio-preso.jpg 984w, https:\/\/s2.glbimg.com\/KhLK76VMX33saDouunejsIlAYfo=\/0x0:1700x1065\/640x0\/smart\/filters:strip_icc()\/i.s3.glbimg.com\/v1\/AUTH_59edd422c0c84a879bd37670ae4f538a\/internal_photos\/bs\/2023\/G\/S\/rMcOdoQIGhlIGAEsBs7A\/trio-preso.jpg 640w, https:\/\/s2.glbimg.com\/Ucloeo1m2IZkrCK6Y7B65f-Sm5M=\/0x0:1700x1065\/600x0\/smart\/filters:strip_icc()\/i.s3.glbimg.com\/v1\/AUTH_59edd422c0c84a879bd37670ae4f538a\/internal_photos\/bs\/2023\/G\/S\/rMcOdoQIGhlIGAEsBs7A\/trio-preso.jpg 600w\" alt=\" Luciene Teodoro de Andrade\/ Eduardo Jos\u00e9 de Andrade\/Jos\u00e9 Eterno de Andrade, presos em Goi\u00e1s \u2014 Foto: Divulga\u00e7\u00e3o\/PCGO\" \/><\/figure>\n<\/div>\n<p class=\"content-media__description \">Luciene Teodoro de Andrade\/ Eduardo Jos\u00e9 de Andrade\/Jos\u00e9 Eterno de Andrade, presos em Goi\u00e1s \u2014 Foto: Divulga\u00e7\u00e3o\/PCGO<span style=\"font-family: inherit; font-size: inherit; font-style: inherit; font-variant-ligatures: inherit; font-variant-caps: inherit; font-weight: inherit; text-align: center;\">Diante das investiga\u00e7\u00f5es, o que se sabe \u00e9 que Luciene Theodoro de Andrade, o filho dela, Eduardo Jos\u00e9 de Andrade e o marido, Jos\u00e9 Eterno de Andrade s\u00e3o suspeitos de cometerem o crime para roubar bens, vender e pagar uma d\u00edvida com agiota em MG.<\/span><\/p>\n<\/div>\n<\/div>\n<\/div>\n<div id=\"chunk-atqva\">\n<div class=\"mc-column content-text active-extra-styles \" data-block-type=\"unstyled\" data-block-weight=\"34\" data-block-id=\"21\">\n<p class=\"content-text__container \" data-track-category=\"Link no Texto\" data-track-links=\"\">Luciene e o filho Eduardo foram presos em Ituiutaba- MG, j\u00e1 Jos\u00e9 Eterno foi preso em Goi\u00e2nia, no apartamento da idosa. No mesmo dia, a Justi\u00e7a de Goi\u00e1s decretou a pris\u00e3o preventiva dos suspeitos.<\/p>\n<\/div>\n<\/div>\n<div id=\"chunk-9730v\">\n<div class=\"mc-column content-text active-extra-styles \" data-block-type=\"unstyled\" data-block-weight=\"21\" data-block-id=\"22\">\n<p class=\"content-text__container \" data-track-category=\"Link no Texto\" data-track-links=\"\">A Pol\u00edcia Civil de Goi\u00e1s investiga a participa\u00e7\u00e3o de um quarto suspeito no crime, mas a identidade dele n\u00e3o foi divulgada.<\/p>\n<\/div>\n<\/div>\n<div id=\"chunk-dl5qg\">\n<div class=\"row medium-uncollapsed content-media content-photo\" data-block-type=\"backstage-photo\" data-block-id=\"23\">\n<div class=\"mc-column content-media__container\">\n<div class=\"content-media-container glb-skeleton-box\">\n<figure class=\"content-media-figure\"><img class=\"i-amphtml-fill-content i-amphtml-replaced-content\" src=\"https:\/\/s2.glbimg.com\/cfgdgeAsj1uHFW-rb4kaoArX-14=\/0x0:1700x1065\/984x0\/smart\/filters:strip_icc()\/i.s3.glbimg.com\/v1\/AUTH_59edd422c0c84a879bd37670ae4f538a\/internal_photos\/bs\/2023\/s\/l\/M6Tw0vQreizWG4sf7IgA\/auditor-cadeira.jpg\" sizes=\"(max-width: 1707px) 648px, 100vw\" srcset=\"https:\/\/s2.glbimg.com\/T5ymuIHwefpGsqWlW7AW9jYeJH8=\/0x0:1700x1065\/1000x0\/smart\/filters:strip_icc()\/i.s3.glbimg.com\/v1\/AUTH_59edd422c0c84a879bd37670ae4f538a\/internal_photos\/bs\/2023\/s\/l\/M6Tw0vQreizWG4sf7IgA\/auditor-cadeira.jpg 1000w, https:\/\/s2.glbimg.com\/cfgdgeAsj1uHFW-rb4kaoArX-14=\/0x0:1700x1065\/984x0\/smart\/filters:strip_icc()\/i.s3.glbimg.com\/v1\/AUTH_59edd422c0c84a879bd37670ae4f538a\/internal_photos\/bs\/2023\/s\/l\/M6Tw0vQreizWG4sf7IgA\/auditor-cadeira.jpg 984w, https:\/\/s2.glbimg.com\/PxzYXYn2410q-gNQ8Uk_5lSUwOQ=\/0x0:1700x1065\/640x0\/smart\/filters:strip_icc()\/i.s3.glbimg.com\/v1\/AUTH_59edd422c0c84a879bd37670ae4f538a\/internal_photos\/bs\/2023\/s\/l\/M6Tw0vQreizWG4sf7IgA\/auditor-cadeira.jpg 640w, https:\/\/s2.glbimg.com\/Rp1urnevWFljV8OhvL6EFwO3RLE=\/0x0:1700x1065\/600x0\/smart\/filters:strip_icc()\/i.s3.glbimg.com\/v1\/AUTH_59edd422c0c84a879bd37670ae4f538a\/internal_photos\/bs\/2023\/s\/l\/M6Tw0vQreizWG4sf7IgA\/auditor-cadeira.jpg 600w\" alt=\"Auditor fiscal sendo retirado de pr\u00e9dio ap\u00f3s ser assassinado em Gio\u00e2nia Goi\u00e1s \u2014 Foto: Divulga\u00e7\u00e3o\/PCGO\" \/><\/figure>\n<\/div>\n<p class=\"content-media__description \">Auditor fiscal sendo retirado de pr\u00e9dio ap\u00f3s ser assassinado em Gio\u00e2nia Goi\u00e1s \u2014 Foto: Divulga\u00e7\u00e3o\/PCGO<\/p>\n<p class=\"content-media__description \"><span style=\"font-family: inherit; font-size: inherit; font-style: inherit; font-variant-ligatures: inherit; font-variant-caps: inherit; font-weight: inherit; text-align: center;\">Como o crime come\u00e7ou?<\/span><\/p>\n<\/div>\n<\/div>\n<\/div>\n<div class=\"mc-column content-text active-extra-styles\" data-block-type=\"raw\" data-block-weight=\"4\" data-block-id=\"25\">\n<p>V\u00eddeos de c\u00e2meras de seguran\u00e7a flagraram Sebastiana e Carlos recebendo os parentes no apartamento em Goi\u00e2nia, no dia 15 de janeiro. Os familiares receberam o trio como uma visita qualquer, visto o grau de parentesco.<\/p>\n<\/div>\n<div id=\"chunk-1519o\">\n<div class=\"mc-column content-text active-extra-styles \" data-block-type=\"unstyled\" data-block-weight=\"37\" data-block-id=\"27\">\n<p class=\"content-text__container \" data-track-category=\"Link no Texto\" data-track-links=\"\">Com base nos depoimentos dos presos, a pol\u00edcia informou que, j\u00e1 nos dias seguintes, Jos\u00e9 Eterno come\u00e7ou a colocar calmantes nas comidas de Carlos e de Sebastiana, para que eles ficassem dopados e sob o poder deles.<\/p>\n<\/div>\n<\/div>\n<div id=\"chunk-cmlgt\">\n<div class=\"mc-column content-text active-extra-styles \" data-block-type=\"unstyled\" data-block-weight=\"39\" data-block-id=\"28\">\n<p class=\"content-text__container \" data-track-category=\"Link no Texto\" data-track-links=\"\">Segundo o delegado Rhaniel Almeida, o marido de Luciene disse que colocava os comprimidos na comida de Carlos (auditor), de forma oculta, at\u00e9 que um dia ele desmaiou, Jos\u00e9 Eterno deu voz de assalto e o amarrou em casa.<\/p>\n<\/div>\n<\/div>\n<div id=\"chunk-dtcaj\">\n<div class=\"row medium-uncollapsed content-media content-photo\" data-block-type=\"backstage-photo\" data-block-id=\"29\">\n<div class=\"mc-column content-media__container\">\n<div class=\"content-media-container glb-skeleton-box\">\n<figure class=\"content-media-figure\"><img class=\"i-amphtml-fill-content i-amphtml-replaced-content\" src=\"https:\/\/s2.glbimg.com\/6s_rrBvo0gV3_-KwNubp4GXEt5U=\/0x0:1700x1065\/984x0\/smart\/filters:strip_icc()\/i.s3.glbimg.com\/v1\/AUTH_59edd422c0c84a879bd37670ae4f538a\/internal_photos\/bs\/2023\/8\/G\/ewB8BHRf2MdemV8oFWHQ\/corpo-idosa.jpg\" sizes=\"(max-width: 1707px) 648px, 100vw\" srcset=\"https:\/\/s2.glbimg.com\/hn10agbbBhIoL_jimcAp9T5Uq1k=\/0x0:1700x1065\/1000x0\/smart\/filters:strip_icc()\/i.s3.glbimg.com\/v1\/AUTH_59edd422c0c84a879bd37670ae4f538a\/internal_photos\/bs\/2023\/8\/G\/ewB8BHRf2MdemV8oFWHQ\/corpo-idosa.jpg 1000w, https:\/\/s2.glbimg.com\/6s_rrBvo0gV3_-KwNubp4GXEt5U=\/0x0:1700x1065\/984x0\/smart\/filters:strip_icc()\/i.s3.glbimg.com\/v1\/AUTH_59edd422c0c84a879bd37670ae4f538a\/internal_photos\/bs\/2023\/8\/G\/ewB8BHRf2MdemV8oFWHQ\/corpo-idosa.jpg 984w, https:\/\/s2.glbimg.com\/Ohs5zdOJKDwDkMgR1ofAsKlF-9A=\/0x0:1700x1065\/640x0\/smart\/filters:strip_icc()\/i.s3.glbimg.com\/v1\/AUTH_59edd422c0c84a879bd37670ae4f538a\/internal_photos\/bs\/2023\/8\/G\/ewB8BHRf2MdemV8oFWHQ\/corpo-idosa.jpg 640w, https:\/\/s2.glbimg.com\/gJ1VB4zEOflqMNye6dPNNXPuqjk=\/0x0:1700x1065\/600x0\/smart\/filters:strip_icc()\/i.s3.glbimg.com\/v1\/AUTH_59edd422c0c84a879bd37670ae4f538a\/internal_photos\/bs\/2023\/8\/G\/ewB8BHRf2MdemV8oFWHQ\/corpo-idosa.jpg 600w\" alt=\"Corpo de idosa foi achado \u00e0s m\u00e1rgens de rodovia, em Goi\u00e1s \u2014 Foto: Divulga\u00e7\u00e3o\/PCGO\" \/><\/figure>\n<\/div>\n<p class=\"content-media__description \">Corpo de idosa foi achado \u00e0s m\u00e1rgens de rodovia, em Goi\u00e1s \u2014 Foto: Divulga\u00e7\u00e3o\/PCGO<\/p>\n<\/div>\n<\/div>\n<\/div>\n<div id=\"chunk-29em4\">\n<div class=\"content-ads content-ads--reveal\" data-block-type=\"ads\" data-block-id=\"30\">\n<div id=\"banner_materia__58082f26-baa7-4841-9eb9-2184844c0f49\" class=\"tag-manager-publicidade-container mc-has-reveal mc-has-ad-lazyload tag-manager-publicidade-banner_materia__58082f26-baa7-4841-9eb9-2184844c0f49 tag-manager-publicidade-container--carregado tag-manager-publicidade-container--visivel\" data-id=\"banner_materia__58082f26-baa7-4841-9eb9-2184844c0f49\" data-google-query-id=\"CN2Vp4nO7_wCFZavlQId5n0HGA\">\n<div id=\"google_ads_iframe_\/95377733\/tvg_G1\/Sua_Regiao&gt;Centro_Oeste&gt;Goias_7__container__\" style=\"box-sizing: inherit; margin: auto; padding: 0px; border: 0pt none; font: inherit; vertical-align: initial; max-width: 100%; text-align: center; width: 970px; height: 250px;\">Como suspeitos foram descobertos?O delegado contou ainda que os suspeitos que estavam no carro s\u00f3 foram identificados depois que eles se envolveram em um acidente na BR-153, e, com isso, se viram obrigados a \u201cse livrar\u201d do corpo.\u201cEles n\u00e3o tinham inten\u00e7\u00e3o de desovar o corpo da idosa na BR. Eles estavam descendo no mesmo sentido onde o corpo de Carlos foi desovado, que seria um local mais \u2018seguro\u2019 , menos vis\u00edvel. Por\u00e9m, eles sofreram um acidente, que saiu da pista, e se viram obrigados a tirar o corpo dela do carro porque sabiam da possibilidade de serem abordados pela pol\u00edcia\u201d, disse o delegado Rhaniel.<img class=\"i-amphtml-fill-content i-amphtml-replaced-content\" src=\"https:\/\/s2.glbimg.com\/QiWxt8Qls78EI1WhXHUEKv0zydo=\/0x0:900x584\/984x0\/smart\/filters:strip_icc()\/i.s3.glbimg.com\/v1\/AUTH_59edd422c0c84a879bd37670ae4f538a\/internal_photos\/bs\/2023\/V\/K\/cAjWSnTxCI27LPUy7Wnw\/luciene-teodoro-de-andrade.jpg\" sizes=\"(max-width: 1707px) 648px, 100vw\" srcset=\"https:\/\/s2.glbimg.com\/jnL_EUHDvSwto1Xz3sFNvZaVH8M=\/0x0:900x584\/1000x0\/smart\/filters:strip_icc()\/i.s3.glbimg.com\/v1\/AUTH_59edd422c0c84a879bd37670ae4f538a\/internal_photos\/bs\/2023\/V\/K\/cAjWSnTxCI27LPUy7Wnw\/luciene-teodoro-de-andrade.jpg 1000w, https:\/\/s2.glbimg.com\/QiWxt8Qls78EI1WhXHUEKv0zydo=\/0x0:900x584\/984x0\/smart\/filters:strip_icc()\/i.s3.glbimg.com\/v1\/AUTH_59edd422c0c84a879bd37670ae4f538a\/internal_photos\/bs\/2023\/V\/K\/cAjWSnTxCI27LPUy7Wnw\/luciene-teodoro-de-andrade.jpg 984w, https:\/\/s2.glbimg.com\/HGEbO9etVRDfuHlgflLDXrF45yI=\/0x0:900x584\/640x0\/smart\/filters:strip_icc()\/i.s3.glbimg.com\/v1\/AUTH_59edd422c0c84a879bd37670ae4f538a\/internal_photos\/bs\/2023\/V\/K\/cAjWSnTxCI27LPUy7Wnw\/luciene-teodoro-de-andrade.jpg 640w, https:\/\/s2.glbimg.com\/DvzZjQECs8an8G87b3jY7jyqnaI=\/0x0:900x584\/600x0\/smart\/filters:strip_icc()\/i.s3.glbimg.com\/v1\/AUTH_59edd422c0c84a879bd37670ae4f538a\/internal_photos\/bs\/2023\/V\/K\/cAjWSnTxCI27LPUy7Wnw\/luciene-teodoro-de-andrade.jpg 600w\" alt=\"Luciene Teodoro de Andrade presa em Ituiutaba \u2014 Foto: Reprodu\u00e7\u00e3o\" \/><\/div>\n<\/div>\n<\/div>\n<\/div>\n<div id=\"chunk-6evoj\">\n<div class=\"row medium-uncollapsed content-media content-photo\" data-block-type=\"backstage-photo\" data-block-id=\"34\">\n<div class=\"mc-column content-media__container\">\n<p>&nbsp;<\/p>\n<p>&nbsp;<\/p>\n<p>&nbsp;<\/p>\n<p>&nbsp;<\/p>\n<p>&nbsp;<\/p>\n<p>&nbsp;<\/p>\n<p>&nbsp;<\/p>\n<p class=\"content-media__description \">Luciene Teodoro de Andrade presa em Ituiutaba \u2014 Foto: Reprodu\u00e7\u00e3o<\/p>\n<p class=\"content-media__description \"><span style=\"font-family: inherit; font-size: inherit; font-style: inherit; font-variant-ligatures: inherit; font-variant-caps: inherit; font-weight: inherit; text-align: center;\">Ap\u00f3s o acidente e do corpo ser encontrado, as pol\u00edcias Civil e Militar come\u00e7aram a ligar os pontos at\u00e9 descobrir que as pessoas que estavam no carro, Luciene e o filho, foram quem abandonaram o corpo da idosa no local.<\/span><\/p>\n<\/div>\n<\/div>\n<\/div>\n<div id=\"chunk-dotfb\">\n<div class=\"mc-column content-text active-extra-styles \" data-block-type=\"unstyled\" data-block-weight=\"34\" data-block-id=\"37\">\n<p class=\"content-text__container \" data-track-category=\"Link no Texto\" data-track-links=\"\">\u201cForam feitas dilig\u00eancias, onde foi poss\u00edvel perceber a movimenta\u00e7\u00e3o do ve\u00edculo. Dessas averigua\u00e7\u00f5es iniciais, o policiais trocaram informa\u00e7\u00f5es com a Pol\u00edcia Civil e conseguiram chegar ao apartamento no centro de Goi\u00e2nia\u201d, conta o PM.<\/p>\n<\/div>\n<\/div>\n<div id=\"chunk-96enr\">\n<div class=\"mc-column content-text active-extra-styles \" data-block-type=\"unstyled\" data-block-weight=\"36\" data-block-id=\"38\">\n<p class=\"content-text__container \" data-track-category=\"Link no Texto\" data-track-links=\"\">Ainda segundo a pol\u00edcia, Luciene e Eduardo foram abordados pela PRF e tiveram o ve\u00edculo apreendido por quest\u00f5es administrativas. Mas a Pol\u00edcia Civil, que estava os monitorando, determinaram de imediato a pris\u00e3o de m\u00e3e e filho.<\/p>\n<\/div>\n<\/div>\n<div class=\"mc-column content-text active-extra-styles\" data-block-type=\"raw\" data-block-weight=\"2\" data-block-id=\"39\">\n<div class=\"content-intertitle\">\n<h2>Outro assassinato<\/h2>\n<\/div>\n<p>&nbsp;<\/p>\n<\/div>\n<div id=\"chunk-agfpp\">\n<div class=\"row medium-uncollapsed content-media content-photo\" data-block-type=\"backstage-photo\" data-block-id=\"40\">\n<div class=\"mc-column content-media__container\">\n<div class=\"content-media-container glb-skeleton-box\">\n<figure class=\"content-media-figure\"><img class=\"i-amphtml-fill-content i-amphtml-replaced-content\" src=\"https:\/\/s2.glbimg.com\/Um3rIJMEmWkna6fD4EScv8ElDUE=\/0x0:520x541\/984x0\/smart\/filters:strip_icc()\/i.s3.glbimg.com\/v1\/AUTH_59edd422c0c84a879bd37670ae4f538a\/internal_photos\/bs\/2023\/z\/H\/lpVj9LRAK1SSAoN1rVbg\/luciene-comentando-foto-de-renata.jpg\" sizes=\"(max-width: 1707px) 648px, 100vw\" srcset=\"https:\/\/s2.glbimg.com\/KtNs8OvbVQaUJTIKQ7hIwycAr5s=\/0x0:520x541\/1000x0\/smart\/filters:strip_icc()\/i.s3.glbimg.com\/v1\/AUTH_59edd422c0c84a879bd37670ae4f538a\/internal_photos\/bs\/2023\/z\/H\/lpVj9LRAK1SSAoN1rVbg\/luciene-comentando-foto-de-renata.jpg 1000w, https:\/\/s2.glbimg.com\/Um3rIJMEmWkna6fD4EScv8ElDUE=\/0x0:520x541\/984x0\/smart\/filters:strip_icc()\/i.s3.glbimg.com\/v1\/AUTH_59edd422c0c84a879bd37670ae4f538a\/internal_photos\/bs\/2023\/z\/H\/lpVj9LRAK1SSAoN1rVbg\/luciene-comentando-foto-de-renata.jpg 984w, https:\/\/s2.glbimg.com\/T6-uOzTfai0ksMrxkNMIhUEqizc=\/0x0:520x541\/640x0\/smart\/filters:strip_icc()\/i.s3.glbimg.com\/v1\/AUTH_59edd422c0c84a879bd37670ae4f538a\/internal_photos\/bs\/2023\/z\/H\/lpVj9LRAK1SSAoN1rVbg\/luciene-comentando-foto-de-renata.jpg 640w, https:\/\/s2.glbimg.com\/HHcwfcTIJNp3OvFS0OO871S3LIc=\/0x0:520x541\/600x0\/smart\/filters:strip_icc()\/i.s3.glbimg.com\/v1\/AUTH_59edd422c0c84a879bd37670ae4f538a\/internal_photos\/bs\/2023\/z\/H\/lpVj9LRAK1SSAoN1rVbg\/luciene-comentando-foto-de-renata.jpg 600w\" alt=\"Renata Ferreira Sampaio foi morta pela amiga e pelo afilhado em Prata \u2014 Foto: Reprodu\u00e7\u00e3o\/Redes Sociais\" \/><\/figure>\n<\/div>\n<p class=\"content-media__description \">Renata Ferreira Sampaio foi morta pela amiga e pelo afilhado em Prata \u2014 Foto: Reprodu\u00e7\u00e3o\/Redes Sociais<\/p>\n<\/div>\n<\/div>\n<\/div>\n<div id=\"chunk-51rpl\">\n<div class=\"content-ads content-ads--reveal\" data-block-type=\"ads\" data-block-id=\"41\">\n<div id=\"banner_materia__e6abcf16-6b8b-4587-8b3a-59066c2c1153\" class=\"tag-manager-publicidade-container mc-has-reveal mc-has-ad-lazyload tag-manager-publicidade-banner_materia__e6abcf16-6b8b-4587-8b3a-59066c2c1153 tag-manager-publicidade-container--carregado tag-manager-publicidade-container--visivel\" data-id=\"banner_materia__e6abcf16-6b8b-4587-8b3a-59066c2c1153\" data-google-query-id=\"CMadnYrO7_wCFWNMuAQdcZIDpQ\">\n<div id=\"google_ads_iframe_\/95377733\/tvg_G1\/Sua_Regiao&gt;Centro_Oeste&gt;Goias_9__container__\" style=\"box-sizing: inherit; margin: auto; padding: 0px; border: 0pt none; font: inherit; vertical-align: initial; max-width: 100%; text-align: center; width: 970px; height: 250px;\">A fam\u00edlia tamb\u00e9m \u00e9 investigada pela Pol\u00edcia Civil de MG <a href=\"https:\/\/g1.globo.com\/mg\/triangulo-mineiro\/noticia\/2023\/01\/27\/quem-e-a-mulher-suspeita-de-esganar-e-esquartejar-a-propria-amiga-em-mg.ghtml\">pelo assassinado de Renata Ferreira<\/a>, de 50 anos, madrinha de Eduardo e cunhada de Luciene. Ela desapareceu em outubro do ano passado e a morte foi confirmada ap\u00f3s a pris\u00e3o dos suspeitos, que tamb\u00e9m confessaram o crime. Segundo a Pol\u00edcia Civil de Minas, Luciene era comadre de Renata e tinha escolhido a amiga para ser madrinha do filho Eduardo. Ela n\u00e3o tinha passagens anteriores pela pol\u00edcia, mas tamb\u00e9m informou a hist\u00f3ria de que a fam\u00edlia tinha uma grande d\u00edvida a quitar com agiota. A pol\u00edcia ainda procura pelo corpo de Renata.<\/div>\n<\/div>\n<\/div>\n<\/div>\n<\/div>\n<\/article>\n<\/div>\n","protected":false},"excerpt":{"rendered":"<p>Suspeitos s\u00e3o os pr\u00f3prios parentes, que est\u00e3o presos em Goi\u00e2nia e Ituiutaba-MG. Eles sa\u00edram de Minas Gerais para roubar os pertences das v\u00edtimas a fim de uma pagar uma suposta d\u00edvida com agiota. Por Rafael Oliveira, g1 Goi\u00e1s C\u00e2meras filmaram parentes chegando em pr\u00e9dio onde morreram auditor fiscal e a m\u00e3e dele A aposentada Sebastiana [&hellip;]<\/p>\n","protected":false},"author":2,"featured_media":0,"comment_status":"open","ping_status":"open","sticky":false,"template":"","format":"standard","meta":{"_links_to":"","_links_to_target":""},"categories":[7,9,8,1],"tags":[],"_links":{"self":[{"href":"https:\/\/www.ilheusnoticias.net.br\/v1\/wp-json\/wp\/v2\/posts\/30822"}],"collection":[{"href":"https:\/\/www.ilheusnoticias.net.br\/v1\/wp-json\/wp\/v2\/posts"}],"about":[{"href":"https:\/\/www.ilheusnoticias.net.br\/v1\/wp-json\/wp\/v2\/types\/post"}],"author":[{"embeddable":true,"href":"https:\/\/www.ilheusnoticias.net.br\/v1\/wp-json\/wp\/v2\/users\/2"}],"replies":[{"embeddable":true,"href":"https:\/\/www.ilheusnoticias.net.br\/v1\/wp-json\/wp\/v2\/comments?post=30822"}],"version-history":[{"count":2,"href":"https:\/\/www.ilheusnoticias.net.br\/v1\/wp-json\/wp\/v2\/posts\/30822\/revisions"}],"predecessor-version":[{"id":30824,"href":"https:\/\/www.ilheusnoticias.net.br\/v1\/wp-json\/wp\/v2\/posts\/30822\/revisions\/30824"}],"wp:attachment":[{"href":"https:\/\/www.ilheusnoticias.net.br\/v1\/wp-json\/wp\/v2\/media?parent=30822"}],"wp:term":[{"taxonomy":"category","embeddable":true,"href":"https:\/\/www.ilheusnoticias.net.br\/v1\/wp-json\/wp\/v2\/categories?post=30822"},{"taxonomy":"post_tag","embeddable":true,"href":"https:\/\/www.ilheusnoticias.net.br\/v1\/wp-json\/wp\/v2\/tags?post=30822"}],"curies":[{"name":"wp","href":"https:\/\/api.w.org\/{rel}","templated":true}]}}