{"id":30820,"date":"2023-01-30T12:29:04","date_gmt":"2023-01-30T15:29:04","guid":{"rendered":"https:\/\/www.ilheusnoticias.net.br\/v1\/?p=30820"},"modified":"2023-01-30T12:29:04","modified_gmt":"2023-01-30T15:29:04","slug":"defesa-de-daniel-alves-entrega-recurso-e-acredita-que-jogador-deve-deixar-prisao-dentro-de-um-mes","status":"publish","type":"post","link":"https:\/\/www.ilheusnoticias.net.br\/v1\/2023\/01\/30\/defesa-de-daniel-alves-entrega-recurso-e-acredita-que-jogador-deve-deixar-prisao-dentro-de-um-mes\/","title":{"rendered":"Defesa de Daniel Alves entrega recurso e acredita que jogador deve deixar pris\u00e3o dentro de um m\u00eas"},"content":{"rendered":"<div class=\"row content-head non-featured \">\n<div class=\"title\" data-block-type=\"title\" data-block-id=\"0\"><\/div>\n<div class=\"medium-centered subtitle\"><\/div>\n<\/div>\n<div class=\"content__signa-share\">\n<div class=\"content__signature\">\n<div class=\"content-publication-data\">\n<div class=\"content-publication-data__text\">\n<p class=\"content-publication-data__updated\"><img class=\"content-video__placeholder__thumb\" title=\"Entenda pris\u00e3o preventiva de Daniel Alves por suposta agress\u00e3o sexual na Espanha\" src=\"https:\/\/s02.video.glbimg.com\/x240\/11304289.jpg\" alt=\"Entenda pris\u00e3o preventiva de Daniel Alves por suposta agress\u00e3o sexual na Espanha\" \/><\/p>\n<\/div>\n<\/div>\n<\/div>\n<\/div>\n<div class=\"mc-article-body\">\n<article>\n<div id=\"chunk-ft91s\">\n<div class=\"bs-video-block mc-column  content-media content-video\" data-block-type=\"backstage-video\" data-block-id=\"1\">\n<div class=\"content-media__container\">\n<div class=\"content-video__bigger-player-description-fixer\">\n<article class=\"content-video\">\n<section class=\"content-video__video-container\">\n<div class=\"content-video__video\">\n<div id=\"wp3-player-1\" class=\"clappr-player\" tabindex=\"9999\" data-player=\"\">\n<div class=\"media-control media-control-hide h720 w960\">\n<div class=\"media-control-panel\">\n<div class=\"media-control-panel__front-layer\">\n<div class=\"media-control-position__right\"><\/div>\n<\/div>\n<\/div>\n<\/div>\n<\/div>\n<\/div>\n<\/section>\n<\/article>\n<\/div>\n<p class=\"content-media__description\">Entenda pris\u00e3o preventiva de Daniel Alves por suposta agress\u00e3o sexual na Espanha<\/p>\n<\/div>\n<\/div>\n<\/div>\n<div id=\"chunk-9rmjj\">\n<div class=\"mc-column content-text active-extra-styles \" data-block-type=\"unstyled\" data-block-weight=\"29\" data-block-id=\"3\">\n<p class=\"content-text__container \" data-track-category=\"Link no Texto\" data-track-links=\"\">Os advogados de Daniel Alves apresentaram nesta segunda-feira (30) um recurso pedindo que o o jogador responda em liberdade \u00e0 acusa\u00e7\u00e3o de ter estuprado uma jovem em Barcelona.<\/p>\n<\/div>\n<\/div>\n<div class=\"wall protected-content\">\n<div id=\"chunk-1cjdd\">\n<div class=\"mc-column content-text active-extra-styles \" data-block-type=\"unstyled\" data-block-weight=\"16\" data-block-id=\"4\">\n<p class=\"content-text__container \" data-track-category=\"Link no Texto\" data-track-links=\"\">A defesa acredita que o jogador deve deixar a pris\u00e3o em menos de um m\u00eas.<\/p>\n<\/div>\n<\/div>\n<div id=\"chunk-ejcei\">\n<div class=\"mc-column content-text active-extra-styles \" data-block-type=\"unstyled\" data-block-weight=\"36\" data-block-id=\"5\">\n<p class=\"content-text__container \" data-track-category=\"Link no Texto\" data-track-links=\"\">O jogador est\u00e1<a href=\"https:\/\/g1.globo.com\/mundo\/noticia\/2023\/01\/20\/juiza-ordena-prisao-preventiva-de-daniel-alves-na-espanha.ghtml\">\u00a0preso de forma preventiva h\u00e1 mais de uma semana em Barcelona<\/a>, na Espanha, acusado de estuprar uma mulher no banheiro de uma boate. Ele foi detido enquanto prestava depoimento sobre o caso.<\/p>\n<\/div>\n<\/div>\n<div id=\"chunk-324b7\">\n<div class=\"mc-column content-text active-extra-styles \" data-block-type=\"unstyled\" data-block-weight=\"27\" data-block-id=\"6\">\n<p class=\"content-text__container \" data-track-category=\"Link no Texto\" data-track-links=\"\">A ju\u00edza respons\u00e1vel pelo caso viu contradi\u00e7\u00f5es em suas declara\u00e7\u00f5es e acatou um pedido do Minist\u00e9rio P\u00fablico espanhol de pris\u00e3o preventiva sem fian\u00e7a para o jogador.<\/p>\n<\/div>\n<\/div>\n<div id=\"chunk-5iku4\">\n<div class=\"content-ads content-ads--reveal\" data-block-type=\"ads\" data-block-id=\"7\">\n<div id=\"banner_materia2\" class=\"tag-manager-publicidade-container mc-has-reveal mc-has-ad-lazyload tag-manager-publicidade-banner_materia2 tag-manager-publicidade-container--carregado tag-manager-publicidade-container--visivel\" data-id=\"banner_materia2\" data-google-query-id=\"CMmWp7vN7_wCFc47uQYdrK8NgQ\">\n<div id=\"google_ads_iframe_\/95377733\/tvg_G1\/Mundo_3__container__\"><\/div>\n<\/div>\n<\/div>\n<\/div>\n<div id=\"chunk-emmkt\">\n<div class=\"mc-column content-text active-extra-styles \" data-block-type=\"unstyled\" data-block-weight=\"50\" data-block-id=\"8\">\n<p class=\"content-text__container \" data-track-category=\"Link no Texto\" data-track-links=\"\">De acordo com o jornal &#8220;El Peri\u00f3dico&#8221;, o recurso foi entregue nesta manh\u00e3 ao<strong>\u00a015\u00ba Tribunal de Instru\u00e7\u00e3o de Barcelona<\/strong>\u00a0&#8211; esse tipo de Corte \u00e9 o respons\u00e1vel por analisar um caso antes de decidir se ele deve ou n\u00e3o ir a julgamento. Alves ainda n\u00e3o \u00e9 considerado r\u00e9u.<\/p>\n<\/div>\n<\/div>\n<div id=\"chunk-70mis\">\n<div class=\"mc-column content-text active-extra-styles \" data-block-type=\"unstyled\" data-block-weight=\"46\" data-block-id=\"9\">\n<p class=\"content-text__container \" data-track-category=\"Link no Texto\" data-track-links=\"\">O pedido ser\u00e1 transferido para a Audi\u00eancia de Barcelona &#8211; a inst\u00e2ncia mais alta da Justi\u00e7a local, que ser\u00e1 quem julgar\u00e1 se aceita ou n\u00e3o o recurso. A defesa da jovem que acusa Alves tamb\u00e9m ser\u00e1 notificada e poder\u00e1 apresentar novas argumenta\u00e7\u00f5es, caso queira.<\/p>\n<\/div>\n<\/div>\n<div id=\"chunk-fa6cj\">\n<div class=\"mc-column content-text active-extra-styles \" data-block-type=\"unstyled\" data-block-weight=\"46\" data-block-id=\"10\">\n<p class=\"content-text__container \" data-track-category=\"Link no Texto\" data-track-links=\"\">Fontes da defesa de Daniel Alves contaram ao jornal espanhol &#8220;El Mundo&#8221; que\u00a0<strong>a expectativa \u00e9 que a Justi\u00e7a aceite o recurso em um prazo de aproximadamente um m\u00eas<\/strong>, um c\u00e1lculo que levou em conta os prazos para a an\u00e1lise do pedido e tr\u00e2mites legais.<\/p>\n<\/div>\n<\/div>\n<div id=\"chunk-ef4rv\">\n<div class=\"mc-column content-text active-extra-styles \" data-block-type=\"unstyled\" data-block-weight=\"2\" data-block-id=\"11\">\n<p class=\"content-text__container \" data-track-category=\"Link no Texto\" data-track-links=\"\">A t\u00e1tica da defesa para redigir o recurso foi a de se concentrar no<strong>\u00a0argumento de que a rela\u00e7\u00e3o foi consensual\u00a0<\/strong>&#8211; esta foi a \u00faltima vers\u00e3o dada por Daniel Alves em declara\u00e7\u00e3o \u00e0 Justi\u00e7a. A suposta v\u00edtima nega, e a Promotoria disse ter provas suficientes que comprovem o crime de agress\u00e3o sexual.<\/p>\n<\/div>\n<\/div>\n<div id=\"chunk-78jeh\">\n<div class=\"mc-column content-text active-extra-styles \" data-block-type=\"unstyled\" data-block-weight=\"19\" data-block-id=\"15\">\n<p class=\"content-text__container \" data-track-category=\"Link no Texto\" data-track-links=\"\">No depoimento inicial, Alves havia dito que n\u00e3o conhecia a v\u00edtima e garantiu que n\u00e3o houve qualquer rela\u00e7\u00e3o.<\/p>\n<\/div>\n<\/div>\n<div id=\"chunk-703kd\">\n<div class=\"mc-column content-text active-extra-styles \" data-block-type=\"unstyled\" data-block-weight=\"43\" data-block-id=\"16\">\n<p class=\"content-text__container \" data-track-category=\"Link no Texto\" data-track-links=\"\"><strong>Os advogados argumentam que ele mentiu por n\u00e3o querer revelar a trai\u00e7\u00e3o \u00e0 sua mulher<\/strong>, a modelo das ilhas Can\u00e1rias Joana Sanz &#8211; Sanz ainda n\u00e3o se pronunciou sobre o caso, mas apagou as fotos do marido em sua conta do Instagram.<\/p>\n<\/div>\n<\/div>\n<div id=\"chunk-9b44t\">\n<div class=\"mc-column content-text active-extra-styles \" data-block-type=\"unstyled\" data-block-weight=\"67\" data-block-id=\"17\">\n<p class=\"content-text__container \" data-track-category=\"Link no Texto\" data-track-links=\"\">A defesa tamb\u00e9m sugeriu, no recurso,\u00a0<a href=\"https:\/\/g1.globo.com\/mundo\/noticia\/2023\/01\/27\/advogado-de-daniel-alves-vai-propor-a-justica-espanhola-pulseira-eletronica-para-tirar-jogador-da-prisao.ghtml\">que Daniel Alves use uma pulseira eletr\u00f4nica e entregue seu passaporte \u00e0 Justi\u00e7a<\/a>. As sugest\u00f5es s\u00e3o uma<strong>\u00a0tentativa de desarmar a principal argumenta\u00e7\u00e3o da Promotoria\u00a0<\/strong>quando pediu a pris\u00e3o preventiva do brasileiro &#8211; a de que havia\u00a0<strong>alto risco de fuga,<\/strong>\u00a0j\u00e1 que ele residia em outro pa\u00eds e tem poder aquisitivo suficiente para deixar a Espanha em avi\u00e3o.<\/p>\n<\/div>\n<\/div>\n<div id=\"chunk-1iepq\">\n<div class=\"mc-column content-text active-extra-styles \" data-block-type=\"unstyled\" data-block-weight=\"23\" data-block-id=\"18\">\n<p class=\"content-text__container \" data-track-category=\"Link no Texto\" data-track-links=\"\">Alves tem uma casa em Barcelona, e foi demitido do Pumas, no M\u00e9xico, onde estava jogando &#8211; isso tamb\u00e9m consta no recurso.<\/p>\n<\/div>\n<\/div>\n<div class=\"mc-column content-text active-extra-styles\" data-block-type=\"raw\" data-block-weight=\"3\" data-block-id=\"19\">\n<p class=\"content-text__container\">\n<div class=\"content-intertitle\">\n<h2>Futebol na pris\u00e3o<\/h2>\n<\/div>\n<p>&nbsp;<\/p>\n<\/div>\n<div id=\"chunk-bdecs\">\n<div class=\"row medium-uncollapsed content-media content-photo\" data-block-type=\"backstage-photo\" data-block-id=\"20\">\n<div class=\"mc-column content-media__container\">\n<div class=\"content-media-container glb-skeleton-box\">\n<figure class=\"content-media-figure\"><img class=\"i-amphtml-fill-content i-amphtml-replaced-content\" src=\"https:\/\/s2.glbimg.com\/iPjybxhg-PJLb_WES_xk1kKMA44=\/0x0:1135x635\/984x0\/smart\/filters:strip_icc()\/i.s3.glbimg.com\/v1\/AUTH_59edd422c0c84a879bd37670ae4f538a\/internal_photos\/bs\/2023\/A\/4\/xc7tC7RAWaWnE2pNyoDA\/prisao.jpg\" sizes=\"(max-width: 1707px) 648px, 100vw\" srcset=\"https:\/\/s2.glbimg.com\/yHZXy3VeF50hgukFXZi9sTICjUc=\/0x0:1135x635\/1000x0\/smart\/filters:strip_icc()\/i.s3.glbimg.com\/v1\/AUTH_59edd422c0c84a879bd37670ae4f538a\/internal_photos\/bs\/2023\/A\/4\/xc7tC7RAWaWnE2pNyoDA\/prisao.jpg 1000w, https:\/\/s2.glbimg.com\/iPjybxhg-PJLb_WES_xk1kKMA44=\/0x0:1135x635\/984x0\/smart\/filters:strip_icc()\/i.s3.glbimg.com\/v1\/AUTH_59edd422c0c84a879bd37670ae4f538a\/internal_photos\/bs\/2023\/A\/4\/xc7tC7RAWaWnE2pNyoDA\/prisao.jpg 984w, https:\/\/s2.glbimg.com\/L9Y1Dpfw2MpUyuZ3n1tMvfZeJAo=\/0x0:1135x635\/640x0\/smart\/filters:strip_icc()\/i.s3.glbimg.com\/v1\/AUTH_59edd422c0c84a879bd37670ae4f538a\/internal_photos\/bs\/2023\/A\/4\/xc7tC7RAWaWnE2pNyoDA\/prisao.jpg 640w, https:\/\/s2.glbimg.com\/GySdj8PXg-eHt_m3vp3VQDiTglA=\/0x0:1135x635\/600x0\/smart\/filters:strip_icc()\/i.s3.glbimg.com\/v1\/AUTH_59edd422c0c84a879bd37670ae4f538a\/internal_photos\/bs\/2023\/A\/4\/xc7tC7RAWaWnE2pNyoDA\/prisao.jpg 600w\" alt=\"Pris\u00e3o na Catalunha onde Daniel Alves est\u00e1 preso \u2014 Foto: Secretaria de Justi\u00e7a da Catalunha\" \/><\/figure>\n<\/div>\n<p class=\"content-media__description \">Pris\u00e3o na Catalunha onde Daniel Alves est\u00e1 preso \u2014 Foto: Secretaria de Justi\u00e7a da Catalunha<\/p>\n<\/div>\n<\/div>\n<\/div>\n<div id=\"chunk-aq857\">\n<div class=\"content-ads content-ads--reveal\" data-block-type=\"ads\" data-block-id=\"21\">\n<div id=\"banner_materia__84ce6e6a-6f96-4e30-bfca-6f6b5368af4c\" class=\"tag-manager-publicidade-container mc-has-reveal mc-has-ad-lazyload tag-manager-publicidade-banner_materia__84ce6e6a-6f96-4e30-bfca-6f6b5368af4c tag-manager-publicidade-container--carregado tag-manager-publicidade-container--visivel\" data-id=\"banner_materia__84ce6e6a-6f96-4e30-bfca-6f6b5368af4c\" data-google-query-id=\"CPS9v7zN7_wCFYAruQYd6ewH_g\">\n<div id=\"google_ads_iframe_\/95377733\/tvg_G1\/Mundo_5__container__\"><iframe loading=\"lazy\" id=\"google_ads_iframe_\/95377733\/tvg_G1\/Mundo_5\" tabindex=\"0\" title=\"3rd party ad content\" role=\"region\" src=\"https:\/\/779305000426808b476b59db174cbdc9.safeframe.googlesyndication.com\/safeframe\/1-0-40\/html\/container.html\" name=\"\" width=\"970\" height=\"150\" frameborder=\"0\" marginwidth=\"0\" marginheight=\"0\" scrolling=\"no\" sandbox=\"allow-forms allow-popups allow-popups-to-escape-sandbox allow-same-origin allow-scripts allow-top-navigation-by-user-activation\" data-is-safeframe=\"true\" aria-label=\"Advertisement\" data-google-container-id=\"7\" data-load-complete=\"true\" data-mce-fragment=\"1\"><\/iframe><\/div>\n<\/div>\n<\/div>\n<\/div>\n<div id=\"chunk-7bfqe\">\n<div class=\"mc-column content-text active-extra-styles \" data-block-type=\"unstyled\" data-block-weight=\"41\" data-block-id=\"22\">\n<p class=\"content-text__container \" data-track-category=\"Link no Texto\" data-track-links=\"\">Enquanto aguarda a resolu\u00e7\u00e3o do caso &#8211; a Justi\u00e7a espanhola ainda analisa se levar\u00e1 a acusa\u00e7\u00e3o a julgamento -, Daniel Alves come\u00e7ou a jogar futebol com outros presos do pres\u00eddio de Brians 3, para onde ele foi enviado.<\/p>\n<\/div>\n<\/div>\n<div id=\"chunk-58n05\">\n<div class=\"mc-column content-text active-extra-styles \" data-block-type=\"unstyled\" data-block-weight=\"41\" data-block-id=\"23\">\n<p class=\"content-text__container \" data-track-category=\"Link no Texto\" data-track-links=\"\">Parentes de presos e funcion\u00e1rios do pres\u00eddio relataram ao jornal catal\u00e3o &#8220;La Vanguardia&#8221; que Alves jogou uma partida pela primeira vez desde que chegou ao local. De acordo com os relatos, at\u00e9 diretores do complexo penitenci\u00e1rio foram assistir ao jogo.<\/p>\n<\/div>\n<\/div>\n<div id=\"chunk-7u92r\">\n<div class=\"mc-column content-text active-extra-styles \" data-block-type=\"unstyled\" data-block-weight=\"31\" data-block-id=\"24\">\n<p class=\"content-text__container \" data-track-category=\"Link no Texto\" data-track-links=\"\">Ainda assim, ele foi enviado para um setor reservado do pres\u00eddio, destinado a condenados por agress\u00e3o sexual &#8211; crime que, na Espanha, inclui estupro.\u00a0<a href=\"https:\/\/g1.globo.com\/mundo\/noticia\/2023\/01\/25\/daniel-alves-divide-cela-com-brasileiro-em-modulo-para-agressores-sexuais-em-prisao-na-espanha.ghtml\">Ele divide cela com um brasileiro<\/a>.<\/p>\n<\/div>\n<\/div>\n<\/div>\n<\/article>\n<\/div>\n","protected":false},"excerpt":{"rendered":"<p>Entenda pris\u00e3o preventiva de Daniel Alves por suposta agress\u00e3o sexual na Espanha Os advogados de Daniel Alves apresentaram nesta segunda-feira (30) um recurso pedindo que o o jogador responda em liberdade \u00e0 acusa\u00e7\u00e3o de ter estuprado uma jovem em Barcelona. A defesa acredita que o jogador deve deixar a pris\u00e3o em menos de um m\u00eas. [&hellip;]<\/p>\n","protected":false},"author":2,"featured_media":0,"comment_status":"open","ping_status":"open","sticky":false,"template":"","format":"standard","meta":{"_links_to":"","_links_to_target":""},"categories":[7,9,8,1],"tags":[],"_links":{"self":[{"href":"https:\/\/www.ilheusnoticias.net.br\/v1\/wp-json\/wp\/v2\/posts\/30820"}],"collection":[{"href":"https:\/\/www.ilheusnoticias.net.br\/v1\/wp-json\/wp\/v2\/posts"}],"about":[{"href":"https:\/\/www.ilheusnoticias.net.br\/v1\/wp-json\/wp\/v2\/types\/post"}],"author":[{"embeddable":true,"href":"https:\/\/www.ilheusnoticias.net.br\/v1\/wp-json\/wp\/v2\/users\/2"}],"replies":[{"embeddable":true,"href":"https:\/\/www.ilheusnoticias.net.br\/v1\/wp-json\/wp\/v2\/comments?post=30820"}],"version-history":[{"count":1,"href":"https:\/\/www.ilheusnoticias.net.br\/v1\/wp-json\/wp\/v2\/posts\/30820\/revisions"}],"predecessor-version":[{"id":30821,"href":"https:\/\/www.ilheusnoticias.net.br\/v1\/wp-json\/wp\/v2\/posts\/30820\/revisions\/30821"}],"wp:attachment":[{"href":"https:\/\/www.ilheusnoticias.net.br\/v1\/wp-json\/wp\/v2\/media?parent=30820"}],"wp:term":[{"taxonomy":"category","embeddable":true,"href":"https:\/\/www.ilheusnoticias.net.br\/v1\/wp-json\/wp\/v2\/categories?post=30820"},{"taxonomy":"post_tag","embeddable":true,"href":"https:\/\/www.ilheusnoticias.net.br\/v1\/wp-json\/wp\/v2\/tags?post=30820"}],"curies":[{"name":"wp","href":"https:\/\/api.w.org\/{rel}","templated":true}]}}