{"id":30818,"date":"2023-01-30T12:25:17","date_gmt":"2023-01-30T15:25:17","guid":{"rendered":"https:\/\/www.ilheusnoticias.net.br\/v1\/?p=30818"},"modified":"2023-01-30T12:25:17","modified_gmt":"2023-01-30T15:25:17","slug":"marina-diz-que-governo-usara-recursos-do-fundo-amazonia-para-ajudar-povo-yanomami","status":"publish","type":"post","link":"https:\/\/www.ilheusnoticias.net.br\/v1\/2023\/01\/30\/marina-diz-que-governo-usara-recursos-do-fundo-amazonia-para-ajudar-povo-yanomami\/","title":{"rendered":"Marina diz que governo usar\u00e1 recursos do Fundo Amaz\u00f4nia para ajudar povo Yanomami"},"content":{"rendered":"<div class=\"row content-head non-featured \">\n<div class=\"title\" data-block-type=\"title\" data-block-id=\"0\">\n<h1 class=\"content-head__title\"><span style=\"font-size: 16px;\">Popula\u00e7\u00e3o ind\u00edgena sofre com uma grave crise de sa\u00fade, com registros de mortes de adultos e crian\u00e7as provocados por doen\u00e7as como desnutri\u00e7\u00e3o e mal\u00e1ria.<\/span><\/h1>\n<\/div>\n<\/div>\n<div class=\"mc-article-body\">\n<article>\n<div id=\"chunk-dljtb\">\n<div class=\"row medium-uncollapsed content-media content-photo\" data-block-type=\"backstage-photo\" data-block-id=\"1\">\n<div class=\"mc-column content-media__container\">\n<div class=\"content-media-container glb-skeleton-box\">\n<figure class=\"content-media-figure\"><img loading=\"lazy\" class=\"i-amphtml-fill-content i-amphtml-replaced-content\" src=\"https:\/\/s2.glbimg.com\/3-g7h2HGf-f5VgPoMfbRemSBTyM=\/338x208:1012x713\/984x0\/smart\/filters:strip_icc()\/i.s3.glbimg.com\/v1\/AUTH_59edd422c0c84a879bd37670ae4f538a\/internal_photos\/bs\/2023\/Z\/c\/cmGhwwRsSl0Y5QllmZeQ\/whatsapp-image-2023-01-30-at-10.39.52.jpeg\" sizes=\"(max-width: 1707px) 648px, 100vw\" srcset=\"https:\/\/s2.glbimg.com\/d7BqVgdjsdnsuVTFPn2vJIc2GXY=\/338x208:1012x713\/1000x0\/smart\/filters:strip_icc()\/i.s3.glbimg.com\/v1\/AUTH_59edd422c0c84a879bd37670ae4f538a\/internal_photos\/bs\/2023\/Z\/c\/cmGhwwRsSl0Y5QllmZeQ\/whatsapp-image-2023-01-30-at-10.39.52.jpeg 1000w, https:\/\/s2.glbimg.com\/3-g7h2HGf-f5VgPoMfbRemSBTyM=\/338x208:1012x713\/984x0\/smart\/filters:strip_icc()\/i.s3.glbimg.com\/v1\/AUTH_59edd422c0c84a879bd37670ae4f538a\/internal_photos\/bs\/2023\/Z\/c\/cmGhwwRsSl0Y5QllmZeQ\/whatsapp-image-2023-01-30-at-10.39.52.jpeg 984w, https:\/\/s2.glbimg.com\/fDcDpnEzuA96Tvhwvrkus6ONVjs=\/338x208:1012x713\/640x0\/smart\/filters:strip_icc()\/i.s3.glbimg.com\/v1\/AUTH_59edd422c0c84a879bd37670ae4f538a\/internal_photos\/bs\/2023\/Z\/c\/cmGhwwRsSl0Y5QllmZeQ\/whatsapp-image-2023-01-30-at-10.39.52.jpeg 640w, https:\/\/s2.glbimg.com\/Php8aYwGYrE4V9LPkTrkgZTjSjc=\/338x208:1012x713\/600x0\/smart\/filters:strip_icc()\/i.s3.glbimg.com\/v1\/AUTH_59edd422c0c84a879bd37670ae4f538a\/internal_photos\/bs\/2023\/Z\/c\/cmGhwwRsSl0Y5QllmZeQ\/whatsapp-image-2023-01-30-at-10.39.52.jpeg 600w\" alt=\"A ministra do Meio Ambiente, Marina Silva, ao lado da ministra da Coopera\u00e7\u00e3o da Alemanha, Svenja Schulze. \u2014 Foto: Filipe Matoso \/ g1\" width=\"330\" height=\"247\" \/><\/figure>\n<\/div>\n<p class=\"content-media__description \">A ministra do Meio Ambiente, Marina Silva, ao lado da ministra da Coopera\u00e7\u00e3o da Alemanha, Svenja Schulze. \u2014 Foto: Filipe Matoso \/ g1<\/p>\n<\/div>\n<\/div>\n<\/div>\n<div id=\"chunk-drde2\">\n<div class=\"mc-column mc-side-item__container\" data-block-type=\"ads\" data-block-id=\"2\">\n<div class=\"mc-side-item mc-side-item--right content-ads content-ads--side-ad\">\n<div id=\"banner_materia1\" class=\"tag-manager-publicidade-container tag-manager-publicidade-banner_materia1 tag-manager-publicidade-container--carregado tag-manager-publicidade-container--visivel\" data-google-query-id=\"CM-qr6HM7_wCFdS0lQIdDMkJ9Q\">\n<div id=\"google_ads_iframe_\/95377733\/tvg_G1\/Politica_0__container__\"><\/div>\n<\/div>\n<\/div>\n<\/div>\n<\/div>\n<div id=\"chunk-aotr3\">\n<div class=\"mc-column content-text active-extra-styles \" data-block-type=\"unstyled\" data-block-weight=\"25\" data-block-id=\"3\">\n<p class=\"content-text__container \" data-track-category=\"Link no Texto\" data-track-links=\"\">A ministra do Meio Ambiente,\u00a0<a href=\"https:\/\/g1.globo.com\/politica\/politico\/marina-silva\/\">Marina Silva<\/a>, afirmou nesta segunda-feira (30) que o governo federal utilizar\u00e1 recursos do\u00a0<a href=\"https:\/\/g1.globo.com\/meio-ambiente\/noticia\/2022\/11\/03\/fundo-amazonia-entenda-o-que-e-a-iniciativa-abandonada-por-bolsonaro-e-que-tem-r-32-bilhoes-paralisados.ghtml\">Fundo Amaz\u00f4nia<\/a>\u00a0para ajudar o povo Yanomami.<\/p>\n<\/div>\n<\/div>\n<div class=\"wall protected-content\">\n<div id=\"chunk-ds2aa\">\n<div class=\"mc-column content-text active-extra-styles \" data-block-type=\"unstyled\" data-block-weight=\"17\" data-block-id=\"4\">\n<p class=\"content-text__container \" data-track-category=\"Link no Texto\" data-track-links=\"\">A popula\u00e7\u00e3o ind\u00edgena\u00a0<a href=\"https:\/\/g1.globo.com\/rr\/roraima\/noticia\/2023\/01\/21\/lula-chega-a-roraima-e-deve-anunciar-acoes-contra-crise-na-saude-e-desnutricao-de-criancas-yanomami.ghtml\">sofre com uma grave crise de sa\u00fade<\/a>, com in\u00fameros registros de desnutri\u00e7\u00e3o e mal\u00e1ria.<\/p>\n<\/div>\n<\/div>\n<div id=\"chunk-sevp\">\n<div class=\"mc-column content-text active-extra-styles \" data-block-type=\"unstyled\" data-block-weight=\"69\" data-block-id=\"5\">\n<p class=\"content-text__container \" data-track-category=\"Link no Texto\" data-track-links=\"\">&#8220;Os recursos do Fundo Amaz\u00f4nia ser\u00e3o deslocados para a\u00e7\u00f5es emergenciais. Essas a\u00e7\u00f5es est\u00e3o sendo tratadas em v\u00e1rios n\u00edveis, que envolvem: a quest\u00e3o da sa\u00fade; o tratamento ao problema da grave situa\u00e7\u00e3o de fome, que est\u00e1 assolando as comunidades; a parte de seguran\u00e7a, para que essas pessoas possam ficar em suas comunidades, e isso tem a ver com opera\u00e7\u00f5es de desintrus\u00e3o do garimpo criminoso dentro dessas comunidades&#8221;, declarou a ministra.<\/p>\n<\/div>\n<\/div>\n<div id=\"chunk-antsc\">\n<div class=\"content-ads content-ads--reveal\" data-block-type=\"ads\" data-block-id=\"6\">\n<div id=\"banner_materia2\" class=\"tag-manager-publicidade-container mc-has-reveal mc-has-ad-lazyload tag-manager-publicidade-banner_materia2 tag-manager-publicidade-container--carregado tag-manager-publicidade-container--visivel\" data-id=\"banner_materia2\" data-google-query-id=\"CNGc0aXM7_wCFSGClQIdE74PyA\">\n<div id=\"google_ads_iframe_\/95377733\/tvg_G1\/Politica_3__container__\">Marina Silva deu a declara\u00e7\u00e3o em uma entrevista coletiva em Bras\u00edlia, ap\u00f3s ter se reunido com a ministra da Coopera\u00e7\u00e3o da Alemanha, Svenja Schulze.<\/div>\n<\/div>\n<\/div>\n<\/div>\n<div id=\"chunk-6j11t\">\n<div class=\"bs-video-block mc-column  content-media content-video\" data-block-type=\"backstage-video\" data-block-id=\"8\">\n<div class=\"content-media__container\">\n<div class=\"content-video__bigger-player-description-fixer\">\n<article class=\"content-video\">\n<section class=\"content-video__video-container\">\n<div class=\"content-video__video\">\n<div class=\"content-video__placeholder\" data-video-id=\"11322087\" data-video-has-viewport-play=\"True\"><img class=\"content-video__placeholder__thumb\" title=\"Fome, desnutri\u00e7\u00e3o, mal\u00e1ria, e contamina\u00e7\u00e3o por merc\u00fario: a trag\u00e9dia Yanomami em Roraima\" src=\"https:\/\/s04.video.glbimg.com\/x240\/11322087.jpg\" alt=\"Fome, desnutri\u00e7\u00e3o, mal\u00e1ria, e contamina\u00e7\u00e3o por merc\u00fario: a trag\u00e9dia Yanomami em Roraima\" \/><\/div>\n<\/div>\n<\/section>\n<\/article>\n<\/div>\n<\/div>\n<\/div>\n<\/div>\n<div class=\"mc-column content-text active-extra-styles\" data-block-type=\"raw\" data-block-weight=\"2\" data-block-id=\"9\">\n<div class=\"content-intertitle\">\n<h2>Fundo Amaz\u00f4nia<\/h2>\n<\/div>\n<p><a href=\"https:\/\/g1.globo.com\/meio-ambiente\/noticia\/2023\/01\/03\/apos-lula-reativar-fundo-amazonia-noruega-diz-que-r-3-bilhoes-ja-podem-ser-investidos.ghtml\">Criado em 2008, o Fundo Amaz\u00f4nia\u00a0<\/a>\u00e9 destinado a financiar a\u00e7\u00f5es de redu\u00e7\u00e3o de emiss\u00f5es provenientes da degrada\u00e7\u00e3o florestal e do desmatamento. \u00c9 considerada uma inciativa pioneira na \u00e1rea.<\/p>\n<\/div>\n<div id=\"chunk-os6\">\n<div class=\"mc-column content-text active-extra-styles \" data-block-type=\"unstyled\" data-block-weight=\"29\" data-block-id=\"11\">\n<p class=\"content-text__container \" data-track-category=\"Link no Texto\" data-track-links=\"\">Al\u00e9m de apoiar comunidades tradicionais e ONGs que atuam na regi\u00e3o amaz\u00f4nica, o fundo fornece recursos para estados e munic\u00edpios para a\u00e7\u00f5es de combate ao desmatamento e a inc\u00eandios.<\/p>\n<\/div>\n<\/div>\n<div id=\"chunk-2mh3g\">\n<div class=\"mc-column content-text active-extra-styles \" data-block-type=\"unstyled\" data-block-weight=\"23\" data-block-id=\"12\">\n<p class=\"content-text__container \" data-track-category=\"Link no Texto\" data-track-links=\"\">O fundo \u00e9 abastecido com recursos de doa\u00e7\u00f5es internacionais. Os governos de Alemanha e Noruega respondem, juntos, por mais de 99% dos dep\u00f3sitos.<\/p>\n<\/div>\n<\/div>\n<div id=\"chunk-fhmmj\">\n<div class=\"mc-column content-text active-extra-styles \" data-block-type=\"unstyled\" data-block-weight=\"39\" data-block-id=\"14\">\n<p class=\"content-text__container \" data-track-category=\"Link no Texto\" data-track-links=\"\">Em dez anos (2009 a 2018), o fundo aplicou mais de R$ 1 bilh\u00e3o em 103 projetos de \u00f3rg\u00e3os p\u00fablicos e organiza\u00e7\u00f5es n\u00e3o-governamentais. O Banco Nacional de Desenvolvimento Econ\u00f4mico e Social (BNDES) administra os recursos e aprova os projetos.<\/p>\n<\/div>\n<\/div>\n<div id=\"chunk-4etvp\">\n<div class=\"mc-column content-text active-extra-styles \" data-block-type=\"unstyled\" data-block-weight=\"53\" data-block-id=\"15\">\n<p class=\"content-text__container \" data-track-category=\"Link no Texto\" data-track-links=\"\">Em 2019, primeiro ano do governo Jair Bolsonaro,\u00a0<a href=\"https:\/\/g1.globo.com\/politica\/noticia\/2020\/10\/23\/governo-nao-recriou-conselho-do-fundo-amazonia-porque-doadores-rejeitaram-novas-regras-diz-salles.ghtml\">as a\u00e7\u00f5es do fundo foram paralisadas<\/a>. Na ocasi\u00e3o, o governo suspendeu comit\u00eas, entre eles o Comit\u00ea Orientador do Fundo Amaz\u00f4nia (COFA), que tem como atribui\u00e7\u00e3o estabelecer as diretrizes e crit\u00e9rios para aplica\u00e7\u00e3o dos recursos do fundo. Isso\u00a0<a href=\"https:\/\/g1.globo.com\/natureza\/noticia\/2019\/08\/12\/estagnado-fundo-amazonia-nao-aprovou-nenhum-projeto-em-2019.ghtml\">levou Noruega e Alemanha a suspenderem os repasses<\/a>.<\/p>\n<\/div>\n<\/div>\n<div id=\"chunk-dd2lk\">\n<div class=\"mc-column content-text active-extra-styles \" data-block-type=\"unstyled\" data-block-weight=\"35\" data-block-id=\"16\">\n<p class=\"content-text__container \" data-track-category=\"Link no Texto\" data-track-links=\"\">Em 1\u00ba de janeiro, dia em que tomou posse como novo presidente da Rep\u00fablica, Luiz In\u00e1cio Lula da Silva assinou uma s\u00e9rie de medidas, entre elas um decreto em que determinou a retomada do fundo.<\/p>\n<\/div>\n<\/div>\n<div id=\"chunk-40aq7\">\n<div class=\"mc-column content-text active-extra-styles \" data-block-type=\"unstyled\" data-block-weight=\"31\" data-block-id=\"17\">\n<p class=\"content-text__container \" data-track-category=\"Link no Texto\" data-track-links=\"\">Ap\u00f3s a edi\u00e7\u00e3o do decreto, entidades ambientais disseram ter boa expectativa com a retomada do fundo, afirmando ser poss\u00edvel garantir a preserva\u00e7\u00e3o ambiental da regi\u00e3o e a buscar o desenvolvimento sustent\u00e1vel.<\/p>\n<\/div>\n<\/div>\n<div id=\"chunk-anouf\">\n<div class=\"mc-column content-text active-extra-styles \" data-block-type=\"unstyled\" data-block-weight=\"35\" data-block-id=\"18\">\n<p class=\"content-text__container \" data-track-category=\"Link no Texto\" data-track-links=\"\">Tamb\u00e9m ap\u00f3s o decreto,\u00a0<a href=\"https:\/\/g1.globo.com\/meio-ambiente\/noticia\/2023\/01\/03\/apos-lula-reativar-fundo-amazonia-noruega-diz-que-r-3-bilhoes-ja-podem-ser-investidos.ghtml\">a Noruega informou que o Brasil j\u00e1 poderia gastar cerca de R$ 3 bilh\u00f5es\u00a0<\/a>doados pelo pa\u00eds ao Fundo Amaz\u00f4nia. E a Alemanha anunciou a destina\u00e7\u00e3o de 35 milh\u00f5es de euros.<\/p>\n<\/div>\n<\/div>\n<\/div>\n<\/article>\n<\/div>\n","protected":false},"excerpt":{"rendered":"<p>Popula\u00e7\u00e3o ind\u00edgena sofre com uma grave crise de sa\u00fade, com registros de mortes de adultos e crian\u00e7as provocados por doen\u00e7as como desnutri\u00e7\u00e3o e mal\u00e1ria. A ministra do Meio Ambiente, Marina Silva, ao lado da ministra da Coopera\u00e7\u00e3o da Alemanha, Svenja Schulze. \u2014 Foto: Filipe Matoso \/ g1 A ministra do Meio Ambiente,\u00a0Marina Silva, afirmou nesta [&hellip;]<\/p>\n","protected":false},"author":2,"featured_media":0,"comment_status":"open","ping_status":"open","sticky":false,"template":"","format":"standard","meta":{"_links_to":"","_links_to_target":""},"categories":[7,9,8,1],"tags":[],"_links":{"self":[{"href":"https:\/\/www.ilheusnoticias.net.br\/v1\/wp-json\/wp\/v2\/posts\/30818"}],"collection":[{"href":"https:\/\/www.ilheusnoticias.net.br\/v1\/wp-json\/wp\/v2\/posts"}],"about":[{"href":"https:\/\/www.ilheusnoticias.net.br\/v1\/wp-json\/wp\/v2\/types\/post"}],"author":[{"embeddable":true,"href":"https:\/\/www.ilheusnoticias.net.br\/v1\/wp-json\/wp\/v2\/users\/2"}],"replies":[{"embeddable":true,"href":"https:\/\/www.ilheusnoticias.net.br\/v1\/wp-json\/wp\/v2\/comments?post=30818"}],"version-history":[{"count":1,"href":"https:\/\/www.ilheusnoticias.net.br\/v1\/wp-json\/wp\/v2\/posts\/30818\/revisions"}],"predecessor-version":[{"id":30819,"href":"https:\/\/www.ilheusnoticias.net.br\/v1\/wp-json\/wp\/v2\/posts\/30818\/revisions\/30819"}],"wp:attachment":[{"href":"https:\/\/www.ilheusnoticias.net.br\/v1\/wp-json\/wp\/v2\/media?parent=30818"}],"wp:term":[{"taxonomy":"category","embeddable":true,"href":"https:\/\/www.ilheusnoticias.net.br\/v1\/wp-json\/wp\/v2\/categories?post=30818"},{"taxonomy":"post_tag","embeddable":true,"href":"https:\/\/www.ilheusnoticias.net.br\/v1\/wp-json\/wp\/v2\/tags?post=30818"}],"curies":[{"name":"wp","href":"https:\/\/api.w.org\/{rel}","templated":true}]}}